{"id":24369,"date":"2012-06-30T07:11:02","date_gmt":"2012-06-30T07:11:02","guid":{"rendered":"https:\/\/archiviogioia.lavocedelpaese.info\/?p=24369"},"modified":"2012-06-30T07:11:02","modified_gmt":"2012-06-30T07:11:02","slug":"nicola-sasanelli-spettacolare-e-artistico-saggio-fotovideo","status":"publish","type":"post","link":"https:\/\/archiviogioia.lavocedelpaese.info\/?p=24369","title":{"rendered":"NICOLA SASANELLI, SPETTACOLARE E ARTISTICO SAGGIO-foto\/video"},"content":{"rendered":"<p><img loading=\"lazy\" decoding=\"async\" class=\" size-full wp-image-24362\" style=\"margin-right: 2px; margin-left: 2px;\" alt=\"saggio-sasanelli-pp\" src=\"https:\/\/archiviogioia.lavocedelpaese.info\/wp-content\/uploads\/2012\/06\/saggio-sasanelli-pp.png\" height=\"150\" width=\"320\" srcset=\"https:\/\/archiviogioia.lavocedelpaese.info\/wp-content\/uploads\/2012\/06\/saggio-sasanelli-pp.png 640w, https:\/\/archiviogioia.lavocedelpaese.info\/wp-content\/uploads\/2012\/06\/saggio-sasanelli-pp-300x141.png 300w\" sizes=\"auto, (max-width: 320px) 100vw, 320px\" \/><\/p>\n<p><!--more--><\/p>\n<p style=\"margin-bottom: 0.0001pt; text-align: justify; line-height: normal;\"><img loading=\"lazy\" decoding=\"async\" class=\" alignleft size-full wp-image-24363\" style=\"margin: 4px; float: left;\" alt=\"saggio sasanelli presentazione\" src=\"https:\/\/archiviogioia.lavocedelpaese.info\/wp-content\/uploads\/2012\/06\/saggio_sasanelli_presentazione.JPG\" height=\"201\" width=\"300\" srcset=\"https:\/\/archiviogioia.lavocedelpaese.info\/wp-content\/uploads\/2012\/06\/saggio_sasanelli_presentazione.JPG 720w, https:\/\/archiviogioia.lavocedelpaese.info\/wp-content\/uploads\/2012\/06\/saggio_sasanelli_presentazione-300x201.jpg 300w\" sizes=\"auto, (max-width: 300px) 100vw, 300px\" \/><\/p>\n<p style=\"margin-bottom: 0.0001pt; text-align: justify; line-height: normal;\">Non saggio ma puro spettacolo, quello portato in scena dall\u2019<b>Accademia Danza all\u2019Opera <\/b>di <b>Nicola Sasanelli<\/b> nel <b>Teatro Santa Lucia il 23 e 24 giugno<\/b>.<\/p>\n<p style=\"margin-bottom: 0.0001pt; text-align: justify; line-height: normal;\">Un appuntamento nel quale confrontarsi su quanto realizzato nel corso dell\u2019intero anno, atteso con trepidazione e gioia da adulti, adolescenti e piccini.<\/p>\n<p style=\"margin-bottom: 0.0001pt; text-align: justify; line-height: normal;\">Sul palco si \u00e8 tutti in gioco, <b>il battito del cuore ed il respiro si sincronizzano<\/b>, i muscoli si tendono, si indossa il sorriso, si ammicca mentre con la coda dell\u2019occhio si tien d\u2019occhio il compagno o la compagna con cui si \u00e8 provato mille e mille volte quel passo. <b>La musica fluidifica corpo e mente, lo spettacolo ha inizio<\/b><\/p>\n<p style=\"margin-bottom: 0.0001pt; text-align: justify; line-height: normal;\">Nessun tema cui affidare trama e ordito, solo <b>DANZA<\/b> \u201c\u2026 unica, <b><img loading=\"lazy\" decoding=\"async\" class=\" alignright size-full wp-image-24364\" style=\"margin: 4px; float: right;\" alt=\"saggio sasanelli3\" src=\"https:\/\/archiviogioia.lavocedelpaese.info\/wp-content\/uploads\/2012\/06\/saggio_sasanelli3.JPG\" height=\"225\" width=\"300\" srcset=\"https:\/\/archiviogioia.lavocedelpaese.info\/wp-content\/uploads\/2012\/06\/saggio_sasanelli3.JPG 640w, https:\/\/archiviogioia.lavocedelpaese.info\/wp-content\/uploads\/2012\/06\/saggio_sasanelli3-300x225.jpg 300w\" sizes=\"auto, (max-width: 300px) 100vw, 300px\" \/><\/b>vera protagonista &#8211; per <b>Nicola Sasanelli<\/b> \u2013 in grado di impegnare corpo, mente e spirito\u201d.<\/p>\n<p style=\"margin-bottom: 0.0001pt; text-align: justify; line-height: normal;\"><strong>La sua storia, la sua evoluzione, i suoi diversi stili<\/strong> sono rappresentati dai costumi di scena colorati in volo sulle grucce, insieme a scarpine da ballo, da ginnastica e piume di struzzo.<\/p>\n<p style=\"margin-bottom: 0.0001pt; text-align: justify; line-height: normal;\"><b>Nella danza classica<\/b>, \u201cmadre di tutte le discipline, accademica, elegante, virtuosa\u2026\u201d <b>il movimento diventa poesia,<\/b> vibra e palpita al pari dei tut\u00f9 neri delle ballerine sulle punte. Ed in punta di piedi duettano anche le coloratissime piccine\u2026 <b>un tocco di classe senza et\u00e0<\/b>!<\/p>\n<p style=\"margin-bottom: 0.0001pt; text-align: justify; line-height: normal;\">Le ultime note si spengono e <b>mentre le ballerine si avviano saltellando verso le quinte<\/b>, <b>la danza moderna<\/b>, anch\u2019essa colorata di cromie e gestualit\u00e0 anni \u201970 e \u201880, <b>invade la scena<\/b><\/p>\n<p style=\"margin-bottom: 0.0001pt; text-align: justify; line-height: normal;\"><b>Ribelli, romantiche, a tratti provocanti e provocatorie<\/b> le ballerine <b>non solo danzano ma recitano<\/b> con estrema espressivit\u00e0. <b>Tra di loro anche alcuni maschietti<\/b> &#8211; pochi a onor del vero &#8211; <b>coccolati e vezzeggia<\/b><b><img loading=\"lazy\" decoding=\"async\" class=\" alignleft size-full wp-image-24365\" style=\"margin: 4px; float: left;\" alt=\"saggio sasanelli linsalata\" src=\"https:\/\/archiviogioia.lavocedelpaese.info\/wp-content\/uploads\/2012\/06\/saggio_sasanelli_linsalata.JPG\" height=\"225\" width=\"300\" srcset=\"https:\/\/archiviogioia.lavocedelpaese.info\/wp-content\/uploads\/2012\/06\/saggio_sasanelli_linsalata.JPG 640w, https:\/\/archiviogioia.lavocedelpaese.info\/wp-content\/uploads\/2012\/06\/saggio_sasanelli_linsalata-300x225.jpg 300w\" sizes=\"auto, (max-width: 300px) 100vw, 300px\" \/><\/b><b>ti in quanto preziosa \u201cminoranza\u201d<\/b>, perfettamente e disciplinatamente nella parte e a proprio agio.<\/p>\n<p style=\"margin-bottom: 0.0001pt; text-align: justify; line-height: normal;\"><b>La danza contemporanea<\/b> \u201cfluida, dinamica, essenziale\u2026\u201d, <b>seduce con movenze sinuose<\/b>. <b>Domenico Linsalata<\/b>, star dell\u2019Accademia e della TV, <b>maestro e al contempo discepolo, non ha mai smesso di studiare<\/b> ed \u00e8 amatissimo dai suoi alunni.<\/p>\n<p style=\"margin-bottom: 0.0001pt; text-align: justify; line-height: normal;\">Da ultimo \u201cla pi\u00f9 giovane delle discipline, <b>l\u2019HIP HOP, grintosa, energica, brillante<\/b>\u201d scatena applausi e allegria.<\/p>\n<p style=\"margin-bottom: 0.0001pt; text-align: justify; line-height: normal;\"><b>Stupisce l\u2019affetto tra docenti e discenti<\/b>: baci, abbracci, scherzosi commenti anche su facebook, ma <b>nel momento dell\u2019impegno rigore assoluto e disciplina non vengono mai meno<\/b>. Lo sguardo dei maestri brilla di orgoglio, quello dei ballerini n<img loading=\"lazy\" decoding=\"async\" class=\" alignright size-full wp-image-24366\" style=\"margin: 4px; float: right;\" alt=\"saggio deborah paradiso 6\" src=\"https:\/\/archiviogioia.lavocedelpaese.info\/wp-content\/uploads\/2012\/06\/saggio_deborah_paradiso_6.JPG\" height=\"164\" width=\"350\" srcset=\"https:\/\/archiviogioia.lavocedelpaese.info\/wp-content\/uploads\/2012\/06\/saggio_deborah_paradiso_6.JPG 800w, https:\/\/archiviogioia.lavocedelpaese.info\/wp-content\/uploads\/2012\/06\/saggio_deborah_paradiso_6-300x141.jpg 300w, https:\/\/archiviogioia.lavocedelpaese.info\/wp-content\/uploads\/2012\/06\/saggio_deborah_paradiso_6-768x361.jpg 768w\" sizes=\"auto, (max-width: 350px) 100vw, 350px\" \/>e intercetta lo sfavillio e \u201cscoccano\u201d scintille di amore che incendiano il palco ed il pubblico.<\/p>\n<p style=\"margin-bottom: 0.0001pt; text-align: justify; line-height: normal;\">Ottime le coreografie dei maestri <b>Domenico Linsalata<\/b><b>, Arianna Nicastri e Marilena Recchia<\/b>, talvolta in assolo o con i pi\u00f9 bravi del corso.<\/p>\n<p>Una nota a margine ed un plauso a tutti i maestri: <b>coordinare un cos\u00ec ampio numero di alunni<\/b> di et\u00e0 altrettanto varia (la pi\u00f9 piccina ha poco pi\u00f9 di un anno) <b>in entrate e uscite ordinatissime, magari a \u201cpasso di danza\u201d della esibizione successiva<\/b>, non \u00e8 certo facile, cos\u00ec come esser puntuali, <b>rispettare i tempi scanditi con cronometrica precisione<\/b>, senza pause, senza respiro.<\/p>\n<p style=\"margin-bottom: 0.0001pt; text-align: justify; line-height: normal;\"><img loading=\"lazy\" decoding=\"async\" class=\" alignleft size-full wp-image-24367\" style=\"margin: 4px; float: left;\" alt=\"saggio genitori\" src=\"https:\/\/archiviogioia.lavocedelpaese.info\/wp-content\/uploads\/2012\/06\/saggio_genitori.JPG\" height=\"225\" width=\"300\" srcset=\"https:\/\/archiviogioia.lavocedelpaese.info\/wp-content\/uploads\/2012\/06\/saggio_genitori.JPG 640w, https:\/\/archiviogioia.lavocedelpaese.info\/wp-content\/uploads\/2012\/06\/saggio_genitori-300x225.jpg 300w\" sizes=\"auto, (max-width: 300px) 100vw, 300px\" \/><\/p>\n<p style=\"margin-bottom: 0.0001pt; text-align: justify; line-height: normal;\">E che dire dell\u2019<b>esodo finale<\/b>, con <b>piccini tenuti in fila e per mano fino alla consegna ai genitori?<\/b> Ed ancora emozione, e tanta, nel salutarsi, nel darsi appuntamento al prossimo \u201canno accademico\u201d, mentre goccioline di sudore continuano a velare la pelle e scorrono tra le ciocche inumidite.<\/p>\n<p style=\"margin-bottom: 0.0001pt; text-align: justify; line-height: normal;\">Prossimo traguardo gli esami (perch\u00e9 si studia sul serio e tanto), gi\u00e0 proiettati verso il futuro.<\/p>\n<p style=\"margin-bottom: 0.0001pt; text-align: justify; line-height: normal;\">Per <b>Nicola Sasanelli<\/b> e i suoi \u201ddelfini\u201d, ambiti traguardi televisivi, borse di studio di pregio e <b>nel futuro prossimo una danza da \u201cspiccare il volo\u201d<\/b><\/p>\n<p style=\"margin-bottom: 0.0001pt; text-align: justify; line-height: normal;\"><strong>Racchiuso nell\u2019esortazione di Marilena Recchia rivolta ad alunni e genitori<\/strong>, un corale e condiviso vissuto: \u201cAvete aperto le porte del cuore e ci avete regalato emozioni! Non accontentatevi mai, siate sempre pronti a crescere tecnicamente e <strong>seguite i vostri sogni, solo cos\u00ec potrete essere davvero soddisfatti<\/strong> <strong>di ci\u00f2 che ora siete e di quello che diventerete!<\/strong> Un grazie di cuore va a tutti i genitori dei nostri allievi che hanno supportato il nostro lavoro durante tutto l&#8217;anno e hanno creduto in noi! <strong>Un grazie<\/strong> particolar<img loading=\"lazy\" decoding=\"async\" class=\" alignright size-full wp-image-24368\" style=\"margin: 4px; float: right;\" alt=\"primo piano saggio sasanelli\" src=\"https:\/\/archiviogioia.lavocedelpaese.info\/wp-content\/uploads\/2012\/06\/primo_piano_saggio_sasanelli.jpg\" height=\"233\" width=\"350\" srcset=\"https:\/\/archiviogioia.lavocedelpaese.info\/wp-content\/uploads\/2012\/06\/primo_piano_saggio_sasanelli.jpg 720w, https:\/\/archiviogioia.lavocedelpaese.info\/wp-content\/uploads\/2012\/06\/primo_piano_saggio_sasanelli-300x200.jpg 300w\" sizes=\"auto, (max-width: 350px) 100vw, 350px\" \/>e va al nostro direttore, <strong>Nicola Sasanelli<\/strong> che ogni giorno d\u00e0 a tutti noi la possibilit\u00e0 di realizzare i nostri sogni e che crede sempre nel suo team di lavoro e nei suoi allievi, ai maestri <strong>Domenico Linsalata e Arianna Nicastri<\/strong> che con la loro &#8220;follia&#8221; hanno reso piacevole ogni attimo trascorso nell&#8217;Accademia Danza all&#8217;Opera! Orgogliosa di far parte di questa grande famiglia, ringrazio ancora tutti&#8230;\u201d. <span style=\"display: none;\">Inizio modulo<\/span><\/p>\n<p style=\"margin-bottom: 0.0001pt; text-align: justify; line-height: normal;\"><strong>Cala il sipario tra fiori e saluti<\/strong>, nell\u2019aria vibra ancora la cinetica magia della danza, cattura gli ultimi applausi, gli ultimi sorrisi.<\/p>\n<p style=\"margin-bottom: 0.0001pt; text-align: justify; line-height: normal;\"><strong>L\u2019adrenalina scivola a picco, la stanchezza pervade tutto, anche la mente<\/strong>, mentre i muscoli ancor frementi, resistono alla sua lusinga.<\/p>\n<p style=\"margin-bottom: 0.0001pt; text-align: justify; line-height: normal;\"><strong>Danza, movimento, vita\u2026 questo il mantra recitato dal corpo dei maestri per evocare Tersicore, musa di questa sacra Arte<\/strong>. Nel groviglio del tempo, dalla pi\u00f9 ancestrale e suggestiva movenza tribale al pi\u00f9 scatenato dei ritmi, <strong>la danza districa le sue ali e libera l\u2019anima.<\/strong><\/p>\n<p><object width=\"640\" height=\"360\" data=\"http:\/\/www.youtube.com\/v\/Qyl_InYF8Dg?version=3&amp;hl=it_IT\" type=\"application\/x-shockwave-flash\"><param name=\"movie\" value=\"http:\/\/www.youtube.com\/v\/Qyl_InYF8Dg?version=3&amp;hl=it_IT\" \/><param name=\"allowFullScreen\" value=\"true\" \/><param name=\"allowscriptaccess\" value=\"always\" \/><\/object><\/p>\n<p><object type=\"application\/x-shockwave-flash\" width=\"660\" height=\"660\" flashvars=\"host=picasaweb.google.com&amp;hl=it&amp;feat=flashalbum&amp;RGB=0x000000&amp;feed=https:\/\/picasaweb.google.com\/data\/feed\/api\/user\/104626251937098962566\/albumid\/5759727809110789089?alt=rss&amp;kind=photo&amp;authkey=Gv1sRgCPLP5-Dyoe3zEA&amp;hl=it\" pluginspage=\"http:\/\/www.macromedia.com\/go\/getflashplayer\" data=\"https:\/\/picasaweb.google.com\/s\/c\/bin\/slideshow.swf\"><param name=\"movie\" value=\"https:\/\/picasaweb.google.com\/s\/c\/bin\/slideshow.swf\" \/><\/object><\/p>\n","protected":false},"excerpt":{"rendered":"","protected":false},"author":1,"featured_media":24362,"comment_status":"open","ping_status":"closed","sticky":false,"template":"","format":"standard","meta":{"colormag_page_container_layout":"default_layout","colormag_page_sidebar_layout":"default_layout","footnotes":""},"categories":[7],"tags":[],"class_list":["post-24369","post","type-post","status-publish","format-standard","has-post-thumbnail","hentry","category-attualita"],"_links":{"self":[{"href":"https:\/\/archiviogioia.lavocedelpaese.info\/index.php?rest_route=\/wp\/v2\/posts\/24369","targetHints":{"allow":["GET"]}}],"collection":[{"href":"https:\/\/archiviogioia.lavocedelpaese.info\/index.php?rest_route=\/wp\/v2\/posts"}],"about":[{"href":"https:\/\/archiviogioia.lavocedelpaese.info\/index.php?rest_route=\/wp\/v2\/types\/post"}],"author":[{"embeddable":true,"href":"https:\/\/archiviogioia.lavocedelpaese.info\/index.php?rest_route=\/wp\/v2\/users\/1"}],"replies":[{"embeddable":true,"href":"https:\/\/archiviogioia.lavocedelpaese.info\/index.php?rest_route=%2Fwp%2Fv2%2Fcomments&post=24369"}],"version-history":[{"count":0,"href":"https:\/\/archiviogioia.lavocedelpaese.info\/index.php?rest_route=\/wp\/v2\/posts\/24369\/revisions"}],"wp:featuredmedia":[{"embeddable":true,"href":"https:\/\/archiviogioia.lavocedelpaese.info\/index.php?rest_route=\/wp\/v2\/media\/24362"}],"wp:attachment":[{"href":"https:\/\/archiviogioia.lavocedelpaese.info\/index.php?rest_route=%2Fwp%2Fv2%2Fmedia&parent=24369"}],"wp:term":[{"taxonomy":"category","embeddable":true,"href":"https:\/\/archiviogioia.lavocedelpaese.info\/index.php?rest_route=%2Fwp%2Fv2%2Fcategories&post=24369"},{"taxonomy":"post_tag","embeddable":true,"href":"https:\/\/archiviogioia.lavocedelpaese.info\/index.php?rest_route=%2Fwp%2Fv2%2Ftags&post=24369"}],"curies":[{"name":"wp","href":"https:\/\/api.w.org\/{rel}","templated":true}]}}