{"id":24507,"date":"2012-07-04T04:45:28","date_gmt":"2012-07-04T04:45:28","guid":{"rendered":"https:\/\/archiviogioia.lavocedelpaese.info\/?p=24507"},"modified":"2012-07-04T04:45:28","modified_gmt":"2012-07-04T04:45:28","slug":"presentato-alla-citta-il-bando-principi-attivi-2012","status":"publish","type":"post","link":"https:\/\/archiviogioia.lavocedelpaese.info\/?p=24507","title":{"rendered":"PRESENTATO ALLA CITT\u00c1 IL BANDO \u201cPRINCIPI ATTIVI 2012\u201d"},"content":{"rendered":"<p><img loading=\"lazy\" decoding=\"async\" class=\" size-full wp-image-24155\" style=\"margin-right: 2px; margin-left: 2px;\" height=\"150\" alt=\"principi-attivi-bando-pp\" src=\"https:\/\/archiviogioia.lavocedelpaese.info\/wp-content\/uploads\/2012\/06\/principi-attivi-bando-pp.png\" width=\"320\" srcset=\"https:\/\/archiviogioia.lavocedelpaese.info\/wp-content\/uploads\/2012\/06\/principi-attivi-bando-pp.png 640w, https:\/\/archiviogioia.lavocedelpaese.info\/wp-content\/uploads\/2012\/06\/principi-attivi-bando-pp-300x141.png 300w\" sizes=\"auto, (max-width: 320px) 100vw, 320px\" \/><\/p>\n<p><!--more--><\/p>\n<p><strong>Riceviamo e pubblichiamo<\/strong>.<\/p>\n<p style=\"text-align: center;\">&#8212;&#8212;&#8212;&#8212;&#8212;&#8212;&#8212;&#8212;&#8212;&#8212;&#8212;&#8212;&#8212;&#8212;&#8212;&#8212;&#8212;&#8212;&#8212;-<\/p>\n<p style=\"text-align: justify;\">&nbsp;<\/p>\n<p style=\"text-align: justify;\"><img loading=\"lazy\" decoding=\"async\" class=\" alignright size-full wp-image-24504\" style=\"margin: 4px; float: right;\" height=\"195\" alt=\"masi lenin\" src=\"https:\/\/archiviogioia.lavocedelpaese.info\/wp-content\/uploads\/2012\/07\/masi_lenin.jpg\" width=\"200\" \/>\u201c<b>Alla presenza dell&#8217;Assessore Giuseppe Lenin Masi<\/b>, che ha dato l&#8217;avvio con il saluto istituzionale, di <b>Giovanna Magistro<\/b> (Ricercatrice del centro Meters-Studi e ricerche) e di <b>Marco Costantino<\/b> (staff Bollenti Spiriti &#8211; Regione Puglia), si \u00e8 svolto l&#8217;incontro di <b>presentazione<\/b> del <b>Bando<\/b>&nbsp;<b>Principi&nbsp;Attivi 2012<\/b>.<\/p>\n<p style=\"text-align: justify;\"><b>Un buon riscontro di giovani<\/b> &#8211; e anche di genitori che accompagnavano i propri figli &#8211; presso il Chiostro del Comune, e <b>la presenza di alcune&nbsp;associazioni<\/b> di Gioia che sono&nbsp;nate proprio con il bando in presentazione (es. l&#8217;Associazione&nbsp;Ombre), hanno reso possibile anche un <b>momento di confronto<\/b> a conclusione dell&#8217;incontro e il racconto di buone esperienze.&nbsp;<\/p>\n<p style=\"text-align: justify;\">L&#8217;Assessore Masi ha ringraziato i presenti e quanti hanno reso possibile l&#8217;incontro, mentre Giovanna Magistro ha ricordato qualche numero sui successi delle scorse edizioni del <b>bando Principi Attivi, arrivato oggi alla terza <img loading=\"lazy\" decoding=\"async\" class=\" alignleft size-full wp-image-24505\" style=\"margin: 4px; float: left;\" height=\"167\" alt=\"giovanna-magistro\" src=\"https:\/\/archiviogioia.lavocedelpaese.info\/wp-content\/uploads\/2012\/07\/giovanna-magistro.jpg\" width=\"250\" srcset=\"https:\/\/archiviogioia.lavocedelpaese.info\/wp-content\/uploads\/2012\/07\/giovanna-magistro.jpg 472w, https:\/\/archiviogioia.lavocedelpaese.info\/wp-content\/uploads\/2012\/07\/giovanna-magistro-300x201.jpg 300w\" sizes=\"auto, (max-width: 250px) 100vw, 250px\" \/>edizione consecutiva<\/b>. 610 progetti finanziati, 20 nuove cooperative, 114 nuove imprese e 287 nuove associazioni nate grazie al bando regionale e alle idee vincenti dei giovani pugliesi che hanno dimostrato di avere idee per una Puglia migliore.<\/p>\n<p style=\"text-align: justify;\"><b>Marco Costantino ha presentato gli obiettivi del bando e le modalit\u00e0 per accedere al finanziamento<\/b>. Ha ricordato che bisogna formare gruppi di almeno 2 giovani fra i 18 e i 32 anni ed essere residenti in Puglia al momento della presentazione della domanda &#8211;&nbsp;quindi&nbsp;<b>anche immigrati residenti <\/b>e giovani che rientrano in Puglia per l&#8217;occasione; che bisogna poi formalizzare il gruppo con la costituzione di un soggetto giuridico (cooperativa, impresa,&nbsp;associazione, ecc.) e che \u00e8 necessario <b>un progetto di 12 mesi <img loading=\"lazy\" decoding=\"async\" class=\" alignright size-full wp-image-24157\" style=\"margin: 4px; float: right;\" height=\"150\" alt=\"principi attivi 2012\" src=\"https:\/\/archiviogioia.lavocedelpaese.info\/wp-content\/uploads\/2012\/06\/principi_attivi_2012.jpg\" width=\"300\" srcset=\"https:\/\/archiviogioia.lavocedelpaese.info\/wp-content\/uploads\/2012\/06\/principi_attivi_2012.jpg 600w, https:\/\/archiviogioia.lavocedelpaese.info\/wp-content\/uploads\/2012\/06\/principi_attivi_2012-300x150.jpg 300w\" sizes=\"auto, (max-width: 300px) 100vw, 300px\" \/>come durata complessiva.&nbsp;Dopodich\u00e9&nbsp;ci sia&nbsp;augura&nbsp;che le iniziative sopravvivano<\/b> al periodo di progetto, ma qui sta tutta la capacit\u00e0 imprenditoriale dei giovani che sperimentato la propria idea di impresa. <b>25.000,00 euro a fondo perduto messi a disposizione<\/b> dal bando regionale e <b>tre i settori<\/b> di intervento: <b>innovazione e tecnologie; valorizzazione&nbsp;del&nbsp;territorio; inclusione sociale e cittadinanza attiva<\/b>.<\/p>\n<p style=\"text-align: justify;\">Una ricerca dell&#8217;Universit\u00e0 di Bari dice che stando ai passati progetti ammessi a finanziamento <b>i giovani sono in grado di portare avanti le loro idee nel tempo<\/b>; e Giovanna Magistro ha ricordato che <b>quando fu realizzata la prima indagine sui giovani<\/b> pugliesi nel 2005,&nbsp;&#8220;<b>Cosa bolle in pentola?<\/b>&#8221; &#8211; alla quale collabor\u00f2 &nbsp;&#8211;&nbsp;e dalla quale prese via tutto il programma di Bollenti Spiriti, <b><img loading=\"lazy\" decoding=\"async\" class=\" alignleft size-full wp-image-19536\" style=\"margin: 4px; float: left;\" height=\"257\" alt=\"collettivo-culturale-mod\" src=\"https:\/\/archiviogioia.lavocedelpaese.info\/wp-content\/uploads\/2012\/02\/collettivo-culturale-mod.jpg\" width=\"145\" srcset=\"https:\/\/archiviogioia.lavocedelpaese.info\/wp-content\/uploads\/2012\/02\/collettivo-culturale-mod.jpg 509w, https:\/\/archiviogioia.lavocedelpaese.info\/wp-content\/uploads\/2012\/02\/collettivo-culturale-mod-170x300.jpg 170w\" sizes=\"auto, (max-width: 145px) 100vw, 145px\" \/>l&#8217;indagine evidenzi\u00f2 proprio la capacit\u00e0 dei giovani<\/b> talenti pugliesi <b>di distinguersi nel settore della creativit\u00e0 e dell&#8217;innovazione<\/b>.<\/p>\n<p style=\"text-align: justify;\">\u201cNon abbiate paura e presentate i vostri progetti, l&#8217;Amministrazione vi incoraggia e vi sostiene &#8220;, ha cos\u00ec&nbsp;esortato&nbsp;i giovani presenti l&#8217;Assessore Masi. Si \u00e8 anche aggiunto che <b>un gruppo di giovani<\/b> &#8211; e non solo &#8211; <b>del Partito Democratico e di alcuni movimenti associativi<\/b> che hanno aderito all&#8217;iniziativa (come il Collettivo Culturale) <b>si render\u00e0 disponibile per un supporto alle procedure<\/b> <b>burocratiche<\/b> per la presentazione corretta delle domande di finanziamento.<\/p>\n<p style=\"text-align: justify;\">&#8220;Quando abbiamo detto in&nbsp;campagna&nbsp;elettorale che \u00e8 possibile un&#8217;altra Amministrazione, quella vicina alla citt\u00e0 non lo abbiamo detto solo&nbsp;perch\u00e9&nbsp;eravamo in campagna elettorale&#8221;, ha chiosato Magistro.<\/p>\n<p style=\"text-align: justify;\">Infine, <b>si \u00e8 fatto cenno a un&#8217;altra opportunit\u00e0 per le imprese e&nbsp;associazioni&nbsp;gi\u00e0 costituite<\/b> e che vogliono investire in formazione&nbsp;attraverso&nbsp;l&#8217;avviso pubblico Bollenti Spiriti-Arti per <b>i &#8220;Laboratori dal basso&#8221;<\/b>.<\/p>\n<p style=\"text-align: justify;\">Rimandiamo tutto al <b>sito<\/b> <a href=\"http:\/\/www.bollentispiriti.regione.puglia.it\" target=\"_blank\" rel=\"noopener\"><span style=\"color: blue;\">www.bollentispiriti.regione.puglia.it<\/span><\/a>\u201d<\/p>\n<p>&nbsp;<\/p>\n<p>&nbsp;<\/p>\n","protected":false},"excerpt":{"rendered":"","protected":false},"author":1,"featured_media":24155,"comment_status":"open","ping_status":"closed","sticky":false,"template":"","format":"standard","meta":{"colormag_page_container_layout":"default_layout","colormag_page_sidebar_layout":"default_layout","footnotes":""},"categories":[4],"tags":[],"class_list":["post-24507","post","type-post","status-publish","format-standard","has-post-thumbnail","hentry","category-politica"],"_links":{"self":[{"href":"https:\/\/archiviogioia.lavocedelpaese.info\/index.php?rest_route=\/wp\/v2\/posts\/24507","targetHints":{"allow":["GET"]}}],"collection":[{"href":"https:\/\/archiviogioia.lavocedelpaese.info\/index.php?rest_route=\/wp\/v2\/posts"}],"about":[{"href":"https:\/\/archiviogioia.lavocedelpaese.info\/index.php?rest_route=\/wp\/v2\/types\/post"}],"author":[{"embeddable":true,"href":"https:\/\/archiviogioia.lavocedelpaese.info\/index.php?rest_route=\/wp\/v2\/users\/1"}],"replies":[{"embeddable":true,"href":"https:\/\/archiviogioia.lavocedelpaese.info\/index.php?rest_route=%2Fwp%2Fv2%2Fcomments&post=24507"}],"version-history":[{"count":0,"href":"https:\/\/archiviogioia.lavocedelpaese.info\/index.php?rest_route=\/wp\/v2\/posts\/24507\/revisions"}],"wp:featuredmedia":[{"embeddable":true,"href":"https:\/\/archiviogioia.lavocedelpaese.info\/index.php?rest_route=\/wp\/v2\/media\/24155"}],"wp:attachment":[{"href":"https:\/\/archiviogioia.lavocedelpaese.info\/index.php?rest_route=%2Fwp%2Fv2%2Fmedia&parent=24507"}],"wp:term":[{"taxonomy":"category","embeddable":true,"href":"https:\/\/archiviogioia.lavocedelpaese.info\/index.php?rest_route=%2Fwp%2Fv2%2Fcategories&post=24507"},{"taxonomy":"post_tag","embeddable":true,"href":"https:\/\/archiviogioia.lavocedelpaese.info\/index.php?rest_route=%2Fwp%2Fv2%2Ftags&post=24507"}],"curies":[{"name":"wp","href":"https:\/\/api.w.org\/{rel}","templated":true}]}}