{"id":248,"date":"2010-02-03T01:20:25","date_gmt":"2010-02-03T01:20:25","guid":{"rendered":"https:\/\/archiviogioia.lavocedelpaese.info\/?p=248"},"modified":"2010-02-03T01:20:25","modified_gmt":"2010-02-03T01:20:25","slug":"teatro-in-dialetto-gioese-da-tutto-esaurito","status":"publish","type":"post","link":"https:\/\/archiviogioia.lavocedelpaese.info\/?p=248","title":{"rendered":"TEATRO IN DIALETTO GIOESE DA TUTTO ESAURITO"},"content":{"rendered":"<p><img loading=\"lazy\" decoding=\"async\" class=\" size-full wp-image-247\" alt=\"parrocchia\" src=\"https:\/\/archiviogioia.lavocedelpaese.info\/wp-content\/uploads\/2010\/02\/parrocchia.jpg\" width=\"320\" height=\"150\" srcset=\"https:\/\/archiviogioia.lavocedelpaese.info\/wp-content\/uploads\/2010\/02\/parrocchia.jpg 640w, https:\/\/archiviogioia.lavocedelpaese.info\/wp-content\/uploads\/2010\/02\/parrocchia-300x141.jpg 300w\" sizes=\"auto, (max-width: 320px) 100vw, 320px\" \/> <\/p>\n<p><!--more--><\/p>\n<p style=\"text-align: justify;\"><strong>Domenica 7 febbraio, visto il successo, ci sar\u00e0 la replica presso <st1:personname productid=\"la Parrocchia Immacolata\" w:st=\"on\">la Parrocchia Immacolata<\/st1:personname> di Lourdes. Consiglio a tutti coloro che volessero trascorrere una serata in tanto divertimento di partecipare<\/strong>.<\/p>\n<div style=\"text-align: justify;\"><\/div>\n<p style=\"text-align: justify;\">\u201cLa vera miseria \u00e8 la falsa nobilt\u00e0\u201d; con questa frase, dal profondo significato, si \u00e8 conclusa domenica 31 gennaio <st1:personname productid=\"la Rappresentazione Teatrale\" w:st=\"on\">la Rappresentazione Teatrale<\/st1:personname> intitolata \u201cCi pezz\u00e8nde n\u00e0sce\u2026\u201d interpretata dal Gruppo Teatrale Parrocchia Immacolata di Lourdes.<\/p>\n<div style=\"text-align: justify;\"><\/div>\n<p style=\"text-align: justify;\">La storia, recitata interamente in dialetto locale, \u00e8 concentrata su due famiglie gioiesi, ridotte alla fame, a cui viene chiesto di \u201cinterpretare\u201d i parenti nobili di un giovane signore. Di qui colpi di scena, intrighi, litigi e \u2026.risate assicurate.<\/p>\n<div style=\"text-align: justify;\"><\/div>\n<p style=\"text-align: justify;\">Numerosa e varia \u00e8 stata la partecipazione gioiese: dagli anziani nostalgici del dialetto gioiese ai<br \/> giovani curiosi di ascoltare questa \u201clingua\u201d che \u00e8 sempre meno parlata ma che fa parte del patrimonio della nostra citt\u00e0.  Soltanto con questo genere di eventi \u00e8 possibile tenere vivo non solo il dialetto ma anche tante tradizioni legate alla storia di Gioia del Colle.<\/p>\n<p style=\"text-align: right;\">Adriana Gentile<\/p>\n<p><strong>\u201cCHIDE DE LA CHIESETTE\u201d, DILETTANTI SI, MA NON ALLO SBARAGLIO<\/strong><\/p>\n<p><strong> <\/strong><\/p>\n<p><strong> <\/strong><\/p>\n<p style=\"text-align: justify;\">Si \u00e8 conclusa anche quest\u2019anno, dopo un estenuante lavoro durato tutto il mese di gennaio, la rappresentazione teatrale del gruppo \u201c<em>Chide de la chiesette<\/em>\u201d con la commedia \u201c<em>Ci pezz\u00e8nde n\u00e0sce\u2026<\/em>\u201d, adattamento in dialetto gioiese del lavoro di De Filippo \u201cMiseria e nobilt\u00e0\u201d.<\/p>\n<div style=\"text-align: justify;\"><\/div>\n<p style=\"text-align: justify;\">Ogni anno come gi\u00e0 da ormai un decennio, sbalordisce la loro voglia di affinare sempre pi\u00f9 le tecniche di recitazione come le gi\u00e0 impeccabili scenografie, galvanizzati dal loro \u201caffezionatissimo\u201d pubblico sempre pronto ad accorrere numeroso alle loro serate.<\/p>\n<div style=\"text-align: justify;\"><\/div>\n<p style=\"text-align: justify;\">Il \u201cfenomeno\u201d <em>Chide de la chiesette<\/em>, gi\u00e0 da tempo si \u00e8 fatto conoscere oltre le mura di casa nostra, contagiando numerosi forestieri che giungono nella nostra cittadina entusiasti di vederli all\u2019opera, perch\u00e9 apprezzano, insieme ai nostri concittadini, la loro bravura, l\u2019impegno e le finalit\u00e0.<\/p>\n<div style=\"text-align: justify;\"><\/div>\n<p style=\"text-align: justify;\">Come si sa questo gruppo di dilettanti professionisti, \u00e8 impegnato ad aiutare con i proventi degli incassi, situazioni di disagio economico per le famiglie presenti nel nostro comune, e con iniziative a favore delle popolazioni Africane.<\/p>\n<div style=\"text-align: justify;\"><\/div>\n<p style=\"text-align: justify;\">A loro, quindi, e a don Franco, parroco della Chiesa Immacolata, va un sincero ringraziamento per la ventata di allegria che invade la nostra cittadina durante il periodo delle rappresentazioni teatrali, portando quella serenit\u00e0 di cui avremmo sempre pi\u00f9 bisogno.<\/p>\n<p style=\"text-align: right;\">Franco Minei<\/p>\n<p>Visita http:\/\/picasaweb.google.it\/redazionegioianet\/  2010\/teatro immacolata{\/gallery}<\/p>\n","protected":false},"excerpt":{"rendered":"","protected":false},"author":1,"featured_media":247,"comment_status":"open","ping_status":"closed","sticky":false,"template":"","format":"standard","meta":{"colormag_page_container_layout":"default_layout","colormag_page_sidebar_layout":"default_layout","footnotes":""},"categories":[7],"tags":[],"class_list":["post-248","post","type-post","status-publish","format-standard","has-post-thumbnail","hentry","category-attualita"],"_links":{"self":[{"href":"https:\/\/archiviogioia.lavocedelpaese.info\/index.php?rest_route=\/wp\/v2\/posts\/248","targetHints":{"allow":["GET"]}}],"collection":[{"href":"https:\/\/archiviogioia.lavocedelpaese.info\/index.php?rest_route=\/wp\/v2\/posts"}],"about":[{"href":"https:\/\/archiviogioia.lavocedelpaese.info\/index.php?rest_route=\/wp\/v2\/types\/post"}],"author":[{"embeddable":true,"href":"https:\/\/archiviogioia.lavocedelpaese.info\/index.php?rest_route=\/wp\/v2\/users\/1"}],"replies":[{"embeddable":true,"href":"https:\/\/archiviogioia.lavocedelpaese.info\/index.php?rest_route=%2Fwp%2Fv2%2Fcomments&post=248"}],"version-history":[{"count":0,"href":"https:\/\/archiviogioia.lavocedelpaese.info\/index.php?rest_route=\/wp\/v2\/posts\/248\/revisions"}],"wp:featuredmedia":[{"embeddable":true,"href":"https:\/\/archiviogioia.lavocedelpaese.info\/index.php?rest_route=\/wp\/v2\/media\/247"}],"wp:attachment":[{"href":"https:\/\/archiviogioia.lavocedelpaese.info\/index.php?rest_route=%2Fwp%2Fv2%2Fmedia&parent=248"}],"wp:term":[{"taxonomy":"category","embeddable":true,"href":"https:\/\/archiviogioia.lavocedelpaese.info\/index.php?rest_route=%2Fwp%2Fv2%2Fcategories&post=248"},{"taxonomy":"post_tag","embeddable":true,"href":"https:\/\/archiviogioia.lavocedelpaese.info\/index.php?rest_route=%2Fwp%2Fv2%2Ftags&post=248"}],"curies":[{"name":"wp","href":"https:\/\/api.w.org\/{rel}","templated":true}]}}