{"id":24823,"date":"2012-07-13T04:11:37","date_gmt":"2012-07-13T04:11:37","guid":{"rendered":"https:\/\/archiviogioia.lavocedelpaese.info\/?p=24823"},"modified":"2012-07-13T04:11:37","modified_gmt":"2012-07-13T04:11:37","slug":"interessanti-riflessioni-sul-tempo-condivise-da-pochi-2","status":"publish","type":"post","link":"https:\/\/archiviogioia.lavocedelpaese.info\/?p=24823","title":{"rendered":"INTERESSANTI RIFLESSIONI SUL \u201cTEMPO\u201d CONDIVISE DA POCHI"},"content":{"rendered":"<p><img loading=\"lazy\" decoding=\"async\" class=\" size-full wp-image-24818\" style=\"margin-right: 2px; margin-left: 2px;\" alt=\"banca-del-tempo-pp\" src=\"https:\/\/archiviogioia.lavocedelpaese.info\/wp-content\/uploads\/2012\/07\/banca-del-tempo-pp.jpg\" height=\"150\" width=\"320\" srcset=\"https:\/\/archiviogioia.lavocedelpaese.info\/wp-content\/uploads\/2012\/07\/banca-del-tempo-pp.jpg 640w, https:\/\/archiviogioia.lavocedelpaese.info\/wp-content\/uploads\/2012\/07\/banca-del-tempo-pp-300x141.jpg 300w\" sizes=\"auto, (max-width: 320px) 100vw, 320px\" \/><\/p>\n<p><!--more--><\/p>\n<p style=\"text-align: justify;\"><b><img loading=\"lazy\" decoding=\"async\" class=\" alignleft size-full wp-image-24819\" style=\"margin: 4px; float: left;\" alt=\"banca-del-tempo2\" src=\"https:\/\/archiviogioia.lavocedelpaese.info\/wp-content\/uploads\/2012\/07\/banca-del-tempo2.jpg\" height=\"241\" width=\"321\" srcset=\"https:\/\/archiviogioia.lavocedelpaese.info\/wp-content\/uploads\/2012\/07\/banca-del-tempo2.jpg 472w, https:\/\/archiviogioia.lavocedelpaese.info\/wp-content\/uploads\/2012\/07\/banca-del-tempo2-300x225.jpg 300w\" sizes=\"auto, (max-width: 321px) 100vw, 321px\" \/>Una riflessione sul \u201cTempo ai nostri giorni\u201d<\/b>, in particolar modo <b>sulla gestione dei tempi di vita e di lavoro<\/b> \u00e8 questo il tema centrale della Tavola Rotonda, tenutasi gioved\u00ec 5 luglio presso la Sala Javarone di Gioia Del Colle, <b>proposta dalla Banca Del Tempo \u201cKairos\u201d<\/b>.<\/p>\n<p style=\"text-align: justify;\"><b>A moderare<\/b> l\u2019incontro la Dott.ssa <b>Antonietta Cimmarrusti<\/b>, coordinatrice del progetto BDT Kairos, <b>ospiti<\/b> protagonisti <b>Franco Ferrara<\/b>, presidente del comitato scientifico Centro Studi Erasmo, <b>Annunziata Rinaldi<\/b>, psicologa cooperativa Itaca, <b>Bianca Maria Pepe<\/b>, esperta in conciliazione vita-lavoro e banca del tempo Centro Studi Erasmo, e <b>Rosanna D\u2019aprile<\/b> presidente del Centro di Ascolto \u201cDal Silenzio alla Parola\u201d.<\/p>\n<p style=\"text-align: justify;\"><b>Una tavola rotonda al \u201cfemminile\u201d che vede protagonista la donna e le difficolt\u00e0 che spesso incontrano<\/b>, <b>nel gestire il proprio tempo<\/b>, dovendosi dividere tra vita familiare e vita professionale. A riportare la propria esperienza di moglie, madre e donna che lavora \u00e8 l\u2019avvocato <b>Antonella Vasco<\/b>.<\/p>\n<p style=\"text-align: justify;\">Le riflessioni hanno inizio il primo a prender la parola \u00e8 il Dott. <b>Franco Ferrara<\/b>, il quale, <b>spiega che nella <\/b><b><img loading=\"lazy\" decoding=\"async\" class=\" alignright size-full wp-image-24820\" style=\"margin: 4px; float: right;\" alt=\"banca-del-tempo3\" src=\"https:\/\/archiviogioia.lavocedelpaese.info\/wp-content\/uploads\/2012\/07\/banca-del-tempo3.jpg\" height=\"239\" width=\"320\" srcset=\"https:\/\/archiviogioia.lavocedelpaese.info\/wp-content\/uploads\/2012\/07\/banca-del-tempo3.jpg 472w, https:\/\/archiviogioia.lavocedelpaese.info\/wp-content\/uploads\/2012\/07\/banca-del-tempo3-300x225.jpg 300w\" sizes=\"auto, (max-width: 320px) 100vw, 320px\" \/><\/b><b>societ\u00e0 attuale ci sono solo due beni gratuiti: il tempo e il sangue<\/b>, quest\u2019ultimo non si pu\u00f2 produrre artificialmente, non si pu\u00f2 comprare, ma insieme al tempo si pu\u00f2 donare. <b>Ciascuno dovrebbe imparare a donare gratuitamente il proprio tempo<\/b>, del resto come ha scritto il poeta americano Carl Sandburg \u201cIl tempo \u00e8 la moneta della tua vita. E\u2019 l\u2019unica che possiedi e che puoi decidere come spendere. Stai attento non permettere ad altri di usarla al tuo posto\u201d.<\/p>\n<p style=\"text-align: justify;\">A prender successivamente la parola \u00e8 <b>la psicologa Annunziata Rinaldi<\/b>, che evidenzia <b>come la percezione del tempo sia soggettiva<\/b>, nel corso della storia, infatti, ci sono stati <b>diversi modi di concepire il tem<\/b><b>po<\/b>, pensiamo alla societ\u00e0 rurale, il tempo era <b>scandito dai ritmi lenti della natura<\/b>, nella societ\u00e0 industriale bisognava rientrare nei <b>tempi di produzione<\/b> e infine nella societ\u00e0 postmoderna, siamo portati a gestire il tempo nel modo pi\u00f9 ottimale.<\/p>\n<p style=\"text-align: justify;\"><b>Quello che manca nella societ\u00e0 attuale<\/b>, in cui tutti corrono, si affrettano e sembrano non avere pi\u00f9 tempo per se stessi e per la propria famiglia, <b>\u00e8 una valorizzazione dei \u201ctempi morti\u201d la cosiddetta noia<\/b>, che afferma la dottoressa \u00e8 <b>fondamentale per i bambini<\/b>, infatti, non serve riempire le loro giornate con svariate attivit\u00e0, ma \u00e8 anche utile farli annoiare perch\u00e9 in tal modo i bambini si reinventano e cercano nuovi stimoli. <b><img loading=\"lazy\" decoding=\"async\" class=\" alignleft size-full wp-image-24821\" style=\"margin: 4px; float: left;\" alt=\"banca-del-tempo4\" src=\"https:\/\/archiviogioia.lavocedelpaese.info\/wp-content\/uploads\/2012\/07\/banca-del-tempo4.jpg\" height=\"240\" width=\"320\" srcset=\"https:\/\/archiviogioia.lavocedelpaese.info\/wp-content\/uploads\/2012\/07\/banca-del-tempo4.jpg 472w, https:\/\/archiviogioia.lavocedelpaese.info\/wp-content\/uploads\/2012\/07\/banca-del-tempo4-300x225.jpg 300w\" sizes=\"auto, (max-width: 320px) 100vw, 320px\" \/>La dottoressa concentra l\u2019attenzione<\/b> sulla famiglia, in particolar modo <b>sulla figura della donna, che vive una costante tensione<\/b> tra la voglia di lavorare di affermarsi professionalmente e la responsabilit\u00e0 di prendersi cura della famiglia.<\/p>\n<p style=\"text-align: justify;\"><b>L\u2019immagine stereotipata della donna come madre e moglie casalinga<\/b> addetta alla cura del focolare domestico, spiega la psicologa, <b>crea un appesantimento psichico nella donna<\/b>, per evitare ci\u00f2 bisognerebbe, creare una situazione di benessere e di equilibrio, fondamentale \u00e8 l\u2019aiuto del partner che deve andare incontro alla propria compagna, e il supporto dell\u2019eventuale famiglia allargata, perch\u00e9 salvaguardare l\u2019interesse di una singola persona significa salvaguardare l\u2019interesse della comunit\u00e0.<\/p>\n<p style=\"text-align: justify;\"><b>Ed \u00e8 proprio questo il fine della banca del tempo<\/b>, spiega la dottoressa Cimmarrusti, <b>coltivare i rapporti umani, recuperare il senso degli altri, avere tempo per s\u00e9 e tempo da donare e condividere<\/b>, aprire nuove strade per salvaguardare il benessere di tutti.<\/p>\n<p style=\"text-align: justify;\"><b>Bianca Maria Pepe<\/b>, riprendendo il discorso della psicologa, <b>afferma che oggi assistiamo<\/b>, per fortuna, <b>a una maggiore presenza della donna nel mondo del lavoro<\/b>, nel suo discorso Bianca Maria <b>si richiama al concetto di \u201cDoppia presenza\u201d, della sociologa Laura Balbo<\/b>, che indica proprio l\u2019idea <b>della duplice responsabilit\u00e0 di cui si fa carico la donna<\/b>, sia verso la famiglia e sia verso la propria indipendenza, rappresentata dal lavoro, che chiaramente viene penalizzato. Sarebbe l\u2019ide<b><img loading=\"lazy\" decoding=\"async\" class=\" alignright size-full wp-image-20700\" style=\"margin: 4px; float: right;\" alt=\"banca-del-tempo-kairos-logo\" src=\"https:\/\/archiviogioia.lavocedelpaese.info\/wp-content\/uploads\/2012\/03\/banca-del-tempo-kairos-logo.jpg\" height=\"150\" width=\"320\" srcset=\"https:\/\/archiviogioia.lavocedelpaese.info\/wp-content\/uploads\/2012\/03\/banca-del-tempo-kairos-logo.jpg 640w, https:\/\/archiviogioia.lavocedelpaese.info\/wp-content\/uploads\/2012\/03\/banca-del-tempo-kairos-logo-300x141.jpg 300w\" sizes=\"auto, (max-width: 320px) 100vw, 320px\" \/><\/b>ale trovare la giusta conciliazione tra la vita professionale e la cura della famiglia con una pi\u00f9 equa ripartizione degli incarichi familiari con il proprio partner. Conclude il suo intervento affermando: \u201c<b>\u00c8 da noi che deve partire il cambiamento, perch\u00e9 deve essere prima di tutto un cambiamento culturale<\/b>\u201d.<\/p>\n<p style=\"text-align: justify;\">Come testimone di quanto affermato in precedenza l\u2019avvocato <b>Antonella Vasco<\/b>, fiera della sua vita familiare e professionale <b>ribadisce l\u2019importanza di organizzare in maniera <\/b><b>meticolosa le proprie giornate per poter raggiungere un equilibrio tra vita domestica e professionale<\/b>, \u00e8 necessario creare un rapporto basato sul dialogo e sulla collaborazione tra i due partner, in modo tale da non rinunciare alle proprie aspirazioni lavorative. Chiaramente quello dell\u2019avvocato Antonella Vasco, \u00e8 un esempio positivo, ma <b>purtroppo ci sono ancora molte donne, che vivono in situazioni svantaggiate, e non riescono ad avere una vita lavorativa soddisfacente<\/b>, perch\u00e9 imprigionate nel ruolo di madri e mogli \u00e8 a queste donne che bisogna maggiormente porgere il proprio aiuto, e la banca del tempo potrebbe essere un punto da cui partire.<\/p>\n<p style=\"text-align: justify;\"><b>Un pomeriggio intenso e ricco di riflessioni importanti<\/b>, <b>che ha permesso ai pochi<\/b> (purtroppo) <b>presenti<\/b>, tra cui l\u2019assessore alla cultura Piera De Giorgi, che si \u00e8 mostrata fiera della neonata associazione, <b>di meditare sulla corretta gestione del proprio tempo<\/b>.<\/p>\n<p>&nbsp;<\/p>\n","protected":false},"excerpt":{"rendered":"","protected":false},"author":1,"featured_media":24818,"comment_status":"open","ping_status":"closed","sticky":false,"template":"","format":"standard","meta":{"colormag_page_container_layout":"default_layout","colormag_page_sidebar_layout":"default_layout","footnotes":""},"categories":[7],"tags":[],"class_list":["post-24823","post","type-post","status-publish","format-standard","has-post-thumbnail","hentry","category-attualita"],"_links":{"self":[{"href":"https:\/\/archiviogioia.lavocedelpaese.info\/index.php?rest_route=\/wp\/v2\/posts\/24823","targetHints":{"allow":["GET"]}}],"collection":[{"href":"https:\/\/archiviogioia.lavocedelpaese.info\/index.php?rest_route=\/wp\/v2\/posts"}],"about":[{"href":"https:\/\/archiviogioia.lavocedelpaese.info\/index.php?rest_route=\/wp\/v2\/types\/post"}],"author":[{"embeddable":true,"href":"https:\/\/archiviogioia.lavocedelpaese.info\/index.php?rest_route=\/wp\/v2\/users\/1"}],"replies":[{"embeddable":true,"href":"https:\/\/archiviogioia.lavocedelpaese.info\/index.php?rest_route=%2Fwp%2Fv2%2Fcomments&post=24823"}],"version-history":[{"count":0,"href":"https:\/\/archiviogioia.lavocedelpaese.info\/index.php?rest_route=\/wp\/v2\/posts\/24823\/revisions"}],"wp:featuredmedia":[{"embeddable":true,"href":"https:\/\/archiviogioia.lavocedelpaese.info\/index.php?rest_route=\/wp\/v2\/media\/24818"}],"wp:attachment":[{"href":"https:\/\/archiviogioia.lavocedelpaese.info\/index.php?rest_route=%2Fwp%2Fv2%2Fmedia&parent=24823"}],"wp:term":[{"taxonomy":"category","embeddable":true,"href":"https:\/\/archiviogioia.lavocedelpaese.info\/index.php?rest_route=%2Fwp%2Fv2%2Fcategories&post=24823"},{"taxonomy":"post_tag","embeddable":true,"href":"https:\/\/archiviogioia.lavocedelpaese.info\/index.php?rest_route=%2Fwp%2Fv2%2Ftags&post=24823"}],"curies":[{"name":"wp","href":"https:\/\/api.w.org\/{rel}","templated":true}]}}