{"id":2483,"date":"2010-06-09T04:04:44","date_gmt":"2010-06-09T04:04:44","guid":{"rendered":"https:\/\/archiviogioia.lavocedelpaese.info\/?p=2483"},"modified":"2010-06-09T04:04:44","modified_gmt":"2010-06-09T04:04:44","slug":"presentato-il-sistema-informativo-territoriale","status":"publish","type":"post","link":"https:\/\/archiviogioia.lavocedelpaese.info\/?p=2483","title":{"rendered":"SLITTA LA PRESENTAZIONE DEL SISTEMA INFORMATIVO TERRITORIALE"},"content":{"rendered":"<p><img loading=\"lazy\" decoding=\"async\" class=\" size-full wp-image-2480\" alt=\"gioiadelcolle\" src=\"https:\/\/archiviogioia.lavocedelpaese.info\/wp-content\/uploads\/2010\/06\/gioiadelcolle.jpg\" width=\"320\" height=\"150\" srcset=\"https:\/\/archiviogioia.lavocedelpaese.info\/wp-content\/uploads\/2010\/06\/gioiadelcolle.jpg 320w, https:\/\/archiviogioia.lavocedelpaese.info\/wp-content\/uploads\/2010\/06\/gioiadelcolle-300x141.jpg 300w\" sizes=\"auto, (max-width: 320px) 100vw, 320px\" \/> <\/p>\n<p><!--more--><\/p>\n<p><\/p>\n<div style=\"text-align: justify;\"><\/div>\n<p style=\"text-align: justify;\"><strong><img loading=\"lazy\" decoding=\"async\" class=\" alignleft size-full wp-image-2481\" style=\"margin: 4px; float: left;\" alt=\"Sistema-Informativo-Territoriale-SIT_quarto_livello\" src=\"https:\/\/archiviogioia.lavocedelpaese.info\/wp-content\/uploads\/2010\/06\/Sistema-Informativo-Territoriale-SIT_quarto_livello.jpg\" width=\"248\" height=\"56\" srcset=\"https:\/\/archiviogioia.lavocedelpaese.info\/wp-content\/uploads\/2010\/06\/Sistema-Informativo-Territoriale-SIT_quarto_livello.jpg 780w, https:\/\/archiviogioia.lavocedelpaese.info\/wp-content\/uploads\/2010\/06\/Sistema-Informativo-Territoriale-SIT_quarto_livello-300x67.jpg 300w, https:\/\/archiviogioia.lavocedelpaese.info\/wp-content\/uploads\/2010\/06\/Sistema-Informativo-Territoriale-SIT_quarto_livello-768x172.jpg 768w\" sizes=\"auto, (max-width: 248px) 100vw, 248px\" \/>L&#8217;incontro previsto per marted\u00ec 8 giugno alle ore 16<\/strong>, presso la Sala De Deo, <strong>organizzato <\/strong>dal Comune\u00a0 <strong>per presentare alla cittadinanza il &#8220;S.I.T. (Sistema Informativo Territoriale)&#8221; <\/strong>inerente il comune di Gioia del Colle,<strong> per cause non meglio precisate, \u00e8 stato spostato alle ore 17.00 di venerd\u00ec 25 giugno<\/strong>, sempre alla De Deo.<\/p>\n<p style=\"text-align: justify;\"><strong><img loading=\"lazy\" decoding=\"async\" class=\" alignright size-full wp-image-2482\" style=\"margin: 4px; float: right;\" alt=\"hsh_pa\" src=\"https:\/\/archiviogioia.lavocedelpaese.info\/wp-content\/uploads\/2010\/06\/hsh_pa.gif\" width=\"150\" height=\"108\" \/>Dopo<\/strong> i saluti del sindaco <strong>Piero Longo<\/strong>, relazioneranno il Dirigente dell\u2019UTC l\u2019ingegner <strong>Bartolomeo Laruccia<\/strong>, il consigliere delegato all\u2019urbanistica, l\u2019ingegner <strong>Pino Tuccillo<\/strong> e l\u2019architetto <strong>Emilia Olivieri<\/strong>, della HSH Informatica e Cultura Srl, azienda <strong>aggiudicataria<\/strong> della <strong>gara<\/strong> indetta per la <strong>realizzazione del S.I.T.<\/strong> in data 14 luglio 2009, per un ammontare di <strong>17.250,00 euro<\/strong> I.V.A. compresa.<\/p>\n<div style=\"text-align: justify;\"><\/div>\n<p style=\"text-align: justify;\"><strong>Il SIT p<\/strong><strong><img loading=\"lazy\" decoding=\"async\" class=\" size-full wp-image-706\" style=\"margin: 4px; float:  left;\" alt=\"140px-Gioia_del_Colle-Stemma\" src=\"https:\/\/archiviogioia.lavocedelpaese.info\/wp-content\/uploads\/2010\/03\/140px-Gioia_del_Colle-Stemma.png\" width=\"100\" height=\"119\" \/><\/strong><strong>u\u00f2 essere definito<\/strong>: &#8220;insieme di hardware, software, dati geografici e personale addetto per gestire efficientemente l\u2019acquisizione, la memorizzazione, la manipolazione e la visualizzazione delle informazioni geograficamente referenziate&#8221; e in quanto alimentato con dati dislocati sul territorio, restituisce sia i dati qualitativi\/quantitativi che le informazioni collocate formalmente e con precisione sul territorio e quindi rappresentabili in specifiche cartografie.<\/p>\n<div style=\"text-align: justify;\"><\/div>\n<p style=\"text-align: justify;\">Il Sistema Informativo Territoriale \u00e8 <strong>inteso<\/strong>, quindi, <strong>come parte del processo di modernizzazione del lavoro delle amministrazioni al fine di migliorare la qualit\u00e0 del servizio svolto<\/strong>.<\/p>\n<div style=\"text-align: justify;\"><\/div>\n<p style=\"text-align: justify;\">L\u2019utilizzazione dei sistemi informativi ha le seguenti <strong>finalit\u00e0<\/strong>:<\/p>\n<div style=\"text-align: justify;\"><\/div>\n<p style=\"text-align: justify;\">\u00b7 <strong>miglioramento<\/strong> dei servizi;<\/p>\n<div style=\"text-align: justify;\"><\/div>\n<p style=\"text-align: justify;\">\u00b7 <strong>trasparenza<\/strong> dell\u2019azione amministrativa;<\/p>\n<div style=\"text-align: justify;\"><\/div>\n<p style=\"text-align: justify;\">\u00b7 <strong>potenziamento<\/strong> dei supporti conoscitivi per le decisioni pubbliche;<\/p>\n<div style=\"text-align: justify;\"><\/div>\n<p style=\"text-align: justify;\">\u00b7 <strong>contenimento<\/strong> dei costi dell\u2019azione amministrativa.<\/p>\n<div style=\"text-align: justify;\"><\/div>\n<p style=\"text-align: justify;\"><strong><img loading=\"lazy\" decoding=\"async\" class=\" alignright size-full wp-image-1665\" style=\"margin: 4px; float: right;\" alt=\"municipio_gioia_del_colle\" src=\"https:\/\/archiviogioia.lavocedelpaese.info\/wp-content\/uploads\/2010\/04\/municipio_gioia_del_colle.jpg\" width=\"250\" height=\"187\" srcset=\"https:\/\/archiviogioia.lavocedelpaese.info\/wp-content\/uploads\/2010\/04\/municipio_gioia_del_colle.jpg 750w, https:\/\/archiviogioia.lavocedelpaese.info\/wp-content\/uploads\/2010\/04\/municipio_gioia_del_colle-300x225.jpg 300w\" sizes=\"auto, (max-width: 250px) 100vw, 250px\" \/>La capacit\u00e0 di perseguire una politica del territorio affidabile e trasparente<\/strong> richiede in prima istanza una conoscenza completa, aggiornata, ma soprattutto continuamente aggiornabile dello stesso territorio e delle sue dinamiche, cosa certamente non facile da ottenere data la complessit\u00e0 e simultaneit\u00e0 delle modificazioni cui il territorio stesso \u00e8 soggetto. Una medesima soluzione al problema della raccolta delle informazioni, la loro organizzazione ed il loro aggiornamento si ottiene mediante la realizzazione dei Sistemi Informativi Territoriali.<\/p>\n<div style=\"text-align: justify;\"><\/div>\n<p style=\"text-align: justify;\"><strong>Il SIT potr\u00e0 consentire la diffusione di dati multimediali <\/strong>(dati geografici e metadati ad essi legati, organizzati e governati secondo strutture e regole), ritenuti dall\u2019Amministrazione di rilevanza territoriale, con la possibilit\u00e0, quindi, di <strong>fornire<\/strong> ad utenti sia interni (Intranet) che esterni (Internet) e altre entit\u00e0 interessate all\u2019utilizzo o alla fruizione di tali dati<strong>, i necessari strumenti infrastrutturali connessi alle esigenze di gestione del territorio<\/strong>.<\/p>\n<div style=\"text-align: justify;\"><\/div>\n<p style=\"text-align: justify;\">Il SIT \u00e8 <strong>un esempio concreto di standardizzazione, interconnessione e condivisione delle informazioni relative alla geografia ed all\u2019ambiente<\/strong>, un sistema integrato, riferibile ad un territorio con continuit\u00e0 geografica, condiviso fra vari soggetti tipicamente preposti alla gestione di informazioni con rilevanza territoriale.<\/p>\n","protected":false},"excerpt":{"rendered":"","protected":false},"author":1,"featured_media":2480,"comment_status":"open","ping_status":"closed","sticky":false,"template":"","format":"standard","meta":{"colormag_page_container_layout":"default_layout","colormag_page_sidebar_layout":"default_layout","footnotes":""},"categories":[4],"tags":[],"class_list":["post-2483","post","type-post","status-publish","format-standard","has-post-thumbnail","hentry","category-politica"],"_links":{"self":[{"href":"https:\/\/archiviogioia.lavocedelpaese.info\/index.php?rest_route=\/wp\/v2\/posts\/2483","targetHints":{"allow":["GET"]}}],"collection":[{"href":"https:\/\/archiviogioia.lavocedelpaese.info\/index.php?rest_route=\/wp\/v2\/posts"}],"about":[{"href":"https:\/\/archiviogioia.lavocedelpaese.info\/index.php?rest_route=\/wp\/v2\/types\/post"}],"author":[{"embeddable":true,"href":"https:\/\/archiviogioia.lavocedelpaese.info\/index.php?rest_route=\/wp\/v2\/users\/1"}],"replies":[{"embeddable":true,"href":"https:\/\/archiviogioia.lavocedelpaese.info\/index.php?rest_route=%2Fwp%2Fv2%2Fcomments&post=2483"}],"version-history":[{"count":0,"href":"https:\/\/archiviogioia.lavocedelpaese.info\/index.php?rest_route=\/wp\/v2\/posts\/2483\/revisions"}],"wp:featuredmedia":[{"embeddable":true,"href":"https:\/\/archiviogioia.lavocedelpaese.info\/index.php?rest_route=\/wp\/v2\/media\/2480"}],"wp:attachment":[{"href":"https:\/\/archiviogioia.lavocedelpaese.info\/index.php?rest_route=%2Fwp%2Fv2%2Fmedia&parent=2483"}],"wp:term":[{"taxonomy":"category","embeddable":true,"href":"https:\/\/archiviogioia.lavocedelpaese.info\/index.php?rest_route=%2Fwp%2Fv2%2Fcategories&post=2483"},{"taxonomy":"post_tag","embeddable":true,"href":"https:\/\/archiviogioia.lavocedelpaese.info\/index.php?rest_route=%2Fwp%2Fv2%2Ftags&post=2483"}],"curies":[{"name":"wp","href":"https:\/\/api.w.org\/{rel}","templated":true}]}}