{"id":24855,"date":"2012-07-13T05:18:43","date_gmt":"2012-07-13T05:18:43","guid":{"rendered":"https:\/\/archiviogioia.lavocedelpaese.info\/?p=24855"},"modified":"2012-07-13T05:18:43","modified_gmt":"2012-07-13T05:18:43","slug":"crisi-salotto-gli-operai-sono-molto-arrabbiati-2","status":"publish","type":"post","link":"https:\/\/archiviogioia.lavocedelpaese.info\/?p=24855","title":{"rendered":"CRISI SALOTTO, GLI OPERAI SONO \u201cMOLTO\u2026 ARRABBIATI\u201d"},"content":{"rendered":"<p><img loading=\"lazy\" decoding=\"async\" class=\" size-full wp-image-24847\" style=\"margin-right: 2px; margin-left: 2px;\" alt=\"natuzzi-proteste-pp\" src=\"https:\/\/archiviogioia.lavocedelpaese.info\/wp-content\/uploads\/2012\/07\/natuzzi-proteste-pp.png\" height=\"150\" width=\"320\" srcset=\"https:\/\/archiviogioia.lavocedelpaese.info\/wp-content\/uploads\/2012\/07\/natuzzi-proteste-pp.png 320w, https:\/\/archiviogioia.lavocedelpaese.info\/wp-content\/uploads\/2012\/07\/natuzzi-proteste-pp-300x141.png 300w\" sizes=\"auto, (max-width: 320px) 100vw, 320px\" \/><\/p>\n<p><!--more--><\/p>\n<p style=\"text-align: justify;\"><b><img loading=\"lazy\" decoding=\"async\" class=\" alignleft size-full wp-image-24849\" style=\"margin: 4px; float: left;\" alt=\"552304 418765044841799 2031768115 n\" src=\"https:\/\/archiviogioia.lavocedelpaese.info\/wp-content\/uploads\/2012\/07\/552304_418765044841799_2031768115_n.jpg\" height=\"187\" width=\"250\" \/>Oggi a Santeramo si terr\u00e0 un&#8217;altra conferenza sull&#8217;accordo di programma<\/b>, in una settimana due incontri, uno di centrosinistra e uno di centrodestra <b>come se i problemi fossero due<\/b>, <b>uno diverso dall&#8217;altro<\/b>.<\/p>\n<p style=\"text-align: justify;\"><b>Cari politici \u00e8 meglio che iniziamo a capirci bene, il problema \u00e8 unico<\/b>.<\/p>\n<p style=\"text-align: justify;\"><b>La sola Natuzzi conta 2900 dipendenti<\/b>, parliamo della fiat del Sud, in pi\u00f9 ci dobbiamo mettere le piccole e medie imprese del settore <b>quindi parliamo di 6000 superstiti dei 12000 degli anni \u201990<\/b>. Dal 2003 <img loading=\"lazy\" decoding=\"async\" class=\" alignright size-full wp-image-24851\" style=\"margin: 4px; float: right;\" alt=\"599298 418765768175060 838696644 n\" src=\"https:\/\/archiviogioia.lavocedelpaese.info\/wp-content\/uploads\/2012\/07\/599298_418765768175060_838696644_n.jpg\" height=\"166\" width=\"250\" \/>hanno <b>chiuso i battenti 400 aziende su 500<\/b> nel silenzio di tutti.<\/p>\n<p style=\"text-align: justify;\"><b>Ora voi volete giocare a chi \u00e8 pi\u00f9 bravo<\/b> in un territorio martoriato come il nostro, dove mancano infrastrutture, manca il lavoro, manca tutto. <b>Sar\u00e0 meglio che iniziate a fare il vostro lavoro seriamente<\/b> nell\u2019interesse della collettivit\u00e0. <b>Se cos\u00ec non sar\u00e0 di certo<\/b> non troverete pi\u00f9 gente disposta a sentirvi ma, <b>troverete gente molto ma molto arrabbiata<\/b>.<\/p>\n<p style=\"text-align: center;\">&#8212;&#8212;&#8212;&#8212;&#8212;&#8212;&#8212;&#8212;&#8212;&#8212;&#8212;&#8212;&#8212;&#8212;&#8212;&#8212;<\/p>\n<p style=\"text-align: justify;\">&nbsp;<b>SVILUPPI DELL&#8217;ULTIMA ORA<\/b><\/p>\n<p style=\"text-align: justify;\"><b><img loading=\"lazy\" decoding=\"async\" class=\" alignleft size-full wp-image-24853\" style=\"margin: 4px; float: left;\" alt=\"165803 418765694841734 327551309 n\" src=\"https:\/\/archiviogioia.lavocedelpaese.info\/wp-content\/uploads\/2012\/07\/165803_418765694841734_327551309_n.jpg\" height=\"225\" width=\"300\" \/>Con riferimento alla programmata conferenza stampa<\/b> aperta al pubblico che si sarebbe celebrata <b>oggi, venerd\u00ec 13 luglio<\/b> alle ore 16, <b>con la partecipazione dell&#8217;On.le Raffaele Fitto<\/b> e <b>dell&#8217;On.le Antonio Distaso<\/b> avente ad oggetto l&#8217;emergenza lavoro nell&#8217;area murgiana e nella quale sarebbero stati illustrati i contenuti dell&#8217;emendamento proposto per l&#8217;attuazione del Decreto Sviluppo da parte degli Onorevoli Parlamentari del PDL Pugliese, <b>si comunica che<\/b> a seguito dei successivi sviluppi politici sulla questione, consistiti in un riavvicinamento delle posizioni con richiesta di concertazione e congiunta presentazione di un apposito emendamento congiunto da parte dei vertici del PD e del PDL, <b>si \u00e8 ritenuto ragionevole posticipare la manifestazione e conferenza stampa gi\u00e0 indetta<\/b>; ci\u00f2 al fine di poter portare all&#8217;area Murgiana, ed alla citt\u00e0 di Santeramo in particolare, un risultato congiunto, fuori da ogni appartenenza o appropriazione politica, raggiunto dal buon senso della nostra classe dirigente, in favore di aziende e lavoratori.<\/p>\n<p style=\"text-align: justify;\"><b>Ci scusiamo, dunque, per l&#8217;inconveniente con i cittadini, le Autorit\u00e0 gi\u00e0 invitate e le Associazioni<\/b> ed Organi di Stampa, <b>sicuri della loro comprensione<\/b> in virt\u00f9 dell&#8217;obiettivo che si sta perseguendo proprio in queste ore.<\/p>\n<p><object width=\"640\" height=\"480\" data=\"http:\/\/www.youtube.com\/v\/f0Lyzf59XA4?version=3&amp;hl=it_IT\" type=\"application\/x-shockwave-flash\"><param name=\"movie\" value=\"http:\/\/www.youtube.com\/v\/f0Lyzf59XA4?version=3&amp;hl=it_IT\" \/><param name=\"allowFullScreen\" value=\"true\" \/><param name=\"allowscriptaccess\" value=\"always\" \/><\/object><\/p>\n","protected":false},"excerpt":{"rendered":"","protected":false},"author":1,"featured_media":24848,"comment_status":"open","ping_status":"closed","sticky":false,"template":"","format":"standard","meta":{"colormag_page_container_layout":"default_layout","colormag_page_sidebar_layout":"default_layout","footnotes":""},"categories":[7],"tags":[],"class_list":["post-24855","post","type-post","status-publish","format-standard","has-post-thumbnail","hentry","category-attualita"],"_links":{"self":[{"href":"https:\/\/archiviogioia.lavocedelpaese.info\/index.php?rest_route=\/wp\/v2\/posts\/24855","targetHints":{"allow":["GET"]}}],"collection":[{"href":"https:\/\/archiviogioia.lavocedelpaese.info\/index.php?rest_route=\/wp\/v2\/posts"}],"about":[{"href":"https:\/\/archiviogioia.lavocedelpaese.info\/index.php?rest_route=\/wp\/v2\/types\/post"}],"author":[{"embeddable":true,"href":"https:\/\/archiviogioia.lavocedelpaese.info\/index.php?rest_route=\/wp\/v2\/users\/1"}],"replies":[{"embeddable":true,"href":"https:\/\/archiviogioia.lavocedelpaese.info\/index.php?rest_route=%2Fwp%2Fv2%2Fcomments&post=24855"}],"version-history":[{"count":0,"href":"https:\/\/archiviogioia.lavocedelpaese.info\/index.php?rest_route=\/wp\/v2\/posts\/24855\/revisions"}],"wp:featuredmedia":[{"embeddable":true,"href":"https:\/\/archiviogioia.lavocedelpaese.info\/index.php?rest_route=\/wp\/v2\/media\/24848"}],"wp:attachment":[{"href":"https:\/\/archiviogioia.lavocedelpaese.info\/index.php?rest_route=%2Fwp%2Fv2%2Fmedia&parent=24855"}],"wp:term":[{"taxonomy":"category","embeddable":true,"href":"https:\/\/archiviogioia.lavocedelpaese.info\/index.php?rest_route=%2Fwp%2Fv2%2Fcategories&post=24855"},{"taxonomy":"post_tag","embeddable":true,"href":"https:\/\/archiviogioia.lavocedelpaese.info\/index.php?rest_route=%2Fwp%2Fv2%2Ftags&post=24855"}],"curies":[{"name":"wp","href":"https:\/\/api.w.org\/{rel}","templated":true}]}}