{"id":2486,"date":"2010-06-09T04:38:05","date_gmt":"2010-06-09T04:38:05","guid":{"rendered":"https:\/\/archiviogioia.lavocedelpaese.info\/?p=2486"},"modified":"2010-06-09T04:38:05","modified_gmt":"2010-06-09T04:38:05","slug":"conferenza-sui-40-anni-dello-statuto-dei-lavoratori","status":"publish","type":"post","link":"https:\/\/archiviogioia.lavocedelpaese.info\/?p=2486","title":{"rendered":"CONFERENZA SUI 40 ANNI DELLO STATUTO DEI LAVORATORI"},"content":{"rendered":"<p><img loading=\"lazy\" decoding=\"async\" class=\" size-full wp-image-2484\" alt=\"Lo_Statuto_dei_lavoratori\" src=\"https:\/\/archiviogioia.lavocedelpaese.info\/wp-content\/uploads\/2010\/06\/Lo_Statuto_dei_lavoratori.jpg\" width=\"320\" height=\"150\" srcset=\"https:\/\/archiviogioia.lavocedelpaese.info\/wp-content\/uploads\/2010\/06\/Lo_Statuto_dei_lavoratori.jpg 320w, https:\/\/archiviogioia.lavocedelpaese.info\/wp-content\/uploads\/2010\/06\/Lo_Statuto_dei_lavoratori-300x141.jpg 300w\" sizes=\"auto, (max-width: 320px) 100vw, 320px\" \/> <\/p>\n<p><!--more--><\/p>\n<p style=\"text-align: justify;\"><strong><img loading=\"lazy\" decoding=\"async\" class=\" alignleft size-full wp-image-2485\" style=\"margin: 4px; float: left;\" alt=\"lavoro2886_img\" src=\"https:\/\/archiviogioia.lavocedelpaese.info\/wp-content\/uploads\/2010\/06\/lavoro2886_img.jpg\" width=\"200\" height=\"113\" srcset=\"https:\/\/archiviogioia.lavocedelpaese.info\/wp-content\/uploads\/2010\/06\/lavoro2886_img.jpg 472w, https:\/\/archiviogioia.lavocedelpaese.info\/wp-content\/uploads\/2010\/06\/lavoro2886_img-300x169.jpg 300w\" sizes=\"auto, (max-width: 200px) 100vw, 200px\" \/>Gioved\u00ec, 10 giugno alle ore 18.30 nella sala de Deo si terr\u00e0 un incontro<\/strong> dal titolo \u201cUna conquista da difendere oggi per costruire il domani\u201d, per <strong>ricordare il 40\u00b0 anniversario dello Statuto dei Lavoratori<\/strong> &#8211; Legge 300 approvata dal Parlamento della Repubblica il 20 Maggio 1970 &#8220;Norme a tutela della libert\u00e0 e della dignit\u00e0 dei lavoratori, della libert\u00e0 sindacale e dell&#8217;attivit\u00e0 sindacale nei luoghi di lavoro&#8221;.<\/p>\n<div style=\"text-align: justify;\"><\/div>\n<p style=\"text-align: justify;\">Interverranno <strong>Giorgio Donvito<\/strong> \u2013 coordinatore dei Giovani Democratici di G<strong><img loading=\"lazy\" decoding=\"async\" class=\" alignright size-full wp-image-662\" style=\"margin: 4px;  float: right;\" alt=\"images\" src=\"https:\/\/archiviogioia.lavocedelpaese.info\/wp-content\/uploads\/2010\/03\/images.jpg\" width=\"101\" height=\"182\" \/><\/strong>ioia del Colle \u2013 il professor <strong>Vito Pinto<\/strong> &#8211; Professore di Diritto del Lavoro presso l&#8217;Universit\u00e0 degli Studi di Bari e membro Task Force per l&#8217;occupazione della Regione Puglia &#8211; il dottor <strong>Marco Lozito<\/strong> &#8211; ricercatore presso l&#8217;Universit\u00e0 degli Studi di Bari, e Giovanni Nicastri &#8211; Segretario Generale Regionale Fillea CGIL<br \/> <strong>Obiettivo della conferenza<\/strong>, stilare un bilancio dei 40 anni dello Statuto dei Lavoratori e <strong>tracciare un parallelo tra i principi che stanno alla base<\/strong> di questo e la situazione del mondo del lavoro oggi, con particolare attenzione al mondo del precariato.<\/p>\n<div style=\"text-align: justify;\"><\/div>\n<p style=\"text-align: justify;\"><strong>Nel comunicato, una citazione emblematica di Giuseppe Di Vittorio<\/strong>: &#8220;Il lavoratore non \u00e8 un attrezzo qualsiasi. Non si affitta, non si vende. Il lavoratore \u00e8 un uomo, ha la sua personalit\u00e0, un suo amor proprio, una sua idea, una sua opinione pubblica, una sua fede religiosa e vuole che questi suoi diritti vengano rispettati da tutti e in primo luogo dal padrone&#8221;.<\/p>\n","protected":false},"excerpt":{"rendered":"","protected":false},"author":1,"featured_media":2484,"comment_status":"open","ping_status":"closed","sticky":false,"template":"","format":"standard","meta":{"colormag_page_container_layout":"default_layout","colormag_page_sidebar_layout":"default_layout","footnotes":""},"categories":[4],"tags":[],"class_list":["post-2486","post","type-post","status-publish","format-standard","has-post-thumbnail","hentry","category-politica"],"_links":{"self":[{"href":"https:\/\/archiviogioia.lavocedelpaese.info\/index.php?rest_route=\/wp\/v2\/posts\/2486","targetHints":{"allow":["GET"]}}],"collection":[{"href":"https:\/\/archiviogioia.lavocedelpaese.info\/index.php?rest_route=\/wp\/v2\/posts"}],"about":[{"href":"https:\/\/archiviogioia.lavocedelpaese.info\/index.php?rest_route=\/wp\/v2\/types\/post"}],"author":[{"embeddable":true,"href":"https:\/\/archiviogioia.lavocedelpaese.info\/index.php?rest_route=\/wp\/v2\/users\/1"}],"replies":[{"embeddable":true,"href":"https:\/\/archiviogioia.lavocedelpaese.info\/index.php?rest_route=%2Fwp%2Fv2%2Fcomments&post=2486"}],"version-history":[{"count":0,"href":"https:\/\/archiviogioia.lavocedelpaese.info\/index.php?rest_route=\/wp\/v2\/posts\/2486\/revisions"}],"wp:featuredmedia":[{"embeddable":true,"href":"https:\/\/archiviogioia.lavocedelpaese.info\/index.php?rest_route=\/wp\/v2\/media\/2484"}],"wp:attachment":[{"href":"https:\/\/archiviogioia.lavocedelpaese.info\/index.php?rest_route=%2Fwp%2Fv2%2Fmedia&parent=2486"}],"wp:term":[{"taxonomy":"category","embeddable":true,"href":"https:\/\/archiviogioia.lavocedelpaese.info\/index.php?rest_route=%2Fwp%2Fv2%2Fcategories&post=2486"},{"taxonomy":"post_tag","embeddable":true,"href":"https:\/\/archiviogioia.lavocedelpaese.info\/index.php?rest_route=%2Fwp%2Fv2%2Ftags&post=2486"}],"curies":[{"name":"wp","href":"https:\/\/api.w.org\/{rel}","templated":true}]}}