{"id":25253,"date":"2012-07-26T11:10:21","date_gmt":"2012-07-26T11:10:21","guid":{"rendered":"https:\/\/archiviogioia.lavocedelpaese.info\/?p=25253"},"modified":"2012-07-26T11:10:21","modified_gmt":"2012-07-26T11:10:21","slug":"ospedale-pronto-soccorso-chiude-solo-di-notte","status":"publish","type":"post","link":"https:\/\/archiviogioia.lavocedelpaese.info\/?p=25253","title":{"rendered":"OSPEDALE: PRONTO SOCCORSO CHIUDE. SOLO DI NOTTE?"},"content":{"rendered":"<p><img loading=\"lazy\" decoding=\"async\" class=\" size-full wp-image-6921\" style=\"margin-right: 2px; margin-left: 2px;\" alt=\"pronto-soccorso-ospedale\" src=\"https:\/\/archiviogioia.lavocedelpaese.info\/wp-content\/uploads\/2010\/12\/pronto-soccorso-ospedale.jpg\" width=\"320\" height=\"150\" srcset=\"https:\/\/archiviogioia.lavocedelpaese.info\/wp-content\/uploads\/2010\/12\/pronto-soccorso-ospedale.jpg 640w, https:\/\/archiviogioia.lavocedelpaese.info\/wp-content\/uploads\/2010\/12\/pronto-soccorso-ospedale-300x141.jpg 300w\" sizes=\"auto, (max-width: 320px) 100vw, 320px\" \/><\/p>\n<p><!--more--><\/p>\n<p style=\"text-align: justify;\"><img loading=\"lazy\" decoding=\"async\" class=\" alignleft size-full wp-image-15687\" style=\"margin: 4px; float: left;\" alt=\"ospedale paradiso pronto soccorso\" src=\"https:\/\/archiviogioia.lavocedelpaese.info\/wp-content\/uploads\/2011\/10\/ospedale_paradiso_pronto_soccorso.jpg\" width=\"300\" height=\"225\" srcset=\"https:\/\/archiviogioia.lavocedelpaese.info\/wp-content\/uploads\/2011\/10\/ospedale_paradiso_pronto_soccorso.jpg 640w, https:\/\/archiviogioia.lavocedelpaese.info\/wp-content\/uploads\/2011\/10\/ospedale_paradiso_pronto_soccorso-300x225.jpg 300w\" sizes=\"auto, (max-width: 300px) 100vw, 300px\" \/>\u201c<strong>\u00c8 pervenuta al Sindaco la comunicazione della chiusura del Pronto Soccorso<\/strong> dell\u2019Ospedale di Gioia nelle ore notturne, a partire dal primo di agosto 2012.<\/p>\n<p style=\"text-align: justify;\">La nota della Direzione Medica del Presidio Gioia-Putignano specifica che <strong>la decisione \u00e8 stata presa per carenze di organico<\/strong> del personale medico che si accentuano nel periodo dei congedi estivi.<\/p>\n<p style=\"text-align: justify;\">La nota della Direzione Medica <strong>non indica fino a quale data<\/strong> il Pronto Soccorso rimarr\u00e0 chiuso di notte.<\/p>\n<p style=\"text-align: justify;\">Al Coordinatore del SUEM 118 <strong>la Direzione Medica \u201crammenta che gi\u00e0 dal 01.06.2012 non \u00e8 pi\u00f9 operante c\/o il P. O. di Gioia la Guardia Rianimatoria<\/strong> per cui tassativamente <strong>anche nelle ore diurne i codici Gialli e Rossi dovranno essere fatti pervenire in altri PP. OO<\/strong>.\u201d<\/p>\n<p style=\"text-align: justify;\">Per tutti i casi di emergenza gli utenti sono invitati a<strong> rivolgersi al Servizio 118 o al Pronto Soccorso di Putignano o Acquaviva<\/strong>.<\/p>\n<p style=\"text-align: justify;\">Gioia, 26 luglio 2012<\/p>\n<p style=\"text-align: justify;\">Da: Leonardo D&#8217;Erasmo &#8211; Responsabile ufficio stampa comune Gioia del Colle \u2013 tel.: 0803494243\u201d<\/p>\n<p>&nbsp;<\/p>\n","protected":false},"excerpt":{"rendered":"","protected":false},"author":1,"featured_media":6921,"comment_status":"open","ping_status":"closed","sticky":false,"template":"","format":"standard","meta":{"colormag_page_container_layout":"default_layout","colormag_page_sidebar_layout":"default_layout","footnotes":""},"categories":[4],"tags":[],"class_list":["post-25253","post","type-post","status-publish","format-standard","has-post-thumbnail","hentry","category-politica"],"_links":{"self":[{"href":"https:\/\/archiviogioia.lavocedelpaese.info\/index.php?rest_route=\/wp\/v2\/posts\/25253","targetHints":{"allow":["GET"]}}],"collection":[{"href":"https:\/\/archiviogioia.lavocedelpaese.info\/index.php?rest_route=\/wp\/v2\/posts"}],"about":[{"href":"https:\/\/archiviogioia.lavocedelpaese.info\/index.php?rest_route=\/wp\/v2\/types\/post"}],"author":[{"embeddable":true,"href":"https:\/\/archiviogioia.lavocedelpaese.info\/index.php?rest_route=\/wp\/v2\/users\/1"}],"replies":[{"embeddable":true,"href":"https:\/\/archiviogioia.lavocedelpaese.info\/index.php?rest_route=%2Fwp%2Fv2%2Fcomments&post=25253"}],"version-history":[{"count":0,"href":"https:\/\/archiviogioia.lavocedelpaese.info\/index.php?rest_route=\/wp\/v2\/posts\/25253\/revisions"}],"wp:featuredmedia":[{"embeddable":true,"href":"https:\/\/archiviogioia.lavocedelpaese.info\/index.php?rest_route=\/wp\/v2\/media\/6921"}],"wp:attachment":[{"href":"https:\/\/archiviogioia.lavocedelpaese.info\/index.php?rest_route=%2Fwp%2Fv2%2Fmedia&parent=25253"}],"wp:term":[{"taxonomy":"category","embeddable":true,"href":"https:\/\/archiviogioia.lavocedelpaese.info\/index.php?rest_route=%2Fwp%2Fv2%2Fcategories&post=25253"},{"taxonomy":"post_tag","embeddable":true,"href":"https:\/\/archiviogioia.lavocedelpaese.info\/index.php?rest_route=%2Fwp%2Fv2%2Ftags&post=25253"}],"curies":[{"name":"wp","href":"https:\/\/api.w.org\/{rel}","templated":true}]}}