{"id":25317,"date":"2012-07-28T07:50:25","date_gmt":"2012-07-28T07:50:25","guid":{"rendered":"https:\/\/archiviogioia.lavocedelpaese.info\/?p=25317"},"modified":"2012-07-28T07:50:25","modified_gmt":"2012-07-28T07:50:25","slug":"ospedale-paradiso-al-danno-si-aggiunge-la-beffa-finale-foto","status":"publish","type":"post","link":"https:\/\/archiviogioia.lavocedelpaese.info\/?p=25317","title":{"rendered":"OSPEDALE. AL DANNO SI AGGIUNGE LA BEFFA FINALE-foto"},"content":{"rendered":"<p><img loading=\"lazy\" decoding=\"async\" class=\" size-full wp-image-4246\" style=\"margin-right: 2px; margin-left: 2px;\" alt=\"ospedale-paradiso\" src=\"https:\/\/archiviogioia.lavocedelpaese.info\/wp-content\/uploads\/2010\/09\/ospedale-paradiso.jpg\" height=\"150\" width=\"320\" srcset=\"https:\/\/archiviogioia.lavocedelpaese.info\/wp-content\/uploads\/2010\/09\/ospedale-paradiso.jpg 640w, https:\/\/archiviogioia.lavocedelpaese.info\/wp-content\/uploads\/2010\/09\/ospedale-paradiso-300x141.jpg 300w\" sizes=\"auto, (max-width: 320px) 100vw, 320px\" \/><\/p>\n<p><!--more--><\/p>\n<p style=\"text-align: justify;\"><img loading=\"lazy\" decoding=\"async\" class=\" alignleft size-full wp-image-25305\" style=\"margin: 4px; float: left;\" alt=\"Foto0035\" src=\"https:\/\/archiviogioia.lavocedelpaese.info\/wp-content\/uploads\/2012\/07\/Foto0035.jpg\" height=\"315\" width=\"236\" srcset=\"https:\/\/archiviogioia.lavocedelpaese.info\/wp-content\/uploads\/2012\/07\/Foto0035.jpg 480w, https:\/\/archiviogioia.lavocedelpaese.info\/wp-content\/uploads\/2012\/07\/Foto0035-225x300.jpg 225w\" sizes=\"auto, (max-width: 236px) 100vw, 236px\" \/>Nel mentre il Comitato Cittadino Spontaneo Pro-Ospedale ci comunica che il <b>Consiglio Comunale<\/b> monotematico riguardo la sorte del Paradiso \u00e8 stato <b>fissato per il 9 agosto<\/b>, e che prima di tale data, il Comitato organizzer\u00e0 un&#8217;Assemblea pubblica, al fine di organizzare di concerto con Associazioni, Movimenti politici e cittadini il sit in per il 9, <b>assistiamo in questi giorni alla messa in opera<\/b>, proprio in prossimit\u00e0 dell\u2019ospedale, <b>di lavori di \u201cmodernizzazione\u201d che sanno di beffa<\/b> <strong>finale<\/strong>.<\/p>\n<p style=\"text-align: justify;\"><b>Una ditta campana<\/b>, infatti, dall\u2019inizio di questa settimana <b>\u00e8 all\u2019opera, per conto della Telecom, nella installazione in tutta la zona di un nuovo impianto di comunicazione basato sulle fibre ottiche<\/b>. Come <b>punto nodale dell\u2019intera opera<\/b> sembrerebbe sia stato individuato <b>il nostro ospedale<\/b> che, ironia della sorte, \u00e8 in piena fase di chiusura.<\/p>\n<p style=\"text-align: justify;\"><b>Ci si chiede e chiediamo, a cosa pu\u00f2 servire un\u2019opera cos\u00ec avveniristica se il malato \u00e8 ormai nella sua fase terminale? <\/b>Perch\u00e8 spendere altri soldi se la struttura \u00e8 stata smantellata del tutto, Pronto Soccorso attivo compreso? <b>Decisione di cui nessuno era a conoscenza?<\/b> Inopportuna variazione in corso d\u2019opera <img loading=\"lazy\" decoding=\"async\" class=\" alignright size-full wp-image-25307\" style=\"margin: 4px; float: right;\" alt=\"Foto0029\" src=\"https:\/\/archiviogioia.lavocedelpaese.info\/wp-content\/uploads\/2012\/07\/Foto0029.jpg\" height=\"307\" width=\"230\" srcset=\"https:\/\/archiviogioia.lavocedelpaese.info\/wp-content\/uploads\/2012\/07\/Foto0029.jpg 480w, https:\/\/archiviogioia.lavocedelpaese.info\/wp-content\/uploads\/2012\/07\/Foto0029-225x300.jpg 225w\" sizes=\"auto, (max-width: 230px) 100vw, 230px\" \/>circa il futuro dell\u2019ospedale rispetto alle precedenti decisioni assunte o pi\u00f9 semplicemente perch\u00e9 qualcuno da anni aveva programmato la sua destinazione d\u2019uso? <b>Gi\u00e0 venduto ai privati, e per farne cosa? <\/b>Un mega ospizio o un centro polivalente dalle finalit\u00e0 ancora sconosciute? <b>Quale business tratter\u00e0? <\/b><\/p>\n<p style=\"text-align: justify;\"><b>Sta di fatto che gli stessi operai<\/b>, nell\u2019apprendere la notizia della sua chiusura, al pari di noi cittadini, anche se da opposte posizioni e risultanze, <b>non hanno potuto nascondere la loro genuina meraviglia<\/b>, il loro stupore affermando in perfetta dizione e stile napoletano: \u201cnoi facciamo quello che ci dicono <b>ma una struttura cos\u00ec bella, grande e moderna \u00e8 un peccato chiuderla. E perch\u00e9? Ma sono impazziti? Hanno soldi da buttare?<\/b>\u201d.<\/p>\n<p style=\"text-align: justify;\"><b>Ed \u00e8 alla luce di questo nuovo sviluppo <\/b>e su quanto accaduto nella storia recente sulla vicenda ospedale, <b>come testimoniato dalle iniziative del comitato che alleghiamo<\/b>, <b>che tutto forse diventa pi\u00f9 chiaro e leggibile<\/b>. Il futuro del nostro ospedale era stato scritto anni fa, quando <b>qualcuno<\/b>,<b> a nostra insaputa<\/b>,<b> decise <\/b>(le ragioni non sono ancora ben delineate) <b>di \u201caiutare\u201d<\/b> nel far crescere quelli limitrofi, sia politicamente che clericalmente.<\/p>\n<p><a href=\"https:\/\/archiviogioia.lavocedelpaese.info\/wp-content\/uploads\/2012\/07\/convocazione-direttori-asl-ba-sindaci-e-comitato.doc\">Convocazione parti interessate per incontro su Ospedale<\/a><\/p>\n<p><a href=\"https:\/\/archiviogioia.lavocedelpaese.info\/wp-content\/uploads\/2012\/07\/sospensione-servizio-di-radiologia.doc\">Ospedale sospensione servizio di radiologia<\/a><\/p>\n<p><a href=\"https:\/\/archiviogioia.lavocedelpaese.info\/wp-content\/uploads\/2012\/07\/chiusura-pronto-soccorso.doc\">Chiusura Pronto Soccorso<\/a><\/p>\n<p><object type=\"application\/x-shockwave-flash\" width=\"660\" height=\"660\" flashvars=\"host=picasaweb.google.com&amp;hl=it&amp;feat=flashalbum&amp;RGB=0x000000&amp;feed=https:\/\/picasaweb.google.com\/data\/feed\/api\/user\/104626251937098962566\/albumid\/5770193902852478049?alt=rss&amp;kind=photo&amp;authkey=Gv1sRgCPfu0qKRubvoBQ&amp;hl=it\" pluginspage=\"http:\/\/www.macromedia.com\/go\/getflashplayer\" data=\"https:\/\/picasaweb.google.com\/s\/c\/bin\/slideshow.swf\"><param name=\"movie\" value=\"https:\/\/picasaweb.google.com\/s\/c\/bin\/slideshow.swf\" \/><\/object><\/p>\n","protected":false},"excerpt":{"rendered":"","protected":false},"author":1,"featured_media":4246,"comment_status":"open","ping_status":"closed","sticky":false,"template":"","format":"standard","meta":{"colormag_page_container_layout":"default_layout","colormag_page_sidebar_layout":"default_layout","footnotes":""},"categories":[4],"tags":[],"class_list":["post-25317","post","type-post","status-publish","format-standard","has-post-thumbnail","hentry","category-politica"],"_links":{"self":[{"href":"https:\/\/archiviogioia.lavocedelpaese.info\/index.php?rest_route=\/wp\/v2\/posts\/25317","targetHints":{"allow":["GET"]}}],"collection":[{"href":"https:\/\/archiviogioia.lavocedelpaese.info\/index.php?rest_route=\/wp\/v2\/posts"}],"about":[{"href":"https:\/\/archiviogioia.lavocedelpaese.info\/index.php?rest_route=\/wp\/v2\/types\/post"}],"author":[{"embeddable":true,"href":"https:\/\/archiviogioia.lavocedelpaese.info\/index.php?rest_route=\/wp\/v2\/users\/1"}],"replies":[{"embeddable":true,"href":"https:\/\/archiviogioia.lavocedelpaese.info\/index.php?rest_route=%2Fwp%2Fv2%2Fcomments&post=25317"}],"version-history":[{"count":0,"href":"https:\/\/archiviogioia.lavocedelpaese.info\/index.php?rest_route=\/wp\/v2\/posts\/25317\/revisions"}],"wp:featuredmedia":[{"embeddable":true,"href":"https:\/\/archiviogioia.lavocedelpaese.info\/index.php?rest_route=\/wp\/v2\/media\/4246"}],"wp:attachment":[{"href":"https:\/\/archiviogioia.lavocedelpaese.info\/index.php?rest_route=%2Fwp%2Fv2%2Fmedia&parent=25317"}],"wp:term":[{"taxonomy":"category","embeddable":true,"href":"https:\/\/archiviogioia.lavocedelpaese.info\/index.php?rest_route=%2Fwp%2Fv2%2Fcategories&post=25317"},{"taxonomy":"post_tag","embeddable":true,"href":"https:\/\/archiviogioia.lavocedelpaese.info\/index.php?rest_route=%2Fwp%2Fv2%2Ftags&post=25317"}],"curies":[{"name":"wp","href":"https:\/\/api.w.org\/{rel}","templated":true}]}}