{"id":25387,"date":"2012-07-31T04:27:23","date_gmt":"2012-07-31T04:27:23","guid":{"rendered":"https:\/\/archiviogioia.lavocedelpaese.info\/?p=25387"},"modified":"2012-07-31T04:27:23","modified_gmt":"2012-07-31T04:27:23","slug":"il-new-volley-gioia-ricomincia-da-nicla-marzano","status":"publish","type":"post","link":"https:\/\/archiviogioia.lavocedelpaese.info\/?p=25387","title":{"rendered":"IL NEW VOLLEY GIOIA RICOMINCIA DA NICLA MARZANO"},"content":{"rendered":"<p><strong><span style=\"font-size: 12pt;\"><img loading=\"lazy\" decoding=\"async\" class=\" size-full wp-image-25383\" style=\"margin-right: 2px; margin-left: 2px;\" alt=\"new-volley-festa-pp\" src=\"https:\/\/archiviogioia.lavocedelpaese.info\/wp-content\/uploads\/2012\/07\/new-volley-festa-pp.jpg\" height=\"150\" width=\"320\" srcset=\"https:\/\/archiviogioia.lavocedelpaese.info\/wp-content\/uploads\/2012\/07\/new-volley-festa-pp.jpg 640w, https:\/\/archiviogioia.lavocedelpaese.info\/wp-content\/uploads\/2012\/07\/new-volley-festa-pp-300x141.jpg 300w\" sizes=\"auto, (max-width: 320px) 100vw, 320px\" \/><\/span><\/strong><\/p>\n<p><!--more--><\/p>\n<p style=\"text-align: justify;\"><strong><img loading=\"lazy\" decoding=\"async\" class=\" alignleft size-full wp-image-25384\" style=\"margin: 4px; float: left;\" alt=\"NICLA\" src=\"https:\/\/archiviogioia.lavocedelpaese.info\/wp-content\/uploads\/2012\/07\/NICLA.jpg\" height=\"295\" width=\"170\" srcset=\"https:\/\/archiviogioia.lavocedelpaese.info\/wp-content\/uploads\/2012\/07\/NICLA.jpg 1009w, https:\/\/archiviogioia.lavocedelpaese.info\/wp-content\/uploads\/2012\/07\/NICLA-593x1024.jpg 593w, https:\/\/archiviogioia.lavocedelpaese.info\/wp-content\/uploads\/2012\/07\/NICLA-768x1327.jpg 768w, https:\/\/archiviogioia.lavocedelpaese.info\/wp-content\/uploads\/2012\/07\/NICLA-889x1536.jpg 889w\" sizes=\"auto, (max-width: 170px) 100vw, 170px\" \/>La nuova stagione della New Volley Gioia<\/strong><strong><span style=\"font-weight: normal;\"> ripartir\u00e0 dall\u00b4organico solido e di buon livello della passata stagione. <\/span><\/strong><strong>Tante<\/strong><strong><span style=\"font-weight: normal;\"> saranno le <\/span><\/strong><strong>riconferme<\/strong><strong><span style=\"font-weight: normal;\">, ma non mancheranno <\/span><\/strong><strong>anche volti nuovi<\/strong><strong><span style=\"font-weight: normal;\"> per rendere l\u00b4organico competitivo.<\/span><\/strong><b>&nbsp;<\/b><\/p>\n<p style=\"text-align: justify;\">Saranno le mani di&nbsp;<strong>Nicla Marzano<\/strong>, a guidare <b>per il terzo anno consecutivo<\/b> la cabina di <b>regia della squadra del presidente<\/b>&nbsp;<strong>Giuseppe Cuscito<\/strong>. Una carriera iniziata prestissimo a Noicattaro, quella di Nicla, poi proseguita nel Turi in serie C dove ha disputato per tre anni consecutivi i play off promozione. Nella stagione 2007-08 approda a Molfetta, dove disputa l\u00b4ennesimo campionato di C e conquista la promozione in B2. Nella stagione 2008-09, ad Acquaviva, mette a segno il suo secondo gioiello personale, riconqui<img loading=\"lazy\" decoding=\"async\" class=\" alignright size-full wp-image-25386\" style=\"margin: 4px; float: right;\" alt=\"michele ironico\" src=\"https:\/\/archiviogioia.lavocedelpaese.info\/wp-content\/uploads\/2012\/07\/michele_ironico.jpg\" height=\"216\" width=\"200\" \/>stando per il secondo anno consecutivo la promozione diretta alla B2.<\/p>\n<p style=\"text-align: justify;\">La parola passa alla regista nativa di Cellamare e alla sua riconferma:&nbsp;<em><span style=\"font-style: normal;\">\u201c<\/span><\/em><strong>Sono contentissima di ritrovarmi per il terzo anno a Gioia<\/strong><strong><span style=\"font-weight: normal;\">. La voglia di rimanere c\u00b4\u00e8 tutta perch\u00e9 Gioia \u00e8 come una seconda casa per me. Quella appena passata \u00e8 stata una stagione bellissima<\/span><\/strong><strong><span style=\"font-weight: normal;\">. Ad inizio stagione non ci aspettavamo di vincere 24 gare su 26 disponibili ed arrivare ad un solo punto in classifica dalla capolista Corato, e di lottare nella finale play-off fino all\u00b4ultimo punto del tie-break. <strong>Per la prossima<\/strong><\/span><\/strong><strong><span style=\"font-weight: normal;\"><strong> stagione<\/strong>? <strong>Mi piacerebbe rivivere quelle grandi emozioni dello scorso anno<\/strong><\/span><\/strong><strong><span style=\"font-weight: normal;\"> sperando che sia un campionato vincente. Noi ci proveremo!\u201d<\/span><\/strong><em><b>.<\/b><\/em><\/p>\n<p>&nbsp;<\/p>\n","protected":false},"excerpt":{"rendered":"","protected":false},"author":1,"featured_media":25383,"comment_status":"open","ping_status":"closed","sticky":false,"template":"","format":"standard","meta":{"colormag_page_container_layout":"default_layout","colormag_page_sidebar_layout":"default_layout","footnotes":""},"categories":[5],"tags":[],"class_list":["post-25387","post","type-post","status-publish","format-standard","has-post-thumbnail","hentry","category-sport"],"_links":{"self":[{"href":"https:\/\/archiviogioia.lavocedelpaese.info\/index.php?rest_route=\/wp\/v2\/posts\/25387","targetHints":{"allow":["GET"]}}],"collection":[{"href":"https:\/\/archiviogioia.lavocedelpaese.info\/index.php?rest_route=\/wp\/v2\/posts"}],"about":[{"href":"https:\/\/archiviogioia.lavocedelpaese.info\/index.php?rest_route=\/wp\/v2\/types\/post"}],"author":[{"embeddable":true,"href":"https:\/\/archiviogioia.lavocedelpaese.info\/index.php?rest_route=\/wp\/v2\/users\/1"}],"replies":[{"embeddable":true,"href":"https:\/\/archiviogioia.lavocedelpaese.info\/index.php?rest_route=%2Fwp%2Fv2%2Fcomments&post=25387"}],"version-history":[{"count":0,"href":"https:\/\/archiviogioia.lavocedelpaese.info\/index.php?rest_route=\/wp\/v2\/posts\/25387\/revisions"}],"wp:featuredmedia":[{"embeddable":true,"href":"https:\/\/archiviogioia.lavocedelpaese.info\/index.php?rest_route=\/wp\/v2\/media\/25383"}],"wp:attachment":[{"href":"https:\/\/archiviogioia.lavocedelpaese.info\/index.php?rest_route=%2Fwp%2Fv2%2Fmedia&parent=25387"}],"wp:term":[{"taxonomy":"category","embeddable":true,"href":"https:\/\/archiviogioia.lavocedelpaese.info\/index.php?rest_route=%2Fwp%2Fv2%2Fcategories&post=25387"},{"taxonomy":"post_tag","embeddable":true,"href":"https:\/\/archiviogioia.lavocedelpaese.info\/index.php?rest_route=%2Fwp%2Fv2%2Ftags&post=25387"}],"curies":[{"name":"wp","href":"https:\/\/api.w.org\/{rel}","templated":true}]}}