{"id":25523,"date":"2012-08-03T05:11:21","date_gmt":"2012-08-03T05:11:21","guid":{"rendered":"https:\/\/archiviogioia.lavocedelpaese.info\/?p=25523"},"modified":"2012-08-03T05:11:21","modified_gmt":"2012-08-03T05:11:21","slug":"disastro-ospedale-niente-piu-ricoveri-foto-2","status":"publish","type":"post","link":"https:\/\/archiviogioia.lavocedelpaese.info\/?p=25523","title":{"rendered":"\u201cDISASTRO\u201d OSPEDALE: NIENTE PI\u00da RICOVERI-foto"},"content":{"rendered":"<p><img loading=\"lazy\" decoding=\"async\" class=\" size-full wp-image-25506\" style=\"margin-right: 2px; margin-left: 2px;\" alt=\"tac-ospedale-pp\" src=\"https:\/\/archiviogioia.lavocedelpaese.info\/wp-content\/uploads\/2012\/08\/tac-ospedale-pp.png\" height=\"150\" width=\"320\" srcset=\"https:\/\/archiviogioia.lavocedelpaese.info\/wp-content\/uploads\/2012\/08\/tac-ospedale-pp.png 640w, https:\/\/archiviogioia.lavocedelpaese.info\/wp-content\/uploads\/2012\/08\/tac-ospedale-pp-300x141.png 300w\" sizes=\"auto, (max-width: 320px) 100vw, 320px\" \/><\/p>\n<p><!--more--><\/p>\n<p style=\"text-align: justify;\"><b><img loading=\"lazy\" decoding=\"async\" class=\" alignleft size-full wp-image-25509\" style=\"margin: 4px; float: left;\" alt=\"ospedale-visita-reparti1\" src=\"https:\/\/archiviogioia.lavocedelpaese.info\/wp-content\/uploads\/2012\/08\/ospedale-visita-reparti1.jpg\" height=\"225\" width=\"300\" srcset=\"https:\/\/archiviogioia.lavocedelpaese.info\/wp-content\/uploads\/2012\/08\/ospedale-visita-reparti1.jpg 756w, https:\/\/archiviogioia.lavocedelpaese.info\/wp-content\/uploads\/2012\/08\/ospedale-visita-reparti1-300x225.jpg 300w\" sizes=\"auto, (max-width: 300px) 100vw, 300px\" \/>Peggio di cos\u00ec non poteva andare l\u2019incontro programmato per ieri<\/b> mattina dal Comitato Cittadino pro-ospedale con i componenti la Terza Commissione Consiliare (Sanit\u00e0), e i dirigenti responsabili dell\u2019Ospedale Paradiso.<\/p>\n<p style=\"text-align: justify;\"><b>Si \u00e8 iniziato puntualmente con un\u2019ora circa di ritardo<\/b>, si \u00e8 continuato con l\u2019assenza <b>del consigliere ex sindaco Piero Longo <\/b>e, dulcis in fundo, si \u00e8 concluso con il <b>mancato faccia a faccia con i dirigenti sanitari<\/b> che hanno demandato l\u2019incombenza al dott. <b style=\"text-align: justify;\">Saverio Tateo<\/b>.<\/p>\n<p style=\"text-align: justify;\"><b>Concause preventivabili<\/b>, non propriamente positive, <b>che non hanno comunque inficiato o fatto saltare questo interessante incontro<\/b> da cui \u00e8 emersa la reale gravit\u00e0 in cui versa l\u2019Ospedale <img loading=\"lazy\" decoding=\"async\" class=\" alignright size-full wp-image-25510\" style=\"margin: 4px; float: right;\" alt=\"ospedale-visita-reparti3\" src=\"https:\/\/archiviogioia.lavocedelpaese.info\/wp-content\/uploads\/2012\/08\/ospedale-visita-reparti3.jpg\" height=\"225\" width=\"300\" srcset=\"https:\/\/archiviogioia.lavocedelpaese.info\/wp-content\/uploads\/2012\/08\/ospedale-visita-reparti3.jpg 756w, https:\/\/archiviogioia.lavocedelpaese.info\/wp-content\/uploads\/2012\/08\/ospedale-visita-reparti3-300x225.jpg 300w\" sizes=\"auto, (max-width: 300px) 100vw, 300px\" \/>Paradiso.<\/p>\n<p style=\"text-align: justify;\">Gli \u201cspostamenti\u201d non autorizzati di materiali ed attrezzature sono nulla in confronto alla notizia appresa per bocca del dott. Tateo che <b>dal 1\u00b0 agosto non \u00e8 pi\u00f9 possibile ricoverarsi in ospedale<\/b>, e ci\u00f2 senza che nessuno ne sapesse nulla, medici e personale compresi. Figuriamoci i cittadini. <b>Si andr\u00e0 avanti fino ad esaurimento dei precedenti ospedalizzati<\/b>.<\/p>\n<p style=\"text-align: justify;\"><b>In compenso si \u00e8 provveduto a far rimuovere<\/b> in tutta fretta, \u201cper la sicurezza dei cittadini\u201d, tutte <b>le insegne del Pronto Soccorso che diventa un punto di \u201cPrimo Intervento h12\u201d<\/b> in cui, in <img loading=\"lazy\" decoding=\"async\" class=\" alignleft size-full wp-image-25512\" style=\"margin: 4px; float: left;\" alt=\"ospedale-visita-reparti11\" src=\"https:\/\/archiviogioia.lavocedelpaese.info\/wp-content\/uploads\/2012\/08\/ospedale-visita-reparti11.jpg\" height=\"225\" width=\"300\" srcset=\"https:\/\/archiviogioia.lavocedelpaese.info\/wp-content\/uploads\/2012\/08\/ospedale-visita-reparti11.jpg 756w, https:\/\/archiviogioia.lavocedelpaese.info\/wp-content\/uploads\/2012\/08\/ospedale-visita-reparti11-300x225.jpg 300w\" sizes=\"auto, (max-width: 300px) 100vw, 300px\" \/>assenza di un bench\u00e9 minimo supporto tecnico e logistico (tutti i reparti saranno chiusi), si provveder\u00e0 a stilare le diagnosi \u201ca naso\u201d, secondo le competenze e l\u2019esperienza dei medici di turno che provvederanno a <b>dirottare altrove i pazienti che si rivolgeranno per chiedere soccorso<\/b>.<\/p>\n<p style=\"text-align: justify;\"><b>Tutto il personale attualmente in organico sar\u00e0 spostato presso l\u2019Ospedale di Putignano<\/b>.<\/p>\n<p style=\"text-align: justify;\"><b>Una situazione davvero disastrosa<\/b> che disattende quanto inserito della ormai famosa e <img loading=\"lazy\" decoding=\"async\" class=\" alignright size-full wp-image-25513\" style=\"margin: 4px; float: right;\" alt=\"ospedale-visita-reparti7\" src=\"https:\/\/archiviogioia.lavocedelpaese.info\/wp-content\/uploads\/2012\/08\/ospedale-visita-reparti7.jpg\" height=\"225\" width=\"300\" srcset=\"https:\/\/archiviogioia.lavocedelpaese.info\/wp-content\/uploads\/2012\/08\/ospedale-visita-reparti7.jpg 756w, https:\/\/archiviogioia.lavocedelpaese.info\/wp-content\/uploads\/2012\/08\/ospedale-visita-reparti7-300x225.jpg 300w\" sizes=\"auto, (max-width: 300px) 100vw, 300px\" \/>famigerata delibera del 20 dicembre 2011 in cui per il nostro Paradiso si prevedeva ben altro.<\/p>\n<p style=\"text-align: justify;\"><b>L\u2019opera di smantellamento della nostra struttura ospedaliera continua nella pi\u00f9 completa indifferenza e noncuranza dei vertici sanitari<\/b>, nessuno sa nulla, nessuno ha firmato nulla, ma tutto si sposta e trasferisce con nonchalance a Putignano. <b>L\u2019ecocardiografo<\/b>, per esempio, si \u00e8 detto sia stato spostato per manutenzione, ma a detta degli operatori non \u00e8 esattamente cos\u00ec perch\u00e9 <b>era perfettamente funzionante<\/b>, senza contare che le manutenzioni fino a ieri venivano fatte in sede, presso l\u2019ospedale di Gioia, non a Putignano. <b>Qualcuno ha affermato che lo stiano gi\u00e0 utilizzando<\/b>.<\/p>\n<p style=\"text-align: justify;\"><img loading=\"lazy\" decoding=\"async\" class=\" alignleft size-full wp-image-25514\" style=\"margin: 4px; float: left;\" alt=\"ospedale-visita-reparti5\" src=\"https:\/\/archiviogioia.lavocedelpaese.info\/wp-content\/uploads\/2012\/08\/ospedale-visita-reparti5.jpg\" height=\"225\" width=\"300\" srcset=\"https:\/\/archiviogioia.lavocedelpaese.info\/wp-content\/uploads\/2012\/08\/ospedale-visita-reparti5.jpg 756w, https:\/\/archiviogioia.lavocedelpaese.info\/wp-content\/uploads\/2012\/08\/ospedale-visita-reparti5-300x225.jpg 300w\" sizes=\"auto, (max-width: 300px) 100vw, 300px\" \/>Spostamenti di materiali ed attrezzature giustificate dal fatto \u201cche <b>a Gioia, stante la situazione, non servono pi\u00f9<\/b> e che logica vuole vengano utilizzate l\u00ec dove necessitano\u201d, come per un numero incredibile di medicinali (soprattutto flebo) che hanno preso la solita direzione, Putignano.<\/p>\n<p style=\"text-align: justify;\"><b>Reparti che erano fiori all\u2019occhiello della sanit\u00e0 gioiese che chiudono senza un motivo apparente<\/b> e nonostante i risultati ottenuti in questi anni. <b>Come il reparto di \u201cOculistica\u201d<\/b>, dotato di attrezzature che tutti ci invidiavano, <b>in cui il 10 aprile nel 2008<\/b>, solo poco pi\u00f9 di <img loading=\"lazy\" decoding=\"async\" class=\" alignright size-full wp-image-25516\" style=\"margin: 4px; float: right;\" alt=\"ospedale-visita-reparti9\" src=\"https:\/\/archiviogioia.lavocedelpaese.info\/wp-content\/uploads\/2012\/08\/ospedale-visita-reparti9.jpg\" height=\"225\" width=\"300\" srcset=\"https:\/\/archiviogioia.lavocedelpaese.info\/wp-content\/uploads\/2012\/08\/ospedale-visita-reparti9.jpg 756w, https:\/\/archiviogioia.lavocedelpaese.info\/wp-content\/uploads\/2012\/08\/ospedale-visita-reparti9-300x225.jpg 300w\" sizes=\"auto, (max-width: 300px) 100vw, 300px\" \/>quattro anni fa, <b>veniva inaugurato un \u201cCentro per ipovedenti\u201d in Day Surgery<\/b>.<\/p>\n<p style=\"text-align: justify;\"><b>E che dire della Radiologia? Tante le attrezzature perfettamente funzionanti <\/b>in un reparto all\u2019avanguardia, che sono <b>bloccate perch\u00e9 qualcuno ha deciso di non renderle \u201cproduttive\u201d<\/b>, e quindi di fermarle. Reparti che hanno \u201cservito\u201d circa 6000 pazienti.<\/p>\n<p style=\"text-align: justify;\"><b>A rischio chiusura anche il Laboratorio di Analisi<\/b>, che negli ultimi anni si era dotato di strumenti diagnostici di primo piano a cui hanno fatto ricorso, con ottimi risultati, migliaia di pazienti non solo gioiesi ma provenienti da tutto il circondario. Un reparto <b>costretto a chiudere o a <img loading=\"lazy\" decoding=\"async\" class=\" alignleft size-full wp-image-25517\" style=\"margin: 4px; float: left;\" alt=\"ospedale-visita-reparti8\" src=\"https:\/\/archiviogioia.lavocedelpaese.info\/wp-content\/uploads\/2012\/08\/ospedale-visita-reparti8.jpg\" height=\"225\" width=\"300\" srcset=\"https:\/\/archiviogioia.lavocedelpaese.info\/wp-content\/uploads\/2012\/08\/ospedale-visita-reparti8.jpg 756w, https:\/\/archiviogioia.lavocedelpaese.info\/wp-content\/uploads\/2012\/08\/ospedale-visita-reparti8-300x225.jpg 300w\" sizes=\"auto, (max-width: 300px) 100vw, 300px\" \/>ridimensionare le sue prestazioni, se attueranno il fatidico h12<\/b>. &#8220;Molti degli esami &#8211; riferisce la responsabile del settore &#8211; necessitano per avere i risultati di un periodo pi\u00f9 lungo. <b>Il lavoro oggi lo si completa nel pomeriggio<\/b>, e se ci\u00f2 non sar\u00e0 pi\u00f9 possibile, diventa inutile fare o prescrivere esami di questo genere. Mi viene la pelle d\u2019oca al solo pensiero che le nostre fatiche di anni possano andare in fumo in questo modo, senza un perch\u00e9\u201d.<\/p>\n<p style=\"text-align: justify;\">Un perch\u00e9 che si sono posti tutti i presenti (compreso il vice sindaco<strong> Franco Ventaglini<\/strong> che si era aggiunto nel frattempo) nel corso dell\u2019incontro, ma soprattutto durante la ricognizione effettuata nei reparti. <b>Scalpore ha suscitato la situazione in cui versa il servizio TAC trasformato in un <img loading=\"lazy\" decoding=\"async\" class=\" alignright size-full wp-image-25519\" style=\"margin: 4px; float: right;\" alt=\"TAC-GIOIA\" src=\"https:\/\/archiviogioia.lavocedelpaese.info\/wp-content\/uploads\/2012\/08\/TAC-GIOIA.jpg\" height=\"225\" width=\"300\" srcset=\"https:\/\/archiviogioia.lavocedelpaese.info\/wp-content\/uploads\/2012\/08\/TAC-GIOIA.jpg 756w, https:\/\/archiviogioia.lavocedelpaese.info\/wp-content\/uploads\/2012\/08\/TAC-GIOIA-300x225.jpg 300w\" sizes=\"auto, (max-width: 300px) 100vw, 300px\" \/>deposito-archivio di cartelle<\/b>. Una attrezzatura, \u00e8 risaputo, che non ha mai funzionato a dovere (di tac ne sono state fatte circa dieci), come della diatriba (sempre con Putignano) sul suo arrivo a Gioia, dove <b>a fronte di una spesa di circa 400 mila euro sostenuta dal nostro ospedale ci si aspettava l\u2019arrivo di una Tac nuova non di una usata<\/b>. Non tutti erano a conoscenza che in meno di un anno <b>\u00e8 costata alla collettivit\u00e0 altri 300 mila euro in riparazioni<\/b>.<\/p>\n<p style=\"text-align: justify;\"><b>Soldi buttati dalla finestra, quindi, come le migliaia di euro (360 \u20ac al giorno) pagati agli anestesisti<\/b> per le loro prestazioni aggiuntive fatte fuori orario. Questo fino al 30 giugno perch\u00e9 <b>dal 1\u00b0 luglio non se ne effettuano pi\u00f9<\/b>. Nel nostro nosocomio <b>non sono pi\u00f9 previsti a causa <img loading=\"lazy\" decoding=\"async\" class=\" alignleft size-full wp-image-25520\" style=\"margin: 4px; float: left;\" alt=\"ospedale-visita-reparti4\" src=\"https:\/\/archiviogioia.lavocedelpaese.info\/wp-content\/uploads\/2012\/08\/ospedale-visita-reparti4.jpg\" height=\"225\" width=\"300\" srcset=\"https:\/\/archiviogioia.lavocedelpaese.info\/wp-content\/uploads\/2012\/08\/ospedale-visita-reparti4.jpg 756w, https:\/\/archiviogioia.lavocedelpaese.info\/wp-content\/uploads\/2012\/08\/ospedale-visita-reparti4-300x225.jpg 300w\" sizes=\"auto, (max-width: 300px) 100vw, 300px\" \/>della chiusura del Pronto Soccorso<\/b>. Per non parlare di centinaia di milioni di vecchie lire dirottati vero un\u2019altra struttura presente nei dintorni quando c\u2019era l\u2019obbligo, si \u00e8 detto nell\u2019incontro, di fare gli esami presso quella stessa struttura.<\/p>\n<p style=\"text-align: justify;\"><b>Una visita che ha chiarito, qualora ce ne fosse il dubbio, lo spreco di risorse pubbliche e il pressapochismo con cui si \u00e8 gestita (politicamente) l\u2019intera vicenda<\/b> che ha portato non solo a questa situazione di abbandono, ma anche alla possibilit\u00e0 che vi siano gli estremi, come ha ventilato <b>il consigliere Ottavio Giannico<\/b>, di denunciare quanto accaduto alle autorit\u00e0 giudiziarie, anche per \u201c<b>interruzione di pubblico servizio<\/b>\u201d, se si considera che la famosa delibera del 2011 <img loading=\"lazy\" decoding=\"async\" class=\" alignright size-full wp-image-25521\" style=\"margin: 4px; float: right;\" alt=\"ospedale-visita-reparti10\" src=\"https:\/\/archiviogioia.lavocedelpaese.info\/wp-content\/uploads\/2012\/08\/ospedale-visita-reparti10.jpg\" height=\"225\" width=\"300\" srcset=\"https:\/\/archiviogioia.lavocedelpaese.info\/wp-content\/uploads\/2012\/08\/ospedale-visita-reparti10.jpg 756w, https:\/\/archiviogioia.lavocedelpaese.info\/wp-content\/uploads\/2012\/08\/ospedale-visita-reparti10-300x225.jpg 300w\" sizes=\"auto, (max-width: 300px) 100vw, 300px\" \/>non \u00e8 mai stata annullata n\u00e9 smentita.<\/p>\n<p style=\"text-align: justify;\"><b>E se \u00e8 vero che la decisione sulla chiusura dell\u2019Ospedale Paradiso sia scaturita da una decisione politica, \u00e8 altrettanto plausibile credere e chiedere con forza<\/b>, alla luce di quanto visto e sentito, <b>che una ulteriore e contraria decisione politica possa ripristinare lo \u201cstato dei luoghi\u201d<\/b> a quella che era la situazione preesistente al 2002, anno in cui questa vicenda \u00e8 iniziata.<\/p>\n<p style=\"text-align: justify;\">Ultima annotazione, <b>nonostante la crisi in cui si dice versino il nostro ospedale e la sanit\u00e0 in generale, si provvede a costruire un muro di confine<\/b>, che sicuramente sar\u00e0 costato qualche migliaio di euro, <b>e non si \u00e8 provveduto a spendere 100-200 euro in manifesti per informare la cittadinanza<\/b> di quanto \u00e8 stato fatto fino ad oggi, dalla <b>chiusura di tutti i reparti<\/b>, all\u2019eliminazione e riduzione del Pronto Soccorso, compreso le insegne, <b>al blocco totale dei ricoveri<\/b>. Come mai? Anche di questo, <b>chi ne risponder\u00e0?<\/b><\/p>\n<p style=\"text-align: right;\">(Servizio fotografico a cura di GioiaNet)<b><br \/><\/b><\/p>\n<p>&nbsp;<object width=\"640\" height=\"480\" data=\"http:\/\/www.youtube.com\/v\/LACTKQMSCdU?version=3&amp;hl=it_IT\" type=\"application\/x-shockwave-flash\"><param name=\"movie\" value=\"http:\/\/www.youtube.com\/v\/LACTKQMSCdU?version=3&amp;hl=it_IT\" \/><param name=\"allowFullScreen\" value=\"true\" \/><param name=\"allowscriptaccess\" value=\"always\" \/><\/object> <object type=\"application\/x-shockwave-flash\" width=\"660\" height=\"660\" flashvars=\"host=picasaweb.google.com&amp;hl=it&amp;feat=flashalbum&amp;RGB=0x000000&amp;feed=https:\/\/picasaweb.google.com\/data\/feed\/api\/user\/104626251937098962566\/albumid\/5772124769432898913?alt=rss&amp;kind=photo&amp;authkey=Gv1sRgCNnY6cakn6zl_QE&amp;hl=it\" pluginspage=\"http:\/\/www.macromedia.com\/go\/getflashplayer\" data=\"https:\/\/picasaweb.google.com\/s\/c\/bin\/slideshow.swf\"><param name=\"movie\" value=\"https:\/\/picasaweb.google.com\/s\/c\/bin\/slideshow.swf\" \/><\/object><\/p>\n","protected":false},"excerpt":{"rendered":"","protected":false},"author":1,"featured_media":25506,"comment_status":"open","ping_status":"closed","sticky":false,"template":"","format":"standard","meta":{"colormag_page_container_layout":"default_layout","colormag_page_sidebar_layout":"default_layout","footnotes":""},"categories":[4],"tags":[],"class_list":["post-25523","post","type-post","status-publish","format-standard","has-post-thumbnail","hentry","category-politica"],"_links":{"self":[{"href":"https:\/\/archiviogioia.lavocedelpaese.info\/index.php?rest_route=\/wp\/v2\/posts\/25523","targetHints":{"allow":["GET"]}}],"collection":[{"href":"https:\/\/archiviogioia.lavocedelpaese.info\/index.php?rest_route=\/wp\/v2\/posts"}],"about":[{"href":"https:\/\/archiviogioia.lavocedelpaese.info\/index.php?rest_route=\/wp\/v2\/types\/post"}],"author":[{"embeddable":true,"href":"https:\/\/archiviogioia.lavocedelpaese.info\/index.php?rest_route=\/wp\/v2\/users\/1"}],"replies":[{"embeddable":true,"href":"https:\/\/archiviogioia.lavocedelpaese.info\/index.php?rest_route=%2Fwp%2Fv2%2Fcomments&post=25523"}],"version-history":[{"count":0,"href":"https:\/\/archiviogioia.lavocedelpaese.info\/index.php?rest_route=\/wp\/v2\/posts\/25523\/revisions"}],"wp:featuredmedia":[{"embeddable":true,"href":"https:\/\/archiviogioia.lavocedelpaese.info\/index.php?rest_route=\/wp\/v2\/media\/25506"}],"wp:attachment":[{"href":"https:\/\/archiviogioia.lavocedelpaese.info\/index.php?rest_route=%2Fwp%2Fv2%2Fmedia&parent=25523"}],"wp:term":[{"taxonomy":"category","embeddable":true,"href":"https:\/\/archiviogioia.lavocedelpaese.info\/index.php?rest_route=%2Fwp%2Fv2%2Fcategories&post=25523"},{"taxonomy":"post_tag","embeddable":true,"href":"https:\/\/archiviogioia.lavocedelpaese.info\/index.php?rest_route=%2Fwp%2Fv2%2Ftags&post=25523"}],"curies":[{"name":"wp","href":"https:\/\/api.w.org\/{rel}","templated":true}]}}