{"id":2557,"date":"2010-06-12T04:30:44","date_gmt":"2010-06-12T04:30:44","guid":{"rendered":"https:\/\/archiviogioia.lavocedelpaese.info\/?p=2557"},"modified":"2010-06-12T04:30:44","modified_gmt":"2010-06-12T04:30:44","slug":"la-poesia-del-professor-antonio-lozito-a-spazio-unotre","status":"publish","type":"post","link":"https:\/\/archiviogioia.lavocedelpaese.info\/?p=2557","title":{"rendered":"LA POESIA DEL PROFESSOR LOZITO A SPAZIO UNOTRE"},"content":{"rendered":"<p><img loading=\"lazy\" decoding=\"async\" class=\" size-full wp-image-2550\" alt=\"lozito-spazio-unotre\" src=\"https:\/\/archiviogioia.lavocedelpaese.info\/wp-content\/uploads\/2010\/06\/lozito-spazio-unotre.jpg\" width=\"320\" height=\"150\" srcset=\"https:\/\/archiviogioia.lavocedelpaese.info\/wp-content\/uploads\/2010\/06\/lozito-spazio-unotre.jpg 320w, https:\/\/archiviogioia.lavocedelpaese.info\/wp-content\/uploads\/2010\/06\/lozito-spazio-unotre-300x141.jpg 300w\" sizes=\"auto, (max-width: 320px) 100vw, 320px\" \/> <\/p>\n<p><!--more--><\/p>\n<p style=\"text-align: justify;\"><img loading=\"lazy\" decoding=\"async\" class=\" alignright size-full wp-image-2551\" style=\"margin: 4px; float: right;\" alt=\"giorgio-gasparre\" src=\"https:\/\/archiviogioia.lavocedelpaese.info\/wp-content\/uploads\/2010\/06\/giorgio-gasparre.jpg\" width=\"142\" height=\"191\" srcset=\"https:\/\/archiviogioia.lavocedelpaese.info\/wp-content\/uploads\/2010\/06\/giorgio-gasparre.jpg 689w, https:\/\/archiviogioia.lavocedelpaese.info\/wp-content\/uploads\/2010\/06\/giorgio-gasparre-222x300.jpg 222w\" sizes=\"auto, (max-width: 142px) 100vw, 142px\" \/>\u201c<strong>Vola con il pensiero e giunge in luoghi e contesti diversi!<\/strong>\u201d, in questi termini si esprime il professor <strong>Giorgio Gasparre<\/strong> che <strong>presenta<\/strong>, al pubblico consueto di Spazio UnoTre, \u2013 durante l\u2019incontro avutosi <strong>gioved\u00ec, 10 maggio 2010<\/strong> alle ore 20 \u2013 l\u2019amico e poeta <strong>Antonio Lozito<\/strong>, nato a Gioia nel 1937 e di indubbia fama per i gioiesi. Tramite le parole di Franco Ferrara cos\u00ec continua, \u201c\u00c8 una persona straordinaria che ha dato e spero continuer\u00e0 a dare tanto di s\u00e9 con la modestia che gli \u00e8 nota\u201d.<\/p>\n<div style=\"text-align: justify;\"><\/div>\n<p style=\"text-align: justify;\"><strong>Il prof<\/strong><strong><img loading=\"lazy\" decoding=\"async\" class=\" size-full wp-image-2552\" style=\"margin: 4px; float:  left;\" alt=\"antonio-lozito2\" src=\"https:\/\/archiviogioia.lavocedelpaese.info\/wp-content\/uploads\/2010\/06\/antonio-lozito2.jpg\" width=\"120\" height=\"185\" srcset=\"https:\/\/archiviogioia.lavocedelpaese.info\/wp-content\/uploads\/2010\/06\/antonio-lozito2.jpg 591w, https:\/\/archiviogioia.lavocedelpaese.info\/wp-content\/uploads\/2010\/06\/antonio-lozito2-195x300.jpg 195w\" sizes=\"auto, (max-width: 120px) 100vw, 120px\" \/><\/strong><strong>essor Antonio Lozito, oltre ad aver scritto libri di affascinanti versi<\/strong>, ha scritto saggi di storia locale ed \u00e8 anche un grande studioso e conoscitore letterario. Tra i suoi studi spiccano quelli su Pirandello, Leopardi, don Vincenzo Angelilli, Fortunato Matarrese ed Isabella Morra. Ed \u00e8 su quest\u2019ultima che pone l\u2019attenzione del suo pubblico, leggendo due dei suoi sonetti, perch\u00e9 \u00e8 colei che \u201cha aperto la storia della poesia del Mezzogiorno\u201d e che ha pagato con la vita la sua vocazione letteraria.<\/p>\n<div style=\"text-align: justify;\"><\/div>\n<p style=\"text-align: justify;\"><strong><img loading=\"lazy\" decoding=\"async\" class=\" alignright size-full wp-image-2553\" style=\"margin: 4px; float: right;\" alt=\"antonio-lozito\" src=\"https:\/\/archiviogioia.lavocedelpaese.info\/wp-content\/uploads\/2010\/06\/antonio-lozito.jpg\" width=\"150\" height=\"225\" srcset=\"https:\/\/archiviogioia.lavocedelpaese.info\/wp-content\/uploads\/2010\/06\/antonio-lozito.jpg 690w, https:\/\/archiviogioia.lavocedelpaese.info\/wp-content\/uploads\/2010\/06\/antonio-lozito-200x300.jpg 200w, https:\/\/archiviogioia.lavocedelpaese.info\/wp-content\/uploads\/2010\/06\/antonio-lozito-684x1024.jpg 684w\" sizes=\"auto, (max-width: 150px) 100vw, 150px\" \/>Con un\u2019altra figura femminile<\/strong> \u2013 l\u2019ode a Lady Diana \u2013 <strong>inizia il viaggio fra i suoi versi<\/strong>, \u201cnon \u00e8 finito in un tunnel di Parigi il tuo lungo sorriso che ora vive tra noi\u201d! E con grande sensibilit\u00e0 aggiunge: \u201c[\u2026] Libera e sorridente come la luce, fuggita in un istante dall\u2019universo la tua luce\u201d. \u00c8 una poesia tratta dal libro \u201cPoesie dalla storia e dalla strada\u201d, ultima sua fatica letteraria, edito Suma.<\/p>\n<div style=\"text-align: justify;\"><\/div>\n<p style=\"text-align: justify;\"><strong>La sua \u00e8 una poesia per certi versi esistenzialistica<\/strong>, \u201ccominciai a pensare che il mio nascere e il mio essere non fosse stato il frutto del caso, ma di necessit\u00e0\u201d. \u00c8 una poesia <strong>che parla dello scorrere monotono del tempo<\/strong>, della <strong>\u201cmarcia solitaria\u201d della vita<\/strong>; \u00e8 una poesia che ha gli odori e i colori del Sud, del suo Sud, cos\u00ec drammatico e cos\u00ec amato profondamente, \u201cmani tremanti nelle stazioni per gli addii, con il sapore di un\u2019altra Terra nel cuore\u201d.<\/p>\n<div style=\"text-align: justify;\"><\/div>\n<p style=\"text-align: justify;\"><strong>In \u201cPoesia dal Sud\u201d<\/strong>, libro scritto negli anni Ottanta, <strong>il tema predominante \u00e8 quello del boom economico<\/strong>, degli <strong>uomini del Sud costretti ad emigrare al Nord<\/strong>, \u201csono i meridionali che partono ogni mattina per le grandi citt\u00e0, con i musi induriti dalla rabbia\u201d. La sua \u00e8 una poesia che parla del tempo perduto della giovinezza con le sue passioni e letture divorate, tra le quali spicca l\u2019Odissea e <st1:personname productid=\"La Divina Commedia.\" w:st=\"on\">La Divina Commedia.<\/st1:personname><img loading=\"lazy\" decoding=\"async\" class=\" size-full wp-image-2554\" style=\"margin: 4px; float:  right;\" alt=\"mario-pugliese2\" src=\"https:\/\/archiviogioia.lavocedelpaese.info\/wp-content\/uploads\/2010\/06\/mario-pugliese2.jpg\" width=\"200\" height=\"147\" srcset=\"https:\/\/archiviogioia.lavocedelpaese.info\/wp-content\/uploads\/2010\/06\/mario-pugliese2.jpg 591w, https:\/\/archiviogioia.lavocedelpaese.info\/wp-content\/uploads\/2010\/06\/mario-pugliese2-300x221.jpg 300w\" sizes=\"auto, (max-width: 200px) 100vw, 200px\" \/><\/p>\n<div style=\"text-align: justify;\"><\/div>\n<p style=\"text-align: justify;\"><strong>Non mancano i temi pi\u00f9 attuali e scottanti<\/strong>, e l\u2019ultima poesia letta al suo uditorio, non casualmente, \u00e8 intitolata \u201c<strong>Poesia e Guerra<\/strong>\u201d. \u201cSono lontane le ultime speranze di pace [\u2026] Figli dispersi nella polvere densa della casa. Paese straziato di pianto e disperazione\u201d. Non mancano, inoltre, gli echi letterari tra i quali spicca l\u2019ammirazione per un altro poeta del Sud: Salvatore Quasimodo.<\/p>\n<div style=\"text-align: justify;\"><\/div>\n<p style=\"text-align: justify;\"><strong>Infine<\/strong> come prevede la consueta formula \u2013 che vede l\u2019unirsi di vari linguaggi artistici in un connubio di estrema raffinatezza e che ha regalato alla location di Spazio UnoTre un\u2019indiscussa originalit\u00e0 \u2013, <strong>ci sono stati gli interludi m<\/strong><img loading=\"lazy\" decoding=\"async\" class=\" size-full wp-image-2555\" style=\"margin: 4px; float:  right;\" alt=\"scutura\" src=\"https:\/\/archiviogioia.lavocedelpaese.info\/wp-content\/uploads\/2010\/06\/scutura.jpg\" width=\"115\" height=\"157\" srcset=\"https:\/\/archiviogioia.lavocedelpaese.info\/wp-content\/uploads\/2010\/06\/scutura.jpg 591w, https:\/\/archiviogioia.lavocedelpaese.info\/wp-content\/uploads\/2010\/06\/scutura-219x300.jpg 219w\" sizes=\"auto, (max-width: 115px) 100vw, 115px\" \/><strong>u<\/strong><img loading=\"lazy\" decoding=\"async\" class=\" size-full wp-image-2556\" style=\"margin: 4px; float:  left;\" alt=\"napoleone-pavone\" src=\"https:\/\/archiviogioia.lavocedelpaese.info\/wp-content\/uploads\/2010\/06\/napoleone-pavone.jpg\" width=\"200\" height=\"119\" srcset=\"https:\/\/archiviogioia.lavocedelpaese.info\/wp-content\/uploads\/2010\/06\/napoleone-pavone.jpg 591w, https:\/\/archiviogioia.lavocedelpaese.info\/wp-content\/uploads\/2010\/06\/napoleone-pavone-300x178.jpg 300w\" sizes=\"auto, (max-width: 200px) 100vw, 200px\" \/><strong>sicali<\/strong> dati dalle percussioni di <strong>Napoleone Pavone<\/strong> e la messa in atto, da parte di <strong>Mario Pugliese<\/strong>, sempre attento padrone di casa, di <strong>una scultura raffigurante un volto<\/strong> connotato da una certa particolarit\u00e0 e dalle labbra prominenti. Sia la musica scelta e sia la scultura in s\u00e9 avevano quella piacevolezza che sa dare solo il gusto dell\u2019esotico. Gli incontri, per questa stagione, finiscono qua e ci lasciano nell\u2019attesa di settembre, accompagnati dall\u2019assoluta sicurezza di rincontrare la medesima qualit\u00e0 e ospitalit\u00e0.<\/p>\n<p style=\"text-align: justify;\"><strong>Ringraziamo Fabio Guliersi <\/strong>per aver messo a nostra disposizione le sue opere fotografiche.<\/p>\n","protected":false},"excerpt":{"rendered":"","protected":false},"author":1,"featured_media":2550,"comment_status":"open","ping_status":"closed","sticky":false,"template":"","format":"standard","meta":{"colormag_page_container_layout":"default_layout","colormag_page_sidebar_layout":"default_layout","footnotes":""},"categories":[6],"tags":[],"class_list":["post-2557","post","type-post","status-publish","format-standard","has-post-thumbnail","hentry","category-cultura"],"_links":{"self":[{"href":"https:\/\/archiviogioia.lavocedelpaese.info\/index.php?rest_route=\/wp\/v2\/posts\/2557","targetHints":{"allow":["GET"]}}],"collection":[{"href":"https:\/\/archiviogioia.lavocedelpaese.info\/index.php?rest_route=\/wp\/v2\/posts"}],"about":[{"href":"https:\/\/archiviogioia.lavocedelpaese.info\/index.php?rest_route=\/wp\/v2\/types\/post"}],"author":[{"embeddable":true,"href":"https:\/\/archiviogioia.lavocedelpaese.info\/index.php?rest_route=\/wp\/v2\/users\/1"}],"replies":[{"embeddable":true,"href":"https:\/\/archiviogioia.lavocedelpaese.info\/index.php?rest_route=%2Fwp%2Fv2%2Fcomments&post=2557"}],"version-history":[{"count":0,"href":"https:\/\/archiviogioia.lavocedelpaese.info\/index.php?rest_route=\/wp\/v2\/posts\/2557\/revisions"}],"wp:featuredmedia":[{"embeddable":true,"href":"https:\/\/archiviogioia.lavocedelpaese.info\/index.php?rest_route=\/wp\/v2\/media\/2550"}],"wp:attachment":[{"href":"https:\/\/archiviogioia.lavocedelpaese.info\/index.php?rest_route=%2Fwp%2Fv2%2Fmedia&parent=2557"}],"wp:term":[{"taxonomy":"category","embeddable":true,"href":"https:\/\/archiviogioia.lavocedelpaese.info\/index.php?rest_route=%2Fwp%2Fv2%2Fcategories&post=2557"},{"taxonomy":"post_tag","embeddable":true,"href":"https:\/\/archiviogioia.lavocedelpaese.info\/index.php?rest_route=%2Fwp%2Fv2%2Ftags&post=2557"}],"curies":[{"name":"wp","href":"https:\/\/api.w.org\/{rel}","templated":true}]}}