{"id":25652,"date":"2012-08-07T06:04:26","date_gmt":"2012-08-07T06:04:26","guid":{"rendered":"https:\/\/archiviogioia.lavocedelpaese.info\/?p=25652"},"modified":"2012-08-07T06:04:26","modified_gmt":"2012-08-07T06:04:26","slug":"unestate-gioiese-tra-alti-bassi-e-mezzotono-fotovideo","status":"publish","type":"post","link":"https:\/\/archiviogioia.lavocedelpaese.info\/?p=25652","title":{"rendered":"UN\u2019ESTATE GIOIESE TRA ALTI, BASSI E\u2026 MEZZOTONO-foto\/video"},"content":{"rendered":"<p><img loading=\"lazy\" decoding=\"async\" class=\" size-full wp-image-25644\" style=\"margin-right: 2px; margin-left: 2px;\" alt=\"orchestra-provinciale-pp-estate-gioiese\" src=\"https:\/\/archiviogioia.lavocedelpaese.info\/wp-content\/uploads\/2012\/08\/orchestra-provinciale-pp-estate-gioiese.png\" height=\"150\" width=\"320\" srcset=\"https:\/\/archiviogioia.lavocedelpaese.info\/wp-content\/uploads\/2012\/08\/orchestra-provinciale-pp-estate-gioiese.png 640w, https:\/\/archiviogioia.lavocedelpaese.info\/wp-content\/uploads\/2012\/08\/orchestra-provinciale-pp-estate-gioiese-300x141.png 300w\" sizes=\"auto, (max-width: 320px) 100vw, 320px\" \/><\/p>\n<p><!--more--><\/p>\n<p style=\"text-align: justify;\"><b><img loading=\"lazy\" decoding=\"async\" class=\" alignleft size-full wp-image-25646\" style=\"margin: 4px; float: left;\" alt=\"festa dellaia distilleria\" src=\"https:\/\/archiviogioia.lavocedelpaese.info\/wp-content\/uploads\/2012\/08\/festa_dellaia_distilleria.JPG\" height=\"200\" width=\"300\" srcset=\"https:\/\/archiviogioia.lavocedelpaese.info\/wp-content\/uploads\/2012\/08\/festa_dellaia_distilleria.JPG 720w, https:\/\/archiviogioia.lavocedelpaese.info\/wp-content\/uploads\/2012\/08\/festa_dellaia_distilleria-300x200.jpg 300w\" sizes=\"auto, (max-width: 300px) 100vw, 300px\" \/>Un agosto che si preannuncia incandescente<\/b>\u2026 non solo sotto l\u2019aspetto climatico, <b>segue ad un luglio spumeggiante, animato<\/b> <b>dai concerti<\/b> dell\u2019<b>Orchestra della Provincia<\/b>, di <b>Giuseppe Delre e dei Mezzotono<\/b> &#8211; tre generi diversi per tutti i gusti &#8211; e da una <b>Festa dell\u2019aia<\/b> <b>sotto tono<\/b> che di certo avrebbe meritato pi\u00f9 attenzione sia in Piazza Plebiscito che nella Distilleria Cassano, nonostante l\u2019indiscusso impegno degli organizzatori.<\/p>\n<p style=\"text-align: justify;\">Dopo aver riportato della \u201c<b>Sagra del pupo fritto<\/b>\u201d a Montursi, unico evento di rilievo della prima settimana del mese, rievochiamo i fasti dell\u2019Orchestra del 18 luglio in Piazza Luca D\u2019Andrano.<\/p>\n<p style=\"text-align: justify;\">Il Direttore, <b>M\u00b0 Rino Campanale<\/b> <b>ha portato in concerto<\/b> quattro brani: l\u2019ouverture da \u201cL\u2019italiana in Algeri\u201d di Gioacchino Rossini, l\u2019ouverture da \u201cLe masche<img loading=\"lazy\" decoding=\"async\" class=\" alignright size-full wp-image-25647\" style=\"margin: 4px; float: right;\" alt=\"piera de giorgi orchestra provincia\" src=\"https:\/\/archiviogioia.lavocedelpaese.info\/wp-content\/uploads\/2012\/08\/piera_de_giorgi_orchestra_provincia.JPG\" height=\"213\" width=\"320\" srcset=\"https:\/\/archiviogioia.lavocedelpaese.info\/wp-content\/uploads\/2012\/08\/piera_de_giorgi_orchestra_provincia.JPG 720w, https:\/\/archiviogioia.lavocedelpaese.info\/wp-content\/uploads\/2012\/08\/piera_de_giorgi_orchestra_provincia-300x200.jpg 300w\" sizes=\"auto, (max-width: 320px) 100vw, 320px\" \/>re\u201d di Pietro Mascagni, \u201cEgmont ouverture op. 84 di Ludwig Van Beethoven, e Sinfonia n. 38 in re maggiore K. 504 \u201cPraga\u201d di Mozart\u2026 <b>Un repertorio alquanto ricercato per appassionat<\/b><b>i<\/b>.<\/p>\n<p style=\"text-align: justify;\">Il 22 luglio, secondo concerto \u201cdonato\u201d dalla Provincia, <b>Giuseppe Delre &amp; Big Band Sing American Standard<\/b>. Il musicista diplomato in Canto, Musica Vocale da Camera e Musica Jazz, conosciutissimo in tutta Europa, \u00e8 stato premiato nel 2009 nel <b>Festival Argojazz<\/b> con il BEST CROONER e nel 2010 con il BEST JAZZ SINGER agli <b>Italian Jazz Awards<\/b>. Altrettanto conosciuta la sua sincera passione per <b>Cole Porter<\/b>, cui dedicher\u00e0 un saggio ed il progetto musicale \u201c<b>Giuseppe Delre Sin<\/b><b>gs Cole Porter &amp; The Beat Of A Yearning Desire<\/b>\u201d pubblicato dalla prestigiosa etichetta discografica Abeat Records for Jazz.<\/p>\n<p style=\"text-align: justify;\">In piazza D\u2019Andrano<img loading=\"lazy\" decoding=\"async\" class=\" alignleft size-full wp-image-25648\" style=\"margin: 4px; float: left;\" alt=\"orchestra provinciale panoramica\" src=\"https:\/\/archiviogioia.lavocedelpaese.info\/wp-content\/uploads\/2012\/08\/orchestra_provinciale_panoramica.JPG\" height=\"200\" width=\"300\" srcset=\"https:\/\/archiviogioia.lavocedelpaese.info\/wp-content\/uploads\/2012\/08\/orchestra_provinciale_panoramica.JPG 720w, https:\/\/archiviogioia.lavocedelpaese.info\/wp-content\/uploads\/2012\/08\/orchestra_provinciale_panoramica-300x200.jpg 300w\" sizes=\"auto, (max-width: 300px) 100vw, 300px\" \/> Delre ha portato \u201c<b>Around Sinatra &amp; more<\/b>\u201d, un tributo alla figura del grande <b>Frank Sinatra<\/b>, ripercorrendo i brani musicali pi\u00f9 noti della sua carriera e della storia dei songwriters americani degli anni \u201940 e \u201950 (\u201cMy Way\u201d; \u201cNight and Day\u201d; \u201cI\u2019ve got you under my skin\u201d; \u201cI get a kick out of you\u201d; \u201cMy Way\u201d, \u201cThe Lady Is A Tramp\u201d, e molti altri brani ormai considerati veri e propri evergreen).<\/p>\n<p style=\"text-align: justify;\"><b>\u201cUn viaggio itinerante, ricco di colori e sfumature <\/b>ricreati dagli arrangiamenti originali e coinvolgenti della Big Band. Quest\u2019ultima, attraverso la sua musica, richiama quel senso di duttilit\u00e0, pregnanza ritmica e alternanza fra momenti di distensione e creazione di <b>coinvolgimenti climax espressivi c<\/b><b>he il mondo del jazz <\/b><b><img loading=\"lazy\" decoding=\"async\" class=\" alignright size-full wp-image-25650\" style=\"margin: 4px; float: right;\" alt=\"mezzotono-gruppo\" src=\"https:\/\/archiviogioia.lavocedelpaese.info\/wp-content\/uploads\/2012\/08\/mezzotono-gruppo.jpg\" height=\"225\" width=\"300\" srcset=\"https:\/\/archiviogioia.lavocedelpaese.info\/wp-content\/uploads\/2012\/08\/mezzotono-gruppo.jpg 756w, https:\/\/archiviogioia.lavocedelpaese.info\/wp-content\/uploads\/2012\/08\/mezzotono-gruppo-300x225.jpg 300w\" sizes=\"auto, (max-width: 300px) 100vw, 300px\" \/><\/b><b>chiama swing<\/b>\u201d.<\/p>\n<p style=\"text-align: justify;\">Il 26 luglio in Piazza D\u2019Andrano puntualissimi si esibiscono i \u201c<b>Mezzotono<\/b>\u201d, <b>cantanti pugliesi specializzati in canto \u201ca cappella\u201d<\/b> che hanno simpaticamente interagito con il pubblico, mixando cultura e intrattenimento.<\/p>\n<p style=\"text-align: justify;\">E <b>all\u2019estero i loro concerti \u201csbancano\u201d<\/b> in ben 18 paesi!<\/p>\n<p style=\"text-align: justify;\">\u201cAbbiamo ricevuto moltissime soddisfazioni <b>in Albania, Slovenia, Principato di Monaco, Austria, Romania e nelle pi\u00f9 lontane Taiwan e Arabia Saudita<\/b>. In questo la nostra &#8220;italianit\u00e0&#8221; ci aiuta molto e riusciamo a portare a chi \u00e8 lontano dalla nostra adorata penisola un po&#8217; di sole. Ma quello che ci fa pi\u00f9 piacere \u00e8 la reazione del pubblico straniero. Spesso sono proprio loro i pi\u00f9 coinvolti! Ultimamente per\u00f2 abbiamo raccolto delle <b>soddisfazioni anche in Italia<\/b> (a Varese lo scorso anno abbiamo vinto il <b>Solevoci <\/b>festival e di recente da un concerto per il <b>VivaVoce<\/b> festival di Treviso). Chiss\u00e0 quindi <img loading=\"lazy\" decoding=\"async\" class=\" alignleft size-full wp-image-25651\" style=\"margin: 4px; float: left;\" alt=\"mezzotono-duo\" src=\"https:\/\/archiviogioia.lavocedelpaese.info\/wp-content\/uploads\/2012\/08\/mezzotono-duo.jpg\" height=\"225\" width=\"300\" srcset=\"https:\/\/archiviogioia.lavocedelpaese.info\/wp-content\/uploads\/2012\/08\/mezzotono-duo.jpg 756w, https:\/\/archiviogioia.lavocedelpaese.info\/wp-content\/uploads\/2012\/08\/mezzotono-duo-300x225.jpg 300w\" sizes=\"auto, (max-width: 300px) 100vw, 300px\" \/>che il detto &#8220;nemo propheta in patria&#8221; non possa essere contraddetto proprio da noi&#8230;\u201d.<\/p>\n<p style=\"text-align: justify;\"><b>Divertenti le esibizioni<\/b><b> in gruppo<\/b> e molto coinvolgenti le singole. Nei brani \u201cmusicati\u201d solo pianoforte come sottofondo, per creare suggestive atmosfere.<\/p>\n<p style=\"text-align: justify;\">Da \u201ccover\u201d di <b>Domenico Modug<\/b><b>no<\/b> l\u2019ottimo <b>Ciccio Regina<\/b>, puro virtuosismo vocale jazz con la simpatica e bella <b>Gaia Gentile<\/b>, swing e allegria per <b>Fabio Lepore<\/b>. Non da meno <b>Andrea Maurelli<\/b> e <b>Daniela Desideri<\/b>, voce \u201cliricamente\u201d jazz nonch\u00e9 icona della formazione musicale in questa occasione \u201corfana\u201d di <b>Marco Giuliani e Francesca Leone<\/b>. Chiusura corale con \u201cVolare\u201d cantata anche dal pubblico, mentre come ormai di consueto i ringraziamenti alle autorit\u00e0 son caduti\u2026 nel nulla. Nessun politico ama evidentemente le estati &#8220;sottotono&#8221; nonostante i \u201c<b>Mezzotono<\/b>\u201d.<\/p>\n<p style=\"text-align: justify;\">Un sentito grazie a<strong> Mario Di Giuseppe<\/strong> per il suo apprezzato contributo fotografico.<\/p>\n<p><object width=\"640\" height=\"480\" data=\"http:\/\/www.youtube.com\/v\/9chujlqFAsU?version=3&amp;hl=it_IT\" type=\"application\/x-shockwave-flash\"><param name=\"movie\" value=\"http:\/\/www.youtube.com\/v\/9chujlqFAsU?version=3&amp;hl=it_IT\" \/><param name=\"allowFullScreen\" value=\"true\" \/><param name=\"allowscriptaccess\" value=\"always\" \/><\/object> <object type=\"application\/x-shockwave-flash\" width=\"660\" height=\"660\" flashvars=\"host=picasaweb.google.com&amp;hl=it&amp;feat=flashalbum&amp;RGB=0x000000&amp;feed=https:\/\/picasaweb.google.com\/data\/feed\/api\/user\/104626251937098962566\/albumid\/5773862009642618497?alt=rss&amp;kind=photo&amp;authkey=Gv1sRgCPaoic7u1MikSw&amp;hl=it\" pluginspage=\"http:\/\/www.macromedia.com\/go\/getflashplayer\" data=\"https:\/\/picasaweb.google.com\/s\/c\/bin\/slideshow.swf\"><param name=\"movie\" value=\"https:\/\/picasaweb.google.com\/s\/c\/bin\/slideshow.swf\" \/><\/object> <object type=\"application\/x-shockwave-flash\" width=\"660\" height=\"660\" flashvars=\"host=picasaweb.google.com&amp;hl=it&amp;feat=flashalbum&amp;RGB=0x000000&amp;feed=https:\/\/picasaweb.google.com\/data\/feed\/api\/user\/104626251937098962566\/albumid\/5773864820405364641?alt=rss&amp;kind=photo&amp;authkey=Gv1sRgCIj54siA5vCibQ&amp;hl=it\" pluginspage=\"http:\/\/www.macromedia.com\/go\/getflashplayer\" data=\"https:\/\/picasaweb.google.com\/s\/c\/bin\/slideshow.swf\"><param name=\"movie\" value=\"https:\/\/picasaweb.google.com\/s\/c\/bin\/slideshow.swf\" \/><\/object><\/p>\n","protected":false},"excerpt":{"rendered":"","protected":false},"author":1,"featured_media":25644,"comment_status":"open","ping_status":"closed","sticky":false,"template":"","format":"standard","meta":{"colormag_page_container_layout":"default_layout","colormag_page_sidebar_layout":"default_layout","footnotes":""},"categories":[7],"tags":[],"class_list":["post-25652","post","type-post","status-publish","format-standard","has-post-thumbnail","hentry","category-attualita"],"_links":{"self":[{"href":"https:\/\/archiviogioia.lavocedelpaese.info\/index.php?rest_route=\/wp\/v2\/posts\/25652","targetHints":{"allow":["GET"]}}],"collection":[{"href":"https:\/\/archiviogioia.lavocedelpaese.info\/index.php?rest_route=\/wp\/v2\/posts"}],"about":[{"href":"https:\/\/archiviogioia.lavocedelpaese.info\/index.php?rest_route=\/wp\/v2\/types\/post"}],"author":[{"embeddable":true,"href":"https:\/\/archiviogioia.lavocedelpaese.info\/index.php?rest_route=\/wp\/v2\/users\/1"}],"replies":[{"embeddable":true,"href":"https:\/\/archiviogioia.lavocedelpaese.info\/index.php?rest_route=%2Fwp%2Fv2%2Fcomments&post=25652"}],"version-history":[{"count":0,"href":"https:\/\/archiviogioia.lavocedelpaese.info\/index.php?rest_route=\/wp\/v2\/posts\/25652\/revisions"}],"wp:featuredmedia":[{"embeddable":true,"href":"https:\/\/archiviogioia.lavocedelpaese.info\/index.php?rest_route=\/wp\/v2\/media\/25644"}],"wp:attachment":[{"href":"https:\/\/archiviogioia.lavocedelpaese.info\/index.php?rest_route=%2Fwp%2Fv2%2Fmedia&parent=25652"}],"wp:term":[{"taxonomy":"category","embeddable":true,"href":"https:\/\/archiviogioia.lavocedelpaese.info\/index.php?rest_route=%2Fwp%2Fv2%2Fcategories&post=25652"},{"taxonomy":"post_tag","embeddable":true,"href":"https:\/\/archiviogioia.lavocedelpaese.info\/index.php?rest_route=%2Fwp%2Fv2%2Ftags&post=25652"}],"curies":[{"name":"wp","href":"https:\/\/api.w.org\/{rel}","templated":true}]}}