{"id":25741,"date":"2012-08-10T04:38:18","date_gmt":"2012-08-10T04:38:18","guid":{"rendered":"https:\/\/archiviogioia.lavocedelpaese.info\/?p=25741"},"modified":"2012-08-10T04:38:18","modified_gmt":"2012-08-10T04:38:18","slug":"special-guest-bugo-al-gioia-rock-festival-2012-3","status":"publish","type":"post","link":"https:\/\/archiviogioia.lavocedelpaese.info\/?p=25741","title":{"rendered":"SPECIAL GUEST BUGO AL \u201cGIOIA ROCK FESTIVAL 2012\u201d"},"content":{"rendered":"<p><img loading=\"lazy\" decoding=\"async\" class=\" size-full wp-image-25730\" style=\"margin-right: 2px; margin-left: 2px;\" alt=\"bugo-ok-orizz-PP\" src=\"https:\/\/archiviogioia.lavocedelpaese.info\/wp-content\/uploads\/2012\/08\/bugo-ok-orizz-PP.png\" height=\"150\" width=\"320\" srcset=\"https:\/\/archiviogioia.lavocedelpaese.info\/wp-content\/uploads\/2012\/08\/bugo-ok-orizz-PP.png 640w, https:\/\/archiviogioia.lavocedelpaese.info\/wp-content\/uploads\/2012\/08\/bugo-ok-orizz-PP-300x141.png 300w\" sizes=\"auto, (max-width: 320px) 100vw, 320px\" \/><\/p>\n<p><!--more--><\/p>\n<p style=\"text-align: justify;\"><img loading=\"lazy\" decoding=\"async\" class=\" alignleft size-full wp-image-25731\" style=\"margin: 4px; float: left;\" alt=\"gioiarock2011\" src=\"https:\/\/archiviogioia.lavocedelpaese.info\/wp-content\/uploads\/2012\/08\/gioiarock2011.jpg\" height=\"200\" width=\"300\" srcset=\"https:\/\/archiviogioia.lavocedelpaese.info\/wp-content\/uploads\/2012\/08\/gioiarock2011.jpg 720w, https:\/\/archiviogioia.lavocedelpaese.info\/wp-content\/uploads\/2012\/08\/gioiarock2011-300x200.jpg 300w\" sizes=\"auto, (max-width: 300px) 100vw, 300px\" \/>Il <b>Circolo Arci Lebowski <\/b>\u00e8 lieto di annunciare<b> <\/b>la<b> terza edizione <\/b>consecutiva del<b> Gioia Rock Festival<\/b>, culmine e conclusione del <b>contest musicale M.A.C. 1.2<\/b>. L\u2019evento avr\u00e0 luogo il <b>31 agosto<\/b> 2012 nel parcheggio del Palazzetto dello Sport \u201cP. Capurso\u201d in Via Einaudi 1050. <b>Si contenderanno il titolo di vincitore<\/b> ed il premio (400 \u20ac in buono d\u2019acquisto per strumenti musicali) i tre finalisti del contest: <b>No Broken Bottom, We Love You, Carolina Da Siena<\/b>.<\/p>\n<p style=\"text-align: justify;\">I monopolitani No Broken Bottom (<b>Francesco Lagalante<\/b> \u2013 voce e chitarra, <b>Sante Corbacio<\/b> \u2013 batteria, <b>Danilo Rotolo <\/b>\u2013 chitarra, Vito De Michele \u2013 basso), formatisi nell\u2019autunno 2007 e con all\u2019attivo una demo, sono attualmente al lavoro per la pubblicazione del loro primo full-lenght. I baresi We Love You (<b>Michele Ventrella<\/b> \u2013 voce e chitarra, <b>Alessandro Ferrara<\/b> \u2013 batteria, <b><img loading=\"lazy\" decoding=\"async\" class=\" alignright size-full wp-image-25732\" style=\"margin: 4px; vertical-align: middle; float: right;\" alt=\"pubbgioiarock2\" src=\"https:\/\/archiviogioia.lavocedelpaese.info\/wp-content\/uploads\/2012\/08\/pubbgioiarock2.jpg\" height=\"225\" width=\"300\" srcset=\"https:\/\/archiviogioia.lavocedelpaese.info\/wp-content\/uploads\/2012\/08\/pubbgioiarock2.jpg 720w, https:\/\/archiviogioia.lavocedelpaese.info\/wp-content\/uploads\/2012\/08\/pubbgioiarock2-300x225.jpg 300w\" sizes=\"auto, (max-width: 300px) 100vw, 300px\" \/>Agostino Scaranello<\/b> \u2013 basso) approdano al Gioia Rock rinvigoriti dal loro primo album fresco d\u2019uscita (maggio 2012) \u201cWe Got It\u201d. La biscegliese <b>Caterina Da Siena<\/b> porta con s\u00e9 il suo spontaneo ed arguto cantautorato che in poco tempo l\u2019ha condotta a numerosi riconoscimenti, fra cui il recente Premio Maggio, e le ha consentito di aprire i concerti di importanti artisti italiani (Mariposa, Zen Circus e altri).<\/p>\n<p style=\"text-align: justify;\"><b>In coda alla finalissima, l\u2019attesa esibizione dello special guest BUGO<\/b>. Il \u201cmenestrello\u201d novarese \u2013 emerso ufficialmente dall\u2019underground nel lontano 2002 firmando un contratto per la Universal \u2013 ritorna al Sud col suo prezioso bagaglio musicale, costruito su una significativa produzione (8 album in studio e una serie ininterrotta di EP e di singoli) ed ulteriormente <img loading=\"lazy\" decoding=\"async\" class=\" alignleft size-full wp-image-25733\" style=\"margin: 4px; float: left;\" alt=\"I-Miei-Occhi-Vedono\" src=\"https:\/\/archiviogioia.lavocedelpaese.info\/wp-content\/uploads\/2012\/08\/I-Miei-Occhi-Vedono.jpg\" height=\"256\" width=\"256\" srcset=\"https:\/\/archiviogioia.lavocedelpaese.info\/wp-content\/uploads\/2012\/08\/I-Miei-Occhi-Vedono.jpg 256w, https:\/\/archiviogioia.lavocedelpaese.info\/wp-content\/uploads\/2012\/08\/I-Miei-Occhi-Vedono-150x150.jpg 150w\" sizes=\"auto, (max-width: 256px) 100vw, 256px\" \/>impreziosito dalla sua ultima, acclamata fatica discografica \u201cNuovi rimedi per la miopia\u201d. Il \u201cBeck\u201d italiano, personaggio trasversale al cantautorato nostrano, <b>salir\u00e0 sul palco del Gioia Rock a raccontare storie di \u201cquotidiana alienazione metropolitana\u201d<\/b>, ad offrirci le sue disilluse istantanee dei tempi moderni.<\/p>\n<p style=\"text-align: justify;\">L\u2019evento artistico-culturale si pone fondamentalmente quale catalizzatore del <b>tema dell\u2019immigrazion<\/b>e, fuoco dell\u2019impegno sociale dell\u2019Associazione Culturale Arci Lebowski. Nasce infatti quest\u2019anno una significativa collaborazione nell\u2019ambito di <b>un\u2019iniziativa ideata dalla struttura ricettiva <a href=\"http:\/\/Wa.Ro.Si\" target=\"_blank\" rel=\"noopener\"><span style=\"color: blue;\">Wa.Ro.Si<\/span><\/a>., che ha accolto un gruppo di 30 richiedenti asilo<\/b> provenienti da vari Paesi dell\u2019Africa, alcuni di loro profughi della guerra in Libia. Nella fattispecie, l\u2019Arci Lebowski ha dato inizio ad un progetto multimediale di avviamento propedeutico alla lingua italiana, primo e fondamentale passo verso l\u2019integrazione. <img loading=\"lazy\" decoding=\"async\" class=\" alignright size-full wp-image-25735\" style=\"margin: 4px; float: right;\" alt=\"corso italiano\" src=\"https:\/\/archiviogioia.lavocedelpaese.info\/wp-content\/uploads\/2012\/08\/corso_italiano.jpg\" height=\"199\" width=\"300\" srcset=\"https:\/\/archiviogioia.lavocedelpaese.info\/wp-content\/uploads\/2012\/08\/corso_italiano.jpg 720w, https:\/\/archiviogioia.lavocedelpaese.info\/wp-content\/uploads\/2012\/08\/corso_italiano-300x199.jpg 300w\" sizes=\"auto, (max-width: 300px) 100vw, 300px\" \/>Integrazione che contempla anche il coinvolgimento diretto dei rifugiati nelle attivit\u00e0 organizzate dall\u2019Ass.ne stessa, dagli eventi musicali ai cineforum. <b>A tal proposito interverr\u00e0 il musicista e compositore gioiese Roberto Redavid<\/b>, in qualit\u00e0 di portavoce della comunit\u00e0 musulmana, in un tentativo di approfondimento e sensibilizzazione nei confronti di un tema, quello dell\u2019immigrazione, spesso e delicato, paradossalmente piuttosto marginale e bistrattato nella nostra cultura nazionale.<\/p>\n<p style=\"text-align: justify;\"><b>Il Circolo Arci Lebowski \u00e8 un\u2019associazione di promozione sociale e cerca dunque di creare nuovi spazi di aggregazione per i giovani<\/b>, nuove prospettive artistiche e culturali, stimoli <img loading=\"lazy\" decoding=\"async\" class=\" alignleft size-full wp-image-25736\" style=\"margin: 4px; float: left;\" alt=\"logo\" src=\"https:\/\/archiviogioia.lavocedelpaese.info\/wp-content\/uploads\/2012\/08\/logo.jpg\" height=\"200\" width=\"200\" srcset=\"https:\/\/archiviogioia.lavocedelpaese.info\/wp-content\/uploads\/2012\/08\/logo.jpg 720w, https:\/\/archiviogioia.lavocedelpaese.info\/wp-content\/uploads\/2012\/08\/logo-300x300.jpg 300w, https:\/\/archiviogioia.lavocedelpaese.info\/wp-content\/uploads\/2012\/08\/logo-150x150.jpg 150w\" sizes=\"auto, (max-width: 200px) 100vw, 200px\" \/>all\u2019integrazione e all\u2019interazione multirazziale. Intenti comuni alla comunit\u00e0 gioiese, che negli ultimi anni annovera pi\u00f9 associazioni che con le loro iniziative tendono ai medesimi obiettivi. Significativa in tal senso \u00e8 la partecipazione all\u2019evento di <b>graditi ospiti<\/b>, alcuni dei quali hanno gi\u00e0 collaborato in passato con L\u2019Arci Lebowski: <b>Amnesty International, Emergency, Officine Fotografiche, ADAN<\/b> (Associazione Difesa Animali di Grumo Appula), <b>Libera, WWF<\/b>; quest\u2019anno saranno inoltre presenti con i loro stand: <b>Rockerella, i Malavoglia, Primavera Gioia, Collettivo Culturale, UAAR Bari <\/b>(Unione degli Atei e degli Agnostici Razionalisti).<\/p>\n<p style=\"text-align: justify;\">L\u2019organizzazione \u201cintegrata\u201d dell\u2019evento ne mette in luce il potenziale socio-culturale, che non si limita esclusivamente alle esibizioni musicali. <b>A fare da contorno<\/b>, come ogni anno, interverranno <b>mostre ed installazioni ad opera di artisti locali<\/b>, gi\u00e0 noti od emergenti. Tale aspetto render\u00e0 il Gioia Rock Festival un evento poliedrico, un crocevia di culture e di linguaggi multimediali, nell\u2019inesauribile tentativo di migliorarsi e migliorare.<\/p>\n<p style=\"text-align: justify;\"><img loading=\"lazy\" decoding=\"async\" class=\" size-full wp-image-25738\" style=\"margin: 2px; vertical-align: middle;\" alt=\"gioia rock festival bugo\" src=\"https:\/\/archiviogioia.lavocedelpaese.info\/wp-content\/uploads\/2012\/08\/gioia_rock_festival_bugo.jpg\" height=\"943\" width=\"660\" srcset=\"https:\/\/archiviogioia.lavocedelpaese.info\/wp-content\/uploads\/2012\/08\/gioia_rock_festival_bugo.jpg 672w, https:\/\/archiviogioia.lavocedelpaese.info\/wp-content\/uploads\/2012\/08\/gioia_rock_festival_bugo-210x300.jpg 210w\" sizes=\"auto, (max-width: 660px) 100vw, 660px\" \/><\/p>\n<p><object width=\"640\" height=\"360\" data=\"http:\/\/www.youtube.com\/v\/Ho-Gx9yiew4?version=3&amp;hl=it_IT\" type=\"application\/x-shockwave-flash\"><param name=\"movie\" value=\"http:\/\/www.youtube.com\/v\/Ho-Gx9yiew4?version=3&amp;hl=it_IT\" \/><param name=\"allowFullScreen\" value=\"true\" \/><param name=\"allowscriptaccess\" value=\"always\" \/><\/object> <object width=\"640\" height=\"480\" data=\"http:\/\/www.youtube.com\/v\/evJffmLY_nE?version=3&amp;hl=it_IT\" type=\"application\/x-shockwave-flash\"><param name=\"movie\" value=\"http:\/\/www.youtube.com\/v\/evJffmLY_nE?version=3&amp;hl=it_IT\" \/><param name=\"allowFullScreen\" value=\"true\" \/><param name=\"allowscriptaccess\" value=\"always\" \/><\/object><\/p>\n","protected":false},"excerpt":{"rendered":"","protected":false},"author":1,"featured_media":25730,"comment_status":"open","ping_status":"closed","sticky":false,"template":"","format":"standard","meta":{"colormag_page_container_layout":"default_layout","colormag_page_sidebar_layout":"default_layout","footnotes":""},"categories":[7],"tags":[],"class_list":["post-25741","post","type-post","status-publish","format-standard","has-post-thumbnail","hentry","category-attualita"],"_links":{"self":[{"href":"https:\/\/archiviogioia.lavocedelpaese.info\/index.php?rest_route=\/wp\/v2\/posts\/25741","targetHints":{"allow":["GET"]}}],"collection":[{"href":"https:\/\/archiviogioia.lavocedelpaese.info\/index.php?rest_route=\/wp\/v2\/posts"}],"about":[{"href":"https:\/\/archiviogioia.lavocedelpaese.info\/index.php?rest_route=\/wp\/v2\/types\/post"}],"author":[{"embeddable":true,"href":"https:\/\/archiviogioia.lavocedelpaese.info\/index.php?rest_route=\/wp\/v2\/users\/1"}],"replies":[{"embeddable":true,"href":"https:\/\/archiviogioia.lavocedelpaese.info\/index.php?rest_route=%2Fwp%2Fv2%2Fcomments&post=25741"}],"version-history":[{"count":0,"href":"https:\/\/archiviogioia.lavocedelpaese.info\/index.php?rest_route=\/wp\/v2\/posts\/25741\/revisions"}],"wp:featuredmedia":[{"embeddable":true,"href":"https:\/\/archiviogioia.lavocedelpaese.info\/index.php?rest_route=\/wp\/v2\/media\/25730"}],"wp:attachment":[{"href":"https:\/\/archiviogioia.lavocedelpaese.info\/index.php?rest_route=%2Fwp%2Fv2%2Fmedia&parent=25741"}],"wp:term":[{"taxonomy":"category","embeddable":true,"href":"https:\/\/archiviogioia.lavocedelpaese.info\/index.php?rest_route=%2Fwp%2Fv2%2Fcategories&post=25741"},{"taxonomy":"post_tag","embeddable":true,"href":"https:\/\/archiviogioia.lavocedelpaese.info\/index.php?rest_route=%2Fwp%2Fv2%2Ftags&post=25741"}],"curies":[{"name":"wp","href":"https:\/\/api.w.org\/{rel}","templated":true}]}}