{"id":25793,"date":"2012-08-11T09:05:36","date_gmt":"2012-08-11T09:05:36","guid":{"rendered":"https:\/\/archiviogioia.lavocedelpaese.info\/?p=25793"},"modified":"2012-08-11T09:05:36","modified_gmt":"2012-08-11T09:05:36","slug":"questa-sera-i-suoni-della-murgia-degli-uaragniaun-2","status":"publish","type":"post","link":"https:\/\/archiviogioia.lavocedelpaese.info\/?p=25793","title":{"rendered":"QUESTA SERA I SUONI DELLA MURGIA DEGLI \u201cUARAGNIAUN\u201d"},"content":{"rendered":"<p><img loading=\"lazy\" decoding=\"async\" class=\" size-full wp-image-25778\" style=\"margin-right: 2px; margin-left: 2px;\" alt=\"Uaragniaun-2012-PP\" src=\"https:\/\/archiviogioia.lavocedelpaese.info\/wp-content\/uploads\/2012\/08\/Uaragniaun-2012-PP.png\" height=\"150\" width=\"320\" srcset=\"https:\/\/archiviogioia.lavocedelpaese.info\/wp-content\/uploads\/2012\/08\/Uaragniaun-2012-PP.png 640w, https:\/\/archiviogioia.lavocedelpaese.info\/wp-content\/uploads\/2012\/08\/Uaragniaun-2012-PP-300x141.png 300w\" sizes=\"auto, (max-width: 320px) 100vw, 320px\" \/><\/p>\n<p><!--more--><\/p>\n<p style=\"text-align: justify;\"><b><img loading=\"lazy\" decoding=\"async\" class=\" alignright size-full wp-image-25781\" style=\"margin: 4px; float: right;\" alt=\"uaragniaun suoni della murgia\" src=\"https:\/\/archiviogioia.lavocedelpaese.info\/wp-content\/uploads\/2012\/08\/uaragniaun_suoni_della_murgia.jpg\" height=\"220\" width=\"220\" srcset=\"https:\/\/archiviogioia.lavocedelpaese.info\/wp-content\/uploads\/2012\/08\/uaragniaun_suoni_della_murgia.jpg 220w, https:\/\/archiviogioia.lavocedelpaese.info\/wp-content\/uploads\/2012\/08\/uaragniaun_suoni_della_murgia-150x150.jpg 150w\" sizes=\"auto, (max-width: 220px) 100vw, 220px\" \/>Oggi, sabato 11 agosto, terzo<\/b> <b>appuntamento per Suoni della Murgia<\/b> <b>2012<\/b> in contemporanea <b>in due diverse citt\u00e0<\/b>.<\/p>\n<p style=\"text-align: justify;\">Qui da noi, a <b>Gioia del Colle<\/b>, in piazza Plebiscito, ore 21, <b>Maria Moramarco &amp; Uaragniaun<\/b> proporranno <span style=\"color: black;\">canti a distesa, tarantelle, canzoni d\u2019amore, canti religiosi, tammurriate, canti di lavoro, balli e ritmi della grande musica popolare Meridionale e della Murgia barese.<\/span><\/p>\n<p style=\"text-align: justify;\">Ad <b>Altamura<\/b>, presso il Monastero del Soccorso (corso Federico II), ore 21, sar\u00e0 il gruppo pugliese <b>Ventanas<\/b> a proporre una lettura contemporanea della musica etnica del bacino del Mediterraneo.<\/p>\n<h3 style=\"text-align: justify;\"><b>Uaragniaun (Puglia)<\/b><\/h3>\n<div style=\"text-align: justify;\"><span style=\"color: black;\">Maria <b>Moramarco &#8211; <\/b>voce, chitarra<\/span><\/div>\n<div style=\"text-align: justify;\"><span style=\"color: black;\">Luigi <b>Bolognese<\/b> &#8211; chitarra, bouzuki, mandoloncello<\/span><\/div>\n<div style=\"text-align: justify;\"><span style=\"color: black;\">Silvio <b>Teot<\/b> &#8211; percussioni, flauti, voce<\/span><\/div>\n<div><span style=\"color: black;\"><img loading=\"lazy\" decoding=\"async\" class=\" alignright size-full wp-image-25784\" style=\"margin-right: 2px; margin-left: 2px; float: right;\" alt=\"uaragniaun zampogna\" src=\"https:\/\/archiviogioia.lavocedelpaese.info\/wp-content\/uploads\/2012\/08\/uaragniaun_zampogna.jpg\" height=\"165\" width=\"220\" \/>Nico <b>Berardi<\/b> &#8211; zampogna, charango, quena, chitarra<\/span><\/div>\n<div style=\"text-align: justify;\"><span style=\"color: black;\">Filippo <b>Giordano &#8211; <\/b>violino<\/span><\/div>\n<p style=\"text-align: justify;\"><span style=\"color: black;\">Uaragniaun \u00e8 un progetto musicale per raccontare le ancestrali storie del popolo delle pietre, le miserie e lenobilt\u00e0 dei &#8220;cafoni all&#8217;inferno&#8221;: uomini, bestie ed eroi della civilt\u00e0 contadina pugliese.<\/span><\/p>\n<p style=\"text-align: justify;\"><b><span style=\"color: black;\">Maria Moramarco<\/span><\/b><span style=\"color: black;\"> \u00e8 il cuore del progetto: \u00e8 la ricerca e la voce. Una voce cristallina e potente, figlia naturale degli antichi cantori e cantatrici che hanno tramandato la tradizione orale nelle contrade murgiane e della Puglia, terra meridiana, di confine, con le vicine civilt\u00e0 mediterranee. <\/span><\/p>\n<p style=\"text-align: justify;\"><span style=\"color: black;\">Con il chitarrista <strong>Luigi Bolognese<\/strong> e il percussionista <strong>Silvio Teot<\/strong> il trio altamurano percorre dal 1978 un lungo percorso di <img loading=\"lazy\" decoding=\"async\" class=\" alignright size-full wp-image-25786\" style=\"margin: 4px; float: right;\" alt=\"Uaragniaun Buika 0019\" src=\"https:\/\/archiviogioia.lavocedelpaese.info\/wp-content\/uploads\/2012\/08\/Uaragniaun_Buika_0019.jpg\" height=\"200\" width=\"300\" srcset=\"https:\/\/archiviogioia.lavocedelpaese.info\/wp-content\/uploads\/2012\/08\/Uaragniaun_Buika_0019.jpg 600w, https:\/\/archiviogioia.lavocedelpaese.info\/wp-content\/uploads\/2012\/08\/Uaragniaun_Buika_0019-300x200.jpg 300w\" sizes=\"auto, (max-width: 300px) 100vw, 300px\" \/>rivisitazione di un immenso patrimonio di canti e musiche della tradizione immateriale.<\/span><\/p>\n<p style=\"text-align: justify;\"><span style=\"color: black;\">Repertori mai esplorati vengono alla luce e <strong>il &#8220;progetto Uaragniaun&#8221; si propone di rivitalizzare, attraverso una lettura critica, i canti inediti della musica popolare pugliese<\/strong> e, in particolare, della Murgia barese. Canti a distesa, tarantelle, canzoni d\u2019amore, canti religiosi, tammurriate, canti di lavoro, balli e ritmi della grande musica popolare Meridionale, trovano una nuova dimensione musicale in un mix che mette insieme tradizione e innovazione. Attraverso il recupero degli strumenti tradizionali, il gruppo elabora soluzioni musicali di grande respiro che valorizzano ulteriormente le straordinarie capacit\u00e0 vocali della Moramarco, una delle voci pi\u00f9 originali del sud Italia.<\/span><\/p>\n<h3><b>Ventan<\/b><span style=\"color: black;\"><img loading=\"lazy\" decoding=\"async\" class=\" alignleft size-full wp-image-25787\" style=\"margin: 4px; float: left;\" alt=\"m SDM2012 Manifesto\" src=\"https:\/\/archiviogioia.lavocedelpaese.info\/wp-content\/uploads\/2012\/08\/m_SDM2012_Manifesto.jpg\" height=\"358\" width=\"250\" srcset=\"https:\/\/archiviogioia.lavocedelpaese.info\/wp-content\/uploads\/2012\/08\/m_SDM2012_Manifesto.jpg 419w, https:\/\/archiviogioia.lavocedelpaese.info\/wp-content\/uploads\/2012\/08\/m_SDM2012_Manifesto-210x300.jpg 210w\" sizes=\"auto, (max-width: 250px) 100vw, 250px\" \/><\/span><b>as (Puglia) <\/b><\/h3>\n<div style=\"text-align: justify;\"><span style=\"color: black;\">Vito M. <b>Laforgia<\/b> &#8211; contrabbasso<\/span><\/div>\n<div style=\"text-align: justify;\"><span style=\"color: black;\">Adolofo <b>La Volpe<\/b> &#8211; oud\/chitarra<\/span><\/div>\n<div style=\"text-align: justify;\"><span style=\"color: black;\">Francesco <b>De Palma<\/b> &#8211; percussioni<\/span><\/div>\n<div style=\"text-align: justify;\"><span style=\"color: black;\">Giorgio <b>Albanese<\/b> &#8211; fisarmonica<\/span><\/div>\n<p style=\"text-align: justify;\"><span style=\"color: black;\">Spagna, met\u00e0 del 1200: alla corte di Alfonso X \u201cEl Sabio\u201d le tre religioni monoteiste (ebraica, cristiana, islamica) convivono armoniosamente, e le rispettive tradizioni musicali (le romanze sefardite, le Cantigas de Santa Maria, le nube arabo-andaluse, etc.), si influenzano e si contaminano reciprocamente. <\/span><\/p>\n<p style=\"text-align: justify;\"><span style=\"color: black;\">Spagna, 1492. I sovrani Isabella I di Castiglia e Ferdinando II d\u2019Aragona decretano l\u2019espulsione delle popolazioni ebraiche dal territorio del regno. Gli ebrei di Spagna e Portogallo, detti appunto sefarditi (da Sefar\u00e0d, nome ebraico della Spagna) si riversano in tutto il bacino del Mediterraneo, porta<\/span><\/p>\n<h3><\/h3>\n<p>&nbsp;<\/p>\n<p style=\"text-align: justify;\"><span style=\"color: black;\">ndo con s\u00e9 le proprie tradizioni ed al tempo stesso apprendendo ed accogliendo la cultura, le lingue ed innanzitutto i suoni delle popolazioni che incontravano nel loro viaggio di esiliati. <\/span><\/p>\n<p style=\"text-align: justify;\"><span style=\"color: black;\">Da queste brevi note storiche si pu\u00f2 desumere come la musica antica (e quindi quella attuale) del bacino del Mediterraneo sia un calderone ribollente di influenze diverse, il cui fiorire \u00e8 stato causato dalle migrazioni di intere popolazioni verso nuovi territori; un fermento culturale che \u00e8 per certi versi analogo a quello sviluppatosi in america del Nord nei secoli successivi, e che ha portato alla nascita della cultura e della musica afroamericana.<\/span><span style=\"color: black;\"><img loading=\"lazy\" decoding=\"async\" class=\" alignright size-full wp-image-25789\" style=\"margin: 4px; float: right;\" alt=\"Ventanas 0012\" src=\"https:\/\/archiviogioia.lavocedelpaese.info\/wp-content\/uploads\/2012\/08\/Ventanas_0012.jpg\" height=\"200\" width=\"300\" srcset=\"https:\/\/archiviogioia.lavocedelpaese.info\/wp-content\/uploads\/2012\/08\/Ventanas_0012.jpg 600w, https:\/\/archiviogioia.lavocedelpaese.info\/wp-content\/uploads\/2012\/08\/Ventanas_0012-300x200.jpg 300w\" sizes=\"auto, (max-width: 300px) 100vw, 300px\" \/><\/span><\/p>\n<p>&nbsp;<\/p>\n<p style=\"text-align: justify;\"><span style=\"color: black;\">L\u2019idea alla base di \u201c<b>Ventanas<\/b>\u201d (finestre) \u00e8 quella di reinterpretratre e reinventare il vasto ed <b>affascinante repertorio melodico della musica etnica del bacino del Mediterraneo<\/b><i> <\/i>facendolo incontrare con le tecniche compositive, con gli strumenti e i suoni della musica moderna. Un incontro favorito dall\u2019impiego della tecnica dell\u2019improvvisazione, procedura assai presente nelle musiche antiche, nel jazz e nelle tradizioni musicali mediterranee. Si \u00e8 cos\u00ec creato un repertorio che, partendo dalla tradizione, arriva all\u2019attualit\u00e0, attraverso un trasversale flusso migratorio di suoni.<\/span><\/p>\n<p><img loading=\"lazy\" decoding=\"async\" class=\" alignleft size-full wp-image-25790\" style=\"margin: 4px; float: left;\" alt=\"Ventanas 0035\" src=\"https:\/\/archiviogioia.lavocedelpaese.info\/wp-content\/uploads\/2012\/08\/Ventanas_0035.jpg\" height=\"200\" width=\"300\" srcset=\"https:\/\/archiviogioia.lavocedelpaese.info\/wp-content\/uploads\/2012\/08\/Ventanas_0035.jpg 600w, https:\/\/archiviogioia.lavocedelpaese.info\/wp-content\/uploads\/2012\/08\/Ventanas_0035-300x200.jpg 300w\" sizes=\"auto, (max-width: 300px) 100vw, 300px\" \/><\/p>\n<h3><\/h3>\n<p>&nbsp;<\/p>\n<p style=\"text-align: justify;\">Come tradizione, tutti gli eventi sono ad <b>ingresso gratuito<\/b>.<\/p>\n<p style=\"text-align: justify;\"><b>Per maggiori informazioni<\/b>:<\/p>\n<p style=\"text-align: justify;\">Carlo 3356266061 &#8211; Luigi 3933070001 &#8211; <a href=\"http:\/\/www.suonidellamurgia.net\" target=\"_blank\" rel=\"noopener\"><span style=\"color: blue;\">www.suonidellamurgia.net<\/span><\/a><\/p>\n<p style=\"text-align: justify;\"><b>SUONI DELLA MURGIA<\/b> &#8211; associazione culturale <i>\u2013 <\/i>Sede operativa: Via Palestro, 21 &#8211; 70022 Altamura \u2013 Domicilio fiscale: Via San G. Calasanzio, 28 &#8211; 70029 Santeramo in Colle.<span style=\"color: black;\"><\/span><\/p>\n<p>&nbsp;<\/p>\n","protected":false},"excerpt":{"rendered":"","protected":false},"author":1,"featured_media":25778,"comment_status":"open","ping_status":"closed","sticky":false,"template":"","format":"standard","meta":{"colormag_page_container_layout":"default_layout","colormag_page_sidebar_layout":"default_layout","footnotes":""},"categories":[7],"tags":[],"class_list":["post-25793","post","type-post","status-publish","format-standard","has-post-thumbnail","hentry","category-attualita"],"_links":{"self":[{"href":"https:\/\/archiviogioia.lavocedelpaese.info\/index.php?rest_route=\/wp\/v2\/posts\/25793","targetHints":{"allow":["GET"]}}],"collection":[{"href":"https:\/\/archiviogioia.lavocedelpaese.info\/index.php?rest_route=\/wp\/v2\/posts"}],"about":[{"href":"https:\/\/archiviogioia.lavocedelpaese.info\/index.php?rest_route=\/wp\/v2\/types\/post"}],"author":[{"embeddable":true,"href":"https:\/\/archiviogioia.lavocedelpaese.info\/index.php?rest_route=\/wp\/v2\/users\/1"}],"replies":[{"embeddable":true,"href":"https:\/\/archiviogioia.lavocedelpaese.info\/index.php?rest_route=%2Fwp%2Fv2%2Fcomments&post=25793"}],"version-history":[{"count":0,"href":"https:\/\/archiviogioia.lavocedelpaese.info\/index.php?rest_route=\/wp\/v2\/posts\/25793\/revisions"}],"wp:featuredmedia":[{"embeddable":true,"href":"https:\/\/archiviogioia.lavocedelpaese.info\/index.php?rest_route=\/wp\/v2\/media\/25778"}],"wp:attachment":[{"href":"https:\/\/archiviogioia.lavocedelpaese.info\/index.php?rest_route=%2Fwp%2Fv2%2Fmedia&parent=25793"}],"wp:term":[{"taxonomy":"category","embeddable":true,"href":"https:\/\/archiviogioia.lavocedelpaese.info\/index.php?rest_route=%2Fwp%2Fv2%2Fcategories&post=25793"},{"taxonomy":"post_tag","embeddable":true,"href":"https:\/\/archiviogioia.lavocedelpaese.info\/index.php?rest_route=%2Fwp%2Fv2%2Ftags&post=25793"}],"curies":[{"name":"wp","href":"https:\/\/api.w.org\/{rel}","templated":true}]}}