{"id":25867,"date":"2012-08-14T06:55:36","date_gmt":"2012-08-14T06:55:36","guid":{"rendered":"https:\/\/archiviogioia.lavocedelpaese.info\/?p=25867"},"modified":"2012-08-14T06:55:36","modified_gmt":"2012-08-14T06:55:36","slug":"anziano-in-ospedale-vittima-di-una-buca-killer-foto","status":"publish","type":"post","link":"https:\/\/archiviogioia.lavocedelpaese.info\/?p=25867","title":{"rendered":"ANZIANO IN OSPEDALE VITTIMA DI UNA BUCA \u201cKILLER\u201d-foto"},"content":{"rendered":"<p><img loading=\"lazy\" decoding=\"async\" class=\" size-full wp-image-25858\" style=\"margin-right: 2px; margin-left: 2px;\" alt=\"buca-killer-pp\" src=\"https:\/\/archiviogioia.lavocedelpaese.info\/wp-content\/uploads\/2012\/08\/buca-killer-pp.jpg\" height=\"150\" width=\"320\" srcset=\"https:\/\/archiviogioia.lavocedelpaese.info\/wp-content\/uploads\/2012\/08\/buca-killer-pp.jpg 640w, https:\/\/archiviogioia.lavocedelpaese.info\/wp-content\/uploads\/2012\/08\/buca-killer-pp-300x141.jpg 300w\" sizes=\"auto, (max-width: 320px) 100vw, 320px\" \/><\/p>\n<p><!--more--><\/p>\n<p style=\"text-align: right;\">&nbsp;<\/p>\n<p style=\"text-align: justify;\"><b><img loading=\"lazy\" decoding=\"async\" class=\" alignleft size-full wp-image-25860\" style=\"margin: 4px; float: left;\" alt=\"P1140644\" src=\"https:\/\/archiviogioia.lavocedelpaese.info\/wp-content\/uploads\/2012\/08\/P1140644.JPG\" height=\"200\" width=\"300\" srcset=\"https:\/\/archiviogioia.lavocedelpaese.info\/wp-content\/uploads\/2012\/08\/P1140644.JPG 720w, https:\/\/archiviogioia.lavocedelpaese.info\/wp-content\/uploads\/2012\/08\/P1140644-300x200.jpg 300w\" sizes=\"auto, (max-width: 300px) 100vw, 300px\" \/>Poco dopo le nove di luned\u00ec mattina in via D\u2019Annunzio<\/b>, angolo via Masaniello, <b>un anziano \u00e8 rovinosamente caduto<\/b> dopo essere inciampato in una delle tante \u201c<b>buche killer<\/b>\u201d disseminate per le strade di Gioia.<\/p>\n<p style=\"text-align: justify;\"><b>L\u2019uomo procedeva a passo lento lungo il marciapiede<\/b>.<\/p>\n<p style=\"text-align: justify;\">Nello scendere per attraversare la strada <b>si \u00e8 ritrovato ad inciampare nel dislivello<\/b> creato dal manto stradale divelto, <b>non perfettamente visibile dal lato di provenienza<\/b>, ed il <b>malcapitato ha perso l\u2019equilibrio ed \u00e8 precipitato sull\u2019asfalto riportando ecchimosi sul corpo e ferite al viso<\/b>.<\/p>\n<p style=\"text-align: justify;\"><b>I passanti<\/b>, data l\u2019et\u00e0 e le condizioni dell\u2019anziano (perdeva vistosamente sangue dal volto) <b>hanno protetto dalla <img loading=\"lazy\" decoding=\"async\" class=\" alignright size-full wp-image-25861\" style=\"margin: 4px; float: right;\" alt=\"buca-killer2\" src=\"https:\/\/archiviogioia.lavocedelpaese.info\/wp-content\/uploads\/2012\/08\/buca-killer2.jpg\" height=\"200\" width=\"300\" srcset=\"https:\/\/archiviogioia.lavocedelpaese.info\/wp-content\/uploads\/2012\/08\/buca-killer2.jpg 472w, https:\/\/archiviogioia.lavocedelpaese.info\/wp-content\/uploads\/2012\/08\/buca-killer2-300x200.jpg 300w\" sizes=\"auto, (max-width: 300px) 100vw, 300px\" \/>pioggia il ferito evitando di spostarlo<\/b>, temevano infatti che incauti movimenti potessero causare danni maggiori, <b>quindi hanno prontamente chiamato il 118<\/b> e contattato la figlia dell\u2019uomo.<\/p>\n<p style=\"text-align: justify;\"><b>L\u2019arrivo dopo circa mezz\u2019ora di ben due ambulanze<\/b> ha rallentato il traffico ed aumentato la presenza di curiosi.<\/p>\n<p style=\"text-align: justify;\"><b>Il ferito \u00e8 stato finalmente soccorso alle 9 e 54<\/b>, posizionato in barella e <b>portato al Miulli per gli accertamenti del caso<\/b>.<\/p>\n<p style=\"text-align: justify;\"><b>Non \u00e8 purtroppo un caso<\/b><b><img loading=\"lazy\" decoding=\"async\" class=\" alignleft size-full wp-image-25863\" style=\"margin: 4px; float: left;\" alt=\"buca-killer4\" src=\"https:\/\/archiviogioia.lavocedelpaese.info\/wp-content\/uploads\/2012\/08\/buca-killer4.jpg\" height=\"200\" width=\"300\" srcset=\"https:\/\/archiviogioia.lavocedelpaese.info\/wp-content\/uploads\/2012\/08\/buca-killer4.jpg 720w, https:\/\/archiviogioia.lavocedelpaese.info\/wp-content\/uploads\/2012\/08\/buca-killer4-300x200.jpg 300w\" sizes=\"auto, (max-width: 300px) 100vw, 300px\" \/><\/b><b> isolato!<\/b><\/p>\n<p style=\"text-align: justify;\"><b>Aldo Liuzzi<\/b>, residente in zona nonch\u00e9 autore della foto pubblicate, <b>ha confermato che l\u2019insidiosa buca \u201ckiller\u201d<\/b>, presente da mesi nella zona, situata a ridosso del marciapiede e pertanto non ben visibile da parte di chi lo percorre dirigendosi verso il Cimitero, <b>\u00e8 stata causa di numerose cadute fortunatamente meno rovinose<\/b>, tanto da spingerlo a segnalare verbalmente all\u2019Ufficio Tecnico Comunale la pericolosit\u00e0 della stessa.<\/p>\n<p style=\"text-align: justify;\"><b>Ad oggi, nulla di fatto<\/b>.<\/p>\n<p style=\"text-align: justify;\"><b><img loading=\"lazy\" decoding=\"async\" class=\" alignright size-full wp-image-25864\" style=\"margin: 4px; float: right;\" alt=\"buca-killer5\" src=\"https:\/\/archiviogioia.lavocedelpaese.info\/wp-content\/uploads\/2012\/08\/buca-killer5.JPG\" height=\"200\" width=\"300\" srcset=\"https:\/\/archiviogioia.lavocedelpaese.info\/wp-content\/uploads\/2012\/08\/buca-killer5.JPG 720w, https:\/\/archiviogioia.lavocedelpaese.info\/wp-content\/uploads\/2012\/08\/buca-killer5-300x200.jpg 300w\" sizes=\"auto, (max-width: 300px) 100vw, 300px\" \/>La buca \u00e8 ancora l\u00ec, n\u00e9 \u00e8 stata posta<\/b> &#8211; dopo l\u2019incidente che ha registrato anche l\u2019intervento di una pattuglia di vigili urbani e della GdF, come si evince dalle foto <b>&#8211; una qualche segnalazione di pericolo per i pedoni, in particolare gli anziani<\/b>.<\/p>\n<p style=\"text-align: justify;\"><b>Ci auguriamo che <\/b>anche a seguito di questa denuncia \u201cpubblica\u201d, <b>chi di dovere provveda a mettere in sicurezza la zona e a fare chiudere la buca<\/b>. Si spera <strong>non solo quella<\/strong>, considerando lo stato &#8220;pietoso&#8221; in cui versano gran parte delle strade gioiesi. <strong>Che si pensi di pi\u00f9 ai bisogni della gente e della citt\u00e0 che all&#8217;Urbanistica partecipata che per quanto importante non lo sar\u00e0 mai pi\u00f9 dei problemi da risolvere in cui versa la citt\u00e0 <img loading=\"lazy\" decoding=\"async\" class=\" alignleft size-full wp-image-25866\" style=\"margin: 4px; float: left;\" alt=\"buca-killer6\" src=\"https:\/\/archiviogioia.lavocedelpaese.info\/wp-content\/uploads\/2012\/08\/buca-killer6.JPG\" height=\"200\" width=\"300\" srcset=\"https:\/\/archiviogioia.lavocedelpaese.info\/wp-content\/uploads\/2012\/08\/buca-killer6.JPG 720w, https:\/\/archiviogioia.lavocedelpaese.info\/wp-content\/uploads\/2012\/08\/buca-killer6-300x200.jpg 300w\" sizes=\"auto, (max-width: 300px) 100vw, 300px\" \/>di Gioia del Colle<\/strong>.<\/p>\n<p style=\"text-align: justify;\"><strong>Prevenire contenziosi che costano non poco all\u2019Ente<\/strong> (e quindi alla comunit\u00e0) <strong>in risarcimenti e parcelle<\/strong> per \u201cgiovani avvocati\u201d, <strong>potrebbe essere una saggia quanto opportuna strategia<\/strong> amministrativa al costo \u201creale\u201d di un sacchetto di cemento e mezz\u2019ora di manodopera.<\/p>\n<p style=\"text-align: right;\">&nbsp;(Scatti fotografici a cura di <strong>Cataldo Liuzzi<\/strong> che ringraziamo per la collaborazione) <object type=\"application\/x-shockwave-flash\" width=\"660\" height=\"660\" flashvars=\"host=picasaweb.google.com&amp;hl=it&amp;feat=flashalbum&amp;RGB=0x000000&amp;feed=https:\/\/picasaweb.google.com\/data\/feed\/api\/user\/104626251937098962566\/albumid\/5776422609101529985?alt=rss&amp;kind=photo&amp;authkey=Gv1sRgCK67-Mbx5Mz3fQ&amp;hl=it\" pluginspage=\"http:\/\/www.macromedia.com\/go\/getflashplayer\" data=\"https:\/\/picasaweb.google.com\/s\/c\/bin\/slideshow.swf\"><param name=\"movie\" value=\"https:\/\/picasaweb.google.com\/s\/c\/bin\/slideshow.swf\" \/><\/object><\/p>\n","protected":false},"excerpt":{"rendered":"","protected":false},"author":1,"featured_media":25858,"comment_status":"open","ping_status":"closed","sticky":false,"template":"","format":"standard","meta":{"colormag_page_container_layout":"default_layout","colormag_page_sidebar_layout":"default_layout","footnotes":""},"categories":[8],"tags":[],"class_list":["post-25867","post","type-post","status-publish","format-standard","has-post-thumbnail","hentry","category-cronaca"],"_links":{"self":[{"href":"https:\/\/archiviogioia.lavocedelpaese.info\/index.php?rest_route=\/wp\/v2\/posts\/25867","targetHints":{"allow":["GET"]}}],"collection":[{"href":"https:\/\/archiviogioia.lavocedelpaese.info\/index.php?rest_route=\/wp\/v2\/posts"}],"about":[{"href":"https:\/\/archiviogioia.lavocedelpaese.info\/index.php?rest_route=\/wp\/v2\/types\/post"}],"author":[{"embeddable":true,"href":"https:\/\/archiviogioia.lavocedelpaese.info\/index.php?rest_route=\/wp\/v2\/users\/1"}],"replies":[{"embeddable":true,"href":"https:\/\/archiviogioia.lavocedelpaese.info\/index.php?rest_route=%2Fwp%2Fv2%2Fcomments&post=25867"}],"version-history":[{"count":0,"href":"https:\/\/archiviogioia.lavocedelpaese.info\/index.php?rest_route=\/wp\/v2\/posts\/25867\/revisions"}],"wp:featuredmedia":[{"embeddable":true,"href":"https:\/\/archiviogioia.lavocedelpaese.info\/index.php?rest_route=\/wp\/v2\/media\/25858"}],"wp:attachment":[{"href":"https:\/\/archiviogioia.lavocedelpaese.info\/index.php?rest_route=%2Fwp%2Fv2%2Fmedia&parent=25867"}],"wp:term":[{"taxonomy":"category","embeddable":true,"href":"https:\/\/archiviogioia.lavocedelpaese.info\/index.php?rest_route=%2Fwp%2Fv2%2Fcategories&post=25867"},{"taxonomy":"post_tag","embeddable":true,"href":"https:\/\/archiviogioia.lavocedelpaese.info\/index.php?rest_route=%2Fwp%2Fv2%2Ftags&post=25867"}],"curies":[{"name":"wp","href":"https:\/\/api.w.org\/{rel}","templated":true}]}}