{"id":25873,"date":"2012-08-14T06:20:26","date_gmt":"2012-08-14T06:20:26","guid":{"rendered":"https:\/\/archiviogioia.lavocedelpaese.info\/?p=25873"},"modified":"2012-08-14T06:20:26","modified_gmt":"2012-08-14T06:20:26","slug":"eternit-sindaco-non-risponde-cuscito-lo-incalza-foto","status":"publish","type":"post","link":"https:\/\/archiviogioia.lavocedelpaese.info\/?p=25873","title":{"rendered":"ETERNIT: SINDACO NON RISPONDE, CUSCITO LO INCALZA"},"content":{"rendered":"<p><img loading=\"lazy\" decoding=\"async\" class=\" size-full wp-image-6506\" style=\"margin-right: 2px; margin-left: 2px;\" alt=\"tettorie-in-eternit\" src=\"https:\/\/archiviogioia.lavocedelpaese.info\/wp-content\/uploads\/2010\/12\/tettorie-in-eternit.jpg\" height=\"150\" width=\"320\" srcset=\"https:\/\/archiviogioia.lavocedelpaese.info\/wp-content\/uploads\/2010\/12\/tettorie-in-eternit.jpg 320w, https:\/\/archiviogioia.lavocedelpaese.info\/wp-content\/uploads\/2010\/12\/tettorie-in-eternit-300x141.jpg 300w\" sizes=\"auto, (max-width: 320px) 100vw, 320px\" \/><\/p>\n<p><!--more--><\/p>\n<p style=\"text-align: justify;\"><strong>Riceviamo e pubblichiamo<\/strong>.<\/p>\n<p style=\"text-align: center;\">&#8212;&#8212;&#8212;&#8212;&#8212;&#8212;&#8212;&#8212;&#8212;&#8212;&#8212;&#8212;&#8212;&#8212;&#8212;&#8212;&#8212;&#8212;&#8212;-<\/p>\n<div style=\"margin-bottom: 0.0001pt; line-height: normal;\"><span style=\"font-size: 12pt; font-family: 'Times New Roman','serif';\">Al Sindaco <b>Sergio Povia<\/b><\/span><\/div>\n<div style=\"margin-bottom: 0.0001pt; line-height: normal;\"><span style=\"font-size: 12pt; font-family: 'Times New Roman','serif';\">All\u2019Ing. <b>N.B. Laruccia<\/b><\/span><\/div>\n<div style=\"margin-bottom: 0.0001pt; line-height: normal;\"><span style=\"font-size: 12pt; font-family: 'Times New Roman','serif';\">Dirigente Ufficio Tecnico Comunale<\/span><\/div>\n<div style=\"margin-bottom: 0.0001pt; line-height: normal;\"><span style=\"font-size: 12pt; font-family: 'Times New Roman','serif';\">Al Dott. <b>Eugenio Matarrese<\/b><\/span><\/div>\n<div style=\"margin-bottom: 0.0001pt; line-height: normal;\"><span style=\"font-size: 12pt; font-family: 'Times New Roman','serif';\">Responsabile Ufficio Legale \u2013 Contenzioso<\/span><\/div>\n<div style=\"margin-bottom: 0.0001pt; line-height: normal;\"><span style=\"font-size: 12pt; font-family: 'Times New Roman','serif';\">Dott. <b>Giuseppe Dioguardi<\/b><\/span><\/div>\n<div style=\"margin-bottom: 0.0001pt; line-height: normal;\"><span style=\"font-size: 12pt; font-family: 'Times New Roman','serif';\">Segretario Generale<\/span><\/div>\n<p style=\"margin-bottom: 0.0001pt; text-align: justify; line-height: normal;\"><span style=\"font-size: 12pt; font-family: 'Times New Roman','serif';\">OGGETTO: \u201c<b>Emergenza salute pubblica a causa manufatti rurali in Eternit persistenti in Via Tarantini. Seconda INTERPELLANZA CONSILIARE ai sensi dell\u2019art. 82 del Regolamento per il funzionamento del Consiglio Comunale\u201d.<\/b><\/span><\/p>\n<p style=\"margin-bottom: 0.0001pt; text-align: justify; text-indent: -2cm; line-height: normal;\"><b><span style=\"font-size: 12pt; font-family: 'Times New Roman','serif';\">&nbsp;&nbsp;&nbsp;&nbsp;&nbsp;&nbsp;&nbsp;&nbsp;&nbsp;&nbsp;&nbsp;&nbsp;&nbsp;&nbsp;&nbsp;&nbsp;&nbsp;&nbsp;&nbsp;&nbsp;&nbsp;&nbsp;&nbsp;&nbsp;&nbsp;&nbsp;&nbsp;&nbsp;&nbsp;&nbsp; <\/span><\/b><span style=\"font-size: 12pt; font-family: 'Times New Roman','serif';\">Il sottoscritto Enzo Cuscito, nato a Gioia del Colle il 18\/06\/1975, nella qualit\u00e0 di Consigliere Comunale, <\/span><\/p>\n<p style=\"margin-bottom: 0.0001pt; text-align: justify; line-height: normal;\"><b><span style=\"font-size: 12pt; font-family: 'Times New Roman','serif';\">CONSIDERATA <\/span><\/b><span style=\"font-size: 12pt; font-family: 'Times New Roman','serif';\">la precedente Interpellanza Consiliare del sottoscritto Consigliere Comunale protocollata in data 26 luglio 2012, con la quale si interpellava il Sig. Sindaco, vista l\u2019Ordinanza Sindacale n.105\/2005 e l\u2019Ordinanza Sindacale n. 8\/2010, <i>\u201cdi informare il sottoscritto delle iniziative urgenti di cui intende avvalersi per <b>porre finalmente fine al grave e ormai non pi\u00f9 differibile pericolo \u201camianto\u201d in Via Tarantini\u201d<\/b>, <\/i>dove vi sono \u201c<i>alcuni manufatti rurali (\u2026) facenti parte di un\u2019azienda agricola non pi\u00f9 in uso che versa in completo stato di abbandono (\u2026), realizzati in muratura portante di tufo e copertura in lastre di fibre di cemento in \u201ceternit\u201d su telaio metallico, la copertura versa in cattivo stato di conservazione, con alcune lastre di eternit non pi\u00f9 fissate al telaio e pertanto costituenti pericolo per l\u2019incolumit\u00e0 pubblica\u201d <\/i>essendo la zona \u201c<i>accessibile ad estranei, poich\u00e9 non idoneamente recintata\u201d;<\/i><\/span><\/p>\n<p style=\"margin-bottom: 0.0001pt; text-align: justify; line-height: normal;\"><b><span style=\"font-size: 12pt; font-family: 'Times New Roman','serif';\">PRESO ATTO <\/span><\/b><span style=\"font-size: 12pt; font-family: 'Times New Roman','serif';\">della nota Prot. 2475\/21056 dell\u20198\/8\/2012, recapitatami dall\u2019Ing. Nicola Laruccia, Dirigente U.T.C. di Gioia del Colle, con la quale, oltre a tracciare la cronistoria della vicenda, ormai nota a tutti, si sottolinea come il Nostro Comune, facendo seguito all\u2019Ord. Sind. 8\/2010 con la quale si ordinava \u201c<i>la completa bonifica del sito allo scopo di eliminare ogni e qualsiasi pericolo per la salute pubblica e il completamento della recinzione onde impedire l\u2019accesso di estranei all\u2019interno della struttura a salvaguardia della pubblica incolumit\u00e0\u201d, <\/i> con Determinazione del Settore \u201cGestione ed Assetto del Territorio Nr.Gen 823 del 06\/08\/2010, si impegnava <i>\u201cla complessiva somma di \u20ac. 6.960,00 compresa IVA, occorrente per il de quo, con destinazione al cap. 50050 art. 732 del bilancio 2010\u201d <\/i>e si individuava la ditta TEOREMA S.p.A., con sede legale in Acquaviva delle Fonti in Via Sammichele Z.I. \u201c<i>per l\u2019esecuzione dei lavori\u201d <\/i>di <i>\u201crimozione, trasporto e smaltimento di lastre in cemento amianto\u201d <\/i>del sito in oggetto;<\/span><\/p>\n<p style=\"margin-bottom: 0.0001pt; text-align: justify; line-height: normal;\"><b><span style=\"font-size: 12pt; font-family: 'Times New Roman','serif';\">VISTO CHE <\/span><\/b><span style=\"font-size: 12pt; font-family: 'Times New Roman','serif';\">nella suddetta nota recapitatami come risposta alla precedente interpellanza si giustifica la non messa in atto \u201c<i>della rimozione, trasporto e smaltimento di lastre in cemento amianto\u201d<\/i> con l\u2019istanzadell\u20198\/9\/2010 n. prot. 26171\/3495 pervenuta da parte dello Studio Legale dei sig.ri proprietari dei manufatti rurali in questione con la quale si diffidava il Comune di Gioia del Colle dal dare esecuzione all\u2019Ordinanza Sind. 8\/2010, istanza trasmessa, in data 17\/9\/2010 all\u2019Ufficio Legale del Nostro Comune per esprimere \u201c<i>un parere sulle determinazioni da porre in essere\u201d, <\/i>parere che ad oggi, dopo quasi 2 anni, non \u00e8 ancora giunto;<\/span><\/p>\n<p style=\"margin-bottom: 0.0001pt; text-align: justify; line-height: normal;\"><b><span style=\"font-size: 12pt; font-family: 'Times New Roman','serif';\">RITENUTO che nel 2010 furono impegnati 6.960,00 euro, mai utilizzati, per lo smaltimento Eternit in Via Tarantini; che eventuali altri fondi (euro 89.879,43) potrebbero essere ricavati, come gi\u00e0 suggerito, nel capitolo di riserva n. 1899; che l\u2019Ordinanza Sindacale per la rimozione dell\u2019Eternit in Via Tarantini \u00e8 rimasta inevasa a causa di un parere dell\u2019Ufficio Legale del Comune di Gioia del Colle che tarda ad arrivare da ormai 2 anni; che non risultano solleciti, in due anni, nonostante l\u2019emergenza salute pubblica, da parte del Dirigente U.T.C., per l\u2019estensione del suddetto parere Legale; che non vi \u00e8 stata al sottoscritto, oltre quella tecnica del Dirigente U.T.C., una risposta politica del Sig. Sindaco che, ai sensi dell&#8217;art. 32 della legge n. 833\/1978 e dell&#8217;art. 117 del D. Lgs. n. 112\/1998, quale autorit\u00e0 sanitaria locale, pu\u00f2 anche emanare <\/span><\/b><a href=\"http:\/\/it.wikipedia.org\/wiki\/Ordinanza_contingibile_e_urgente\" title=\"Ordinanza contingibile e urgente\"><b><span style=\"font-size: 12pt; font-family: 'Times New Roman','serif'; color: black; text-decoration: none;\">ordinanze contingibili ed urgenti<\/span><\/b><\/a><b><span style=\"font-size: 12pt; font-family: 'Times New Roman','serif';\">, su cosa e come intende risolvere la questione evidenziata;<\/span><\/b><\/p>\n<p style=\"margin-bottom: 0.0001pt; text-align: center; line-height: normal;\" align=\"center\"><b><span style=\"font-size: 12pt; font-family: 'Times New Roman','serif';\">INTERPELLA<\/span><\/b><\/p>\n<p style=\"margin-bottom: 0.0001pt; text-align: justify; line-height: normal;\"><span style=\"font-size: 12pt; font-family: 'Times New Roman','serif';\">nuovamente il Signor Sindaco, per i poteri conferitegli dalla Legge quale autorit\u00e0 sanitaria locale e garante della salute pubblica comunale, preso atto di quanto dichiarato dal Dirigente dell\u2019U.T.C. e di quanto gi\u00e0 posto in essere dalle precedenti Amministrazioni Comunali, <b>affinch\u00e9 ponga in atto quegli atti che la Legge gli consente per porre fine al grave e ormai non pi\u00f9 differibile pericolo \u201camianto\u201d in Via Tarantini.<\/b><\/span><\/p>\n<p style=\"margin-bottom: 0.0001pt; text-align: justify; line-height: normal;\"><span style=\"font-size: 12pt; font-family: 'Times New Roman','serif';\">La Legge lo permette, i fondi ci sono. E\u2019 necessario adesso che vi sia la volont\u00e0 politica e tecnica di mettere in atto quanto l\u2019urgenza del caso necessit\u00e0. Evitando, come sembra apparire nella vicenda, che su tutto (anche sulla salute pubblica) sovrasti il consueto scaricabarile tra Uffici (Tecnico e Legale) e Amministrazione (che non risponde delegando tutto ai soli Uffici).<\/span><\/p>\n<p style=\"margin-bottom: 0.0001pt; text-align: justify; line-height: normal;\"><span style=\"font-size: 12pt; font-family: 'Times New Roman','serif';\">In attesa di un rapido e, questa volta, risolutivo riscontro, porgo Cordiali Saluti.<\/span><\/p>\n<p style=\"margin-bottom: 0.0001pt; text-align: justify; line-height: normal;\"><span style=\"font-size: 12pt; font-family: 'Times New Roman','serif';\">Gioia del Colle, 14 agosto 2012<\/span><\/p>\n<p style=\"margin-bottom: 0.0001pt; text-align: justify; line-height: normal;\"><span style=\"font-size: 12pt; font-family: 'Times New Roman','serif';\">&nbsp;&nbsp;&nbsp;&nbsp;&nbsp;&nbsp;&nbsp;&nbsp;&nbsp;&nbsp;&nbsp;&nbsp;&nbsp;&nbsp;&nbsp;&nbsp;&nbsp;&nbsp;&nbsp;&nbsp;&nbsp;&nbsp;&nbsp;&nbsp;&nbsp;&nbsp;&nbsp;&nbsp;&nbsp;&nbsp;&nbsp;&nbsp;&nbsp;&nbsp;&nbsp;&nbsp;&nbsp;&nbsp;&nbsp;&nbsp;&nbsp;&nbsp;&nbsp;&nbsp;&nbsp;&nbsp;&nbsp;&nbsp;&nbsp;&nbsp;&nbsp;&nbsp;&nbsp;&nbsp;&nbsp;&nbsp;&nbsp;&nbsp;&nbsp;&nbsp;&nbsp;&nbsp;&nbsp;&nbsp;&nbsp;&nbsp;&nbsp;&nbsp;&nbsp;&nbsp;&nbsp;&nbsp;&nbsp;&nbsp;&nbsp;&nbsp;&nbsp;&nbsp;&nbsp;&nbsp;&nbsp;&nbsp;&nbsp;&nbsp;&nbsp;&nbsp;&nbsp;&nbsp;&nbsp;&nbsp;&nbsp;&nbsp;&nbsp; <b>Enzo Cuscito<\/b><\/span><\/p>\n<p style=\"margin-bottom: 0.0001pt; text-align: justify; line-height: normal;\"><b><span style=\"font-size: 12pt; font-family: 'Times New Roman','serif';\">&nbsp;&nbsp;&nbsp;&nbsp;&nbsp;&nbsp;&nbsp;&nbsp;&nbsp;&nbsp;&nbsp;&nbsp;&nbsp;&nbsp;&nbsp;&nbsp;&nbsp;&nbsp;&nbsp;&nbsp;&nbsp;&nbsp;&nbsp;&nbsp;&nbsp;&nbsp;&nbsp;&nbsp;&nbsp;&nbsp;&nbsp;&nbsp;&nbsp;&nbsp;&nbsp;&nbsp;&nbsp;&nbsp;&nbsp;&nbsp;&nbsp;&nbsp;&nbsp;&nbsp;&nbsp;&nbsp;&nbsp;&nbsp;&nbsp;&nbsp;&nbsp;&nbsp;&nbsp;&nbsp;&nbsp;&nbsp;&nbsp;&nbsp;&nbsp;&nbsp;&nbsp;&nbsp;&nbsp;&nbsp;&nbsp;&nbsp;&nbsp;&nbsp;&nbsp;&nbsp;&nbsp;&nbsp;&nbsp;&nbsp;&nbsp;&nbsp;&nbsp;&nbsp;&nbsp;&nbsp;&nbsp; &nbsp;&nbsp; Consigliere Comunale<\/span><\/b><\/p>\n<p style=\"margin-bottom: 0.0001pt; text-align: justify; line-height: normal;\"><b><span style=\"font-size: 12pt; font-family: 'Times New Roman','serif';\">&nbsp;&nbsp;&nbsp;&nbsp;&nbsp;&nbsp;&nbsp;&nbsp;&nbsp;&nbsp;&nbsp;&nbsp;&nbsp;&nbsp;&nbsp;&nbsp;&nbsp;&nbsp;&nbsp;&nbsp;&nbsp;&nbsp;&nbsp;&nbsp;&nbsp;&nbsp;&nbsp;&nbsp;&nbsp;&nbsp;&nbsp;&nbsp;&nbsp;&nbsp;&nbsp;&nbsp;&nbsp;&nbsp;&nbsp;&nbsp;&nbsp;&nbsp;&nbsp;&nbsp;&nbsp;&nbsp;&nbsp;&nbsp;&nbsp;&nbsp;&nbsp;&nbsp;&nbsp;&nbsp;&nbsp;&nbsp;&nbsp;&nbsp; Per la coalizione di Centrosinistra \u201cPer il Bene Comune\u201d<\/span><\/b><\/p>\n<p style=\"margin-bottom: 0.0001pt; line-height: normal; text-align: center;\"><b><span style=\"font-size: 12pt; font-family: 'Times New Roman','serif';\">&#8212;&#8212;&#8212;&#8212;&#8212;&#8212;&#8212;&#8212;&#8212;&#8212;&#8212;&#8212;&#8212;&#8212;&#8212;&#8212;&#8212;&#8212;&#8212;&#8211;<br \/><\/span><\/b><\/p>\n<p style=\"margin-bottom: 0.0001pt; text-align: justify; line-height: normal;\"><strong>Per la risposta<\/strong> inviata dal Dirigente dell&#8217;Ufficio Tecnico Comunale, <strong>ing. Laruccia<\/strong>, <a href=\"https:\/\/archiviogioia.lavocedelpaese.info\/wp-content\/uploads\/2012\/08\/risposta-utc-interpellanza-eternit-via-tarantini.pdf\">clicca qui<\/a>:<\/p>\n<p><object type=\"application\/x-shockwave-flash\" width=\"660\" height=\"660\" flashvars=\"host=picasaweb.google.com&amp;hl=it&amp;feat=flashalbum&amp;RGB=0x000000&amp;feed=https:\/\/picasaweb.google.com\/data\/feed\/api\/user\/104626251937098962566\/albumid\/5776423662598300113?alt=rss&amp;kind=photo&amp;authkey=Gv1sRgCL3UvcO4n_L82AE&amp;hl=it\" pluginspage=\"http:\/\/www.macromedia.com\/go\/getflashplayer\" data=\"https:\/\/picasaweb.google.com\/s\/c\/bin\/slideshow.swf\"><param name=\"movie\" value=\"https:\/\/picasaweb.google.com\/s\/c\/bin\/slideshow.swf\" \/><\/object><\/p>\n","protected":false},"excerpt":{"rendered":"","protected":false},"author":1,"featured_media":6506,"comment_status":"open","ping_status":"closed","sticky":false,"template":"","format":"standard","meta":{"colormag_page_container_layout":"default_layout","colormag_page_sidebar_layout":"default_layout","footnotes":""},"categories":[4],"tags":[],"class_list":["post-25873","post","type-post","status-publish","format-standard","has-post-thumbnail","hentry","category-politica"],"_links":{"self":[{"href":"https:\/\/archiviogioia.lavocedelpaese.info\/index.php?rest_route=\/wp\/v2\/posts\/25873","targetHints":{"allow":["GET"]}}],"collection":[{"href":"https:\/\/archiviogioia.lavocedelpaese.info\/index.php?rest_route=\/wp\/v2\/posts"}],"about":[{"href":"https:\/\/archiviogioia.lavocedelpaese.info\/index.php?rest_route=\/wp\/v2\/types\/post"}],"author":[{"embeddable":true,"href":"https:\/\/archiviogioia.lavocedelpaese.info\/index.php?rest_route=\/wp\/v2\/users\/1"}],"replies":[{"embeddable":true,"href":"https:\/\/archiviogioia.lavocedelpaese.info\/index.php?rest_route=%2Fwp%2Fv2%2Fcomments&post=25873"}],"version-history":[{"count":0,"href":"https:\/\/archiviogioia.lavocedelpaese.info\/index.php?rest_route=\/wp\/v2\/posts\/25873\/revisions"}],"wp:featuredmedia":[{"embeddable":true,"href":"https:\/\/archiviogioia.lavocedelpaese.info\/index.php?rest_route=\/wp\/v2\/media\/6506"}],"wp:attachment":[{"href":"https:\/\/archiviogioia.lavocedelpaese.info\/index.php?rest_route=%2Fwp%2Fv2%2Fmedia&parent=25873"}],"wp:term":[{"taxonomy":"category","embeddable":true,"href":"https:\/\/archiviogioia.lavocedelpaese.info\/index.php?rest_route=%2Fwp%2Fv2%2Fcategories&post=25873"},{"taxonomy":"post_tag","embeddable":true,"href":"https:\/\/archiviogioia.lavocedelpaese.info\/index.php?rest_route=%2Fwp%2Fv2%2Ftags&post=25873"}],"curies":[{"name":"wp","href":"https:\/\/api.w.org\/{rel}","templated":true}]}}