{"id":26018,"date":"2012-08-17T12:23:13","date_gmt":"2012-08-17T12:23:13","guid":{"rendered":"https:\/\/archiviogioia.lavocedelpaese.info\/?p=26018"},"modified":"2012-08-17T12:23:13","modified_gmt":"2012-08-17T12:23:13","slug":"caso-fioriere-i-buchi-neri-del-regolamento","status":"publish","type":"post","link":"https:\/\/archiviogioia.lavocedelpaese.info\/?p=26018","title":{"rendered":"CASO \u201cFIORIERE\u201d \u2013 I \u201cBUCHI NERI\u201d DEL REGOLAMENTO"},"content":{"rendered":"<p><img loading=\"lazy\" decoding=\"async\" class=\" size-full wp-image-26012\" style=\"margin-right: 2px; margin-left: 2px;\" alt=\"esercizio-con-permesso-fai-da-te\" src=\"https:\/\/archiviogioia.lavocedelpaese.info\/wp-content\/uploads\/2012\/08\/esercizio-con-permesso-fai-da-te.png\" height=\"150\" width=\"320\" srcset=\"https:\/\/archiviogioia.lavocedelpaese.info\/wp-content\/uploads\/2012\/08\/esercizio-con-permesso-fai-da-te.png 640w, https:\/\/archiviogioia.lavocedelpaese.info\/wp-content\/uploads\/2012\/08\/esercizio-con-permesso-fai-da-te-300x141.png 300w\" sizes=\"auto, (max-width: 320px) 100vw, 320px\" \/><\/p>\n<p><!--more--><\/p>\n<p style=\"text-align: justify;\"><b><img loading=\"lazy\" decoding=\"async\" class=\" alignleft size-full wp-image-25902\" style=\"margin: 4px; float: left;\" alt=\"permesso-fioriera2\" src=\"https:\/\/archiviogioia.lavocedelpaese.info\/wp-content\/uploads\/2012\/08\/permesso-fioriera2.jpg\" height=\"225\" width=\"300\" srcset=\"https:\/\/archiviogioia.lavocedelpaese.info\/wp-content\/uploads\/2012\/08\/permesso-fioriera2.jpg 756w, https:\/\/archiviogioia.lavocedelpaese.info\/wp-content\/uploads\/2012\/08\/permesso-fioriera2-300x225.jpg 300w\" sizes=\"auto, (max-width: 300px) 100vw, 300px\" \/>In risposta alle nostre richieste di chiarimento<\/b> in merito al regolamento di utilizzo del suolo pubblico, <b>dal Comando della Polizia Municipale sono pervenute precisazioni<\/b> per il precedente articolo (<a href=\"http:\/\/gioianet.it\/attualita\/5297-autorizzazioni-fantasma-fai-da-te-non-sanzionate-.html\"><span style=\"text-decoration: none;\">AUTORIZZAZIONI (FANTASMA?) FAI DA TE NON SANZIONATE<\/span><\/a>) che modificano in parte quanto scritto e commentato.<\/p>\n<p style=\"text-align: justify;\"><b>Secondo il nostro regolamento in materia<\/b>, e stando a quanto comunicatoci verbalmente dal responsabile dell\u2019ufficio preposto ai controlli, <b>il proprietario dell\u2019esercizio Beershop 57 ha le \u201ccarte in regola\u201d<\/b>. <b>Nel senso che \u201cha la prevista autorizzazione <\/b><strong>(mai messa in dubbio)<\/strong><b> per l\u2019occupazione del suolo pubblico\u201d<\/b>.<\/p>\n<p style=\"text-align: justify;\"><b>La stranezza<\/b>, se cos\u00ec si pu\u00f2 definire, <b>\u00e8 che il nuovo regolamento comunale<\/b>, in vigore dal 1\u00b0 gennaio 2012, <b>nulla \u201cdice\u201d <img loading=\"lazy\" decoding=\"async\" class=\" alignright size-full wp-image-26017\" style=\"margin: 4px; float: right;\" alt=\"chiancone alato\" src=\"https:\/\/archiviogioia.lavocedelpaese.info\/wp-content\/uploads\/2012\/08\/chiancone_alato.jpg\" height=\"238\" width=\"320\" srcset=\"https:\/\/archiviogioia.lavocedelpaese.info\/wp-content\/uploads\/2012\/08\/chiancone_alato.jpg 591w, https:\/\/archiviogioia.lavocedelpaese.info\/wp-content\/uploads\/2012\/08\/chiancone_alato-300x223.jpg 300w\" sizes=\"auto, (max-width: 320px) 100vw, 320px\" \/>e quindi nulla \u201cregolamenta\u201d circa l\u2019occupazione del suolo pubblico durante le ferie e gli orari di chiusura dell\u2019esercizio<\/b> intestatario dell\u2019autorizzazione. <b>E nulla prevede circa<\/b> l\u2019affissione esterna dell\u2019autorizzazione o di una bench\u00e9 minima <b>segnaletica ufficiale che ne delimiti area occupata e ne precisi orario e durata<\/b>.<\/p>\n<p style=\"text-align: justify;\">In passato, <b>la precedente Amministrazione Longo<\/b> (<a href=\"politica\/1690-occupazione-suolo-pubblico-chi-si-allarga-non-paga.html\"><span style=\"text-decoration: none;\">OCCUPAZIONE SUOLO PUBBLICO: \u201cCHI SI ALLARGA, NON PAGA\u201d!<\/span><\/a>) <b>aveva ideato una segnaletica orizzontale<\/b> per delimitare l\u2019area occupata, <b>che oggi risulta dimenticata anzich\u00e8 migliorata<\/b>. Concedendo di fatto ai commercianti, come per il passato, <b>ampia discrezionalit\u00e0 e fiducia<\/b> (<a href=\"politica\/1516-spazi-pubblici-e-panchine-ostaggio-degli-esercenti-.html\"><span style=\"text-decoration: none;\">SPAZI PUBBLICI E PANCHINE \u201cOSTAGGIO\u201d DEGLI ESERCENTI)<\/span><\/a>, <b>salvo accertamenti in loco, a seguito di controlli<\/b> pi\u00f9 <img loading=\"lazy\" decoding=\"async\" class=\" alignleft size-full wp-image-4086\" style=\"margin: 4px; float: left;\" alt=\"scritte-delimitazione3\" src=\"https:\/\/archiviogioia.lavocedelpaese.info\/wp-content\/uploads\/2010\/08\/scritte-delimitazione3.jpg\" height=\"222\" width=\"320\" srcset=\"https:\/\/archiviogioia.lavocedelpaese.info\/wp-content\/uploads\/2010\/08\/scritte-delimitazione3.jpg 354w, https:\/\/archiviogioia.lavocedelpaese.info\/wp-content\/uploads\/2010\/08\/scritte-delimitazione3-300x208.jpg 300w\" sizes=\"auto, (max-width: 320px) 100vw, 320px\" \/>o meno programmati, <b>per verificare il rispetto di quanto previsto dall\u2019art. 4 <\/b>del regolamento in merito alla \u201c<b>durata dell&#8217;occupazione e alla misura dello spazio concesso<\/b>\u201d.<\/p>\n<p style=\"text-align: justify;\"><b>Fermo restando ci\u00f2, tale regolamento<\/b> <b>andrebbe applicato anche in funzione del Codice della Strada e del buon senso<\/b>. Primo, perch\u00e9, sempre <b>all\u2019art. 4<\/b>, \u00e8 precisato che \u201c\u00e8 fatta salva in ogni caso <b>l&#8217;obbligatoriet\u00e0 per il concessionario di non porre in essere alcun intralcio alla circolazione dei veicoli e dei pedoni<\/b>\u201d, cio\u00e8 a dire di lasciare libero non meno di 1.5 mt di larghezza per il passaggio dei pedoni.<span style=\"font-family: 'Arial','sans-serif';\"><\/span><\/p>\n<p style=\"text-align: justify;\"><b>Secondo, perch\u00e9<\/b>, a nostro modesto avviso, <b>non ha molto senso che si occupino spazi in periodi in cui non li si utilizza sottraendoli a pedoni, passanti e veicoli<\/b>.<\/p>\n<p style=\"text-align: justify;\"><b>Per cui, considerando quanto sopra<\/b>, dal momento che l\u2019esercente non ha alcuna responsabilit\u00e0, salvo l\u2019applicazione delle \u201cdirettive\u201d contenute nell\u2019articolo n. 4 di cui sopra, <b>non possiamo che prendere atto dei chiarimenti pervenuti e porre al titolare le nostre doverose scuse<\/b>.<\/p>\n<p>&nbsp;<\/p>\n","protected":false},"excerpt":{"rendered":"","protected":false},"author":1,"featured_media":26013,"comment_status":"open","ping_status":"closed","sticky":false,"template":"","format":"standard","meta":{"colormag_page_container_layout":"default_layout","colormag_page_sidebar_layout":"default_layout","footnotes":""},"categories":[7],"tags":[],"class_list":["post-26018","post","type-post","status-publish","format-standard","has-post-thumbnail","hentry","category-attualita"],"_links":{"self":[{"href":"https:\/\/archiviogioia.lavocedelpaese.info\/index.php?rest_route=\/wp\/v2\/posts\/26018","targetHints":{"allow":["GET"]}}],"collection":[{"href":"https:\/\/archiviogioia.lavocedelpaese.info\/index.php?rest_route=\/wp\/v2\/posts"}],"about":[{"href":"https:\/\/archiviogioia.lavocedelpaese.info\/index.php?rest_route=\/wp\/v2\/types\/post"}],"author":[{"embeddable":true,"href":"https:\/\/archiviogioia.lavocedelpaese.info\/index.php?rest_route=\/wp\/v2\/users\/1"}],"replies":[{"embeddable":true,"href":"https:\/\/archiviogioia.lavocedelpaese.info\/index.php?rest_route=%2Fwp%2Fv2%2Fcomments&post=26018"}],"version-history":[{"count":0,"href":"https:\/\/archiviogioia.lavocedelpaese.info\/index.php?rest_route=\/wp\/v2\/posts\/26018\/revisions"}],"wp:featuredmedia":[{"embeddable":true,"href":"https:\/\/archiviogioia.lavocedelpaese.info\/index.php?rest_route=\/wp\/v2\/media\/26013"}],"wp:attachment":[{"href":"https:\/\/archiviogioia.lavocedelpaese.info\/index.php?rest_route=%2Fwp%2Fv2%2Fmedia&parent=26018"}],"wp:term":[{"taxonomy":"category","embeddable":true,"href":"https:\/\/archiviogioia.lavocedelpaese.info\/index.php?rest_route=%2Fwp%2Fv2%2Fcategories&post=26018"},{"taxonomy":"post_tag","embeddable":true,"href":"https:\/\/archiviogioia.lavocedelpaese.info\/index.php?rest_route=%2Fwp%2Fv2%2Ftags&post=26018"}],"curies":[{"name":"wp","href":"https:\/\/api.w.org\/{rel}","templated":true}]}}