{"id":26079,"date":"2012-08-19T18:49:32","date_gmt":"2012-08-19T18:49:32","guid":{"rendered":"https:\/\/archiviogioia.lavocedelpaese.info\/?p=26079"},"modified":"2012-08-19T18:49:32","modified_gmt":"2012-08-19T18:49:32","slug":"eternit-via-tarantini-risolto-tutto-in-un-sabato-notte-2","status":"publish","type":"post","link":"https:\/\/archiviogioia.lavocedelpaese.info\/?p=26079","title":{"rendered":"ETERNIT VIA TARANTINI \u2013 TUTTO RISOLTO IN UN SABATO NOTTE?"},"content":{"rendered":"<p><img loading=\"lazy\" decoding=\"async\" class=\" size-full wp-image-26072\" style=\"margin-right: 2px; margin-left: 2px;\" alt=\"eternit-via-tarantini2-pp\" src=\"https:\/\/archiviogioia.lavocedelpaese.info\/wp-content\/uploads\/2012\/08\/eternit-via-tarantini2-pp.jpg\" height=\"150\" width=\"320\" srcset=\"https:\/\/archiviogioia.lavocedelpaese.info\/wp-content\/uploads\/2012\/08\/eternit-via-tarantini2-pp.jpg 640w, https:\/\/archiviogioia.lavocedelpaese.info\/wp-content\/uploads\/2012\/08\/eternit-via-tarantini2-pp-300x141.jpg 300w\" sizes=\"auto, (max-width: 320px) 100vw, 320px\" \/><\/p>\n<p><!--more--><\/p>\n<p style=\"text-align: justify;\"><b><img loading=\"lazy\" decoding=\"async\" class=\" alignleft size-full wp-image-26076\" style=\"margin: 4px; float: left;\" alt=\"ventaflini franco assessore\" src=\"https:\/\/archiviogioia.lavocedelpaese.info\/wp-content\/uploads\/2012\/08\/ventaflini_franco_assessore.jpg\" height=\"195\" width=\"200\" \/>Amianto in via Tarantini<\/b>, incredibile ma vero (forse): <b>dopo oltre sei anni (ricorreva l\u2019anno 2006) di attesa<\/b>, <b>numerose interpellanze e fiumi di inchiostro<\/b>, \u00e8 bastato un semplice articolo pubblicato sulla Gazzetta del Mezzogiorno <b>di sabato, 18 agosto affinch\u00e9 domenica, 19 il vicesindaco<\/b> <b>Franco Ventaglini dichiarasse testualmente<\/b>: \u201c<b>Il dirigente dell\u2019U.T.C. (ma non era lo stesso dell&#8217;era Longo?) provveder\u00e0 luned\u00ec mattina<\/b> (domani ndr) <b>a sanare quella situazione<\/b> in danno dei proprietari. Giunti a questo punto l\u2019eternit lo rimuove l\u2019amministrazione (<b>ma non lo aveva deciso a gennaio 2010 la giunta Longo <\/b>con ordinanza sindacale n. 8 del 22\/01\/2010?). Anche se avvieranno un\u2019azione legale, l\u2019essenziale per la collettivit\u00e0 \u00e8 che saniamo quella situazione pericolosa\u201d.<b><img loading=\"lazy\" decoding=\"async\" class=\" alignright size-full wp-image-24006\" style=\"margin: 4px; float: right;\" alt=\"lamanna-vincenzo-intervista\" src=\"https:\/\/archiviogioia.lavocedelpaese.info\/wp-content\/uploads\/2012\/06\/lamanna-vincenzo-intervista.jpg\" height=\"177\" width=\"265\" srcset=\"https:\/\/archiviogioia.lavocedelpaese.info\/wp-content\/uploads\/2012\/06\/lamanna-vincenzo-intervista.jpg 472w, https:\/\/archiviogioia.lavocedelpaese.info\/wp-content\/uploads\/2012\/06\/lamanna-vincenzo-intervista-300x201.jpg 300w\" sizes=\"auto, (max-width: 265px) 100vw, 265px\" \/><\/b><\/p>\n<p style=\"text-align: justify;\"><b>Ci perdoni l&#8217;amico Valentino Sgaramella, ma ci sembra davvero improbabile che l\u2019ingegner Laruccia<\/b>, <b>tra venerd\u00ec e sabato si sia adoperato insieme a Ventaglini per disporre la rimozione dell\u2019eternit contattando la ditta<\/b>, dopo <strong>aver redatto una lettera (quando?)<\/strong> per intimare la rimozione dell\u2019eternit <strong>ai proprietari<\/strong>.&nbsp;<\/p>\n<p style=\"text-align: justify;\">&nbsp;Una annosa questione, <b>pi\u00f9 <img loading=\"lazy\" decoding=\"async\" class=\" alignleft size-full wp-image-21466\" style=\"margin: 4px; float: left;\" alt=\"enzo-cuscito-punti\" src=\"https:\/\/archiviogioia.lavocedelpaese.info\/wp-content\/uploads\/2012\/03\/enzo-cuscito-punti.jpg\" height=\"177\" width=\"265\" srcset=\"https:\/\/archiviogioia.lavocedelpaese.info\/wp-content\/uploads\/2012\/03\/enzo-cuscito-punti.jpg 472w, https:\/\/archiviogioia.lavocedelpaese.info\/wp-content\/uploads\/2012\/03\/enzo-cuscito-punti-300x201.jpg 300w\" sizes=\"auto, (max-width: 265px) 100vw, 265px\" \/>volte denunciata<\/b> in Consiglio Comunale, da numerose testate giornalistiche<b> tra cui \u201cla Piazza\u201d<\/b> <b>e anche su questo sito con articoli, documenti e commenti a firma dell\u2019ex consigliere Lamanna<\/b>, del consigliere <b>Enzo Cuscito<\/b> e del professor <b>Vito Vinci, risolta in meno di 24 ore, <\/b>e tutto per merito di un articolo pubblicato sulla Gazzetta il giorno prima? <strong>Ma dai!!!<\/strong><\/p>\n<p style=\"text-align: justify;\"><b>Non \u00e8 escluso che a seguito dell\u2019incalzare delle interpellanze consiliari<\/b> \u2013 pubblicizzate attraverso i mass media &#8211; <b>e del malcontento che serpeggia in citt\u00e0, si sia invece deciso<\/b> (e <b>non certo nel pomeriggio di sabato<\/b>) <b>finalmente di agire <\/b>per evitare mali peggiori del contenzioso minacciato dalla proprietaria dell\u2019ex stalla, gestore dell\u2019esercizio commerciale \u201cIl bello delle donne\u201d, sito nella stessa zo<b><img loading=\"lazy\" decoding=\"async\" class=\" alignright size-full wp-image-19367\" style=\"margin: 4px; float: right;\" alt=\"federico-antonicelli-fli\" src=\"https:\/\/archiviogioia.lavocedelpaese.info\/wp-content\/uploads\/2012\/02\/federico-antonicelli-fli.JPG\" height=\"246\" width=\"183\" srcset=\"https:\/\/archiviogioia.lavocedelpaese.info\/wp-content\/uploads\/2012\/02\/federico-antonicelli-fli.JPG 369w, https:\/\/archiviogioia.lavocedelpaese.info\/wp-content\/uploads\/2012\/02\/federico-antonicelli-fli-222x300.jpg 222w\" sizes=\"auto, (max-width: 183px) 100vw, 183px\" \/><\/b>na.<\/p>\n<p style=\"text-align: justify;\"><b>Nell\u2019articolo sono presenti anche diversi errori<\/b>. <b>L\u2019allora assessore all\u2019Ambiente <\/b>della giunta Longo, <b>Federico Antonicelli<\/b> (ieri nel PdL, oggi consigliere del FLI con deleghe assegnategli da Povia), <b>decise di destinare la restante parte dei 15mila euro stanziati per risolvere il problema di rimozione e smaltimento \u201ceternit\u201d per altri interventi<\/b>, tramite la ditta Eco.dem.. <b>Compreso quanto stanziato due anni fa per la bonifica di via Tarantini<\/b>, assegnata alla ditta Teorema, il cui preventivo fu scelto tra le 5 ditte invitate alla gara. Un preventivo <b>che parlava di ben 5.800 euro <\/b>pi\u00f9 Iva, <b>non 1.900,00 come riportato s<\/b><b><img loading=\"lazy\" decoding=\"async\" class=\" alignleft size-full wp-image-19893\" style=\"margin-right: 2px; margin-left: 2px; margin-top: 4px; float: left;\" alt=\"vito-antonio-vinci-punti-di\" src=\"https:\/\/archiviogioia.lavocedelpaese.info\/wp-content\/uploads\/2012\/02\/vito-antonio-vinci-punti-di.jpg\" height=\"180\" width=\"265\" srcset=\"https:\/\/archiviogioia.lavocedelpaese.info\/wp-content\/uploads\/2012\/02\/vito-antonio-vinci-punti-di.jpg 472w, https:\/\/archiviogioia.lavocedelpaese.info\/wp-content\/uploads\/2012\/02\/vito-antonio-vinci-punti-di-300x203.jpg 300w\" sizes=\"auto, (max-width: 265px) 100vw, 265px\" \/><\/b><b>ulla Gazzetta<\/b>. Inoltre, <strong>Enzo Cuscito non fa parte di SEL<\/strong> bens\u00ec di &#8220;Solidariet\u00e0 e Partecipazione&#8221;. E <strong>la &#8220;stalla&#8221; non \u00e8 &#8220;al centro del complesso edilizio&#8221;<\/strong>, bens\u00ec alle spalle.<\/p>\n<p style=\"text-align: justify;\"><b>Riguardo al contenzioso<\/b>, <b>uno pi\u00f9, uno meno<\/b>, che sia di 1.900,00 euro, o 6.000,00 a fronte dei milioni che minacciosamente oscurano l\u2019orizzonte e la futura stabilit\u00e0 finanziaria del Comune, <b>poco cambia<\/b>.<\/p>\n<p style=\"text-align: justify;\"><b>Vediamo il lato positivo<\/b>: l\u2019eternit di via Tarantini (forse) luned\u00ec mattina sar\u00e0 rimosso e qualche buca si inizia a vederla chiusa.<img loading=\"lazy\" decoding=\"async\" class=\" alignright size-full wp-image-6509\" style=\"margin: 4px; float: right;\" alt=\"tettorie-eternit-adiacenti\" src=\"https:\/\/archiviogioia.lavocedelpaese.info\/wp-content\/uploads\/2010\/12\/tettorie-eternit-adiacenti.jpg\" height=\"225\" width=\"300\" srcset=\"https:\/\/archiviogioia.lavocedelpaese.info\/wp-content\/uploads\/2010\/12\/tettorie-eternit-adiacenti.jpg 453w, https:\/\/archiviogioia.lavocedelpaese.info\/wp-content\/uploads\/2010\/12\/tettorie-eternit-adiacenti-300x225.jpg 300w\" sizes=\"auto, (max-width: 300px) 100vw, 300px\" \/><\/p>\n<p style=\"text-align: justify;\">E\u2019 <b>questo l\u2019obiettivo che da sempre ci prefiggiamo<\/b>: non far mera polemica o i \u201cbastian contrari\u201d, ma <b>informare, aprire e stimolare il dialogo tra chi governa e i cittadini affinch\u00e9 i problemi della citt\u00e0 vengano risolti<\/b>. Che poi le risposte ci tocchi leggerle altrove, poco importa, potremo sempre dire (e dimostrare), come in questo caso, che <b>tutto era stato denunciato, scritto, letto e commentato con \u201ccongruo\u201d anticipo<\/b>, tanto da lasciare ai nostri governanti tutto il tempo necessario per deliberare in merito, anche perch\u00e9 <b>alla<\/b> <b>base di ogni decisione c\u2019\u00e8 sempre una \u201cvolont\u00e0 politica\u201d. O no?<\/b><\/p>\n<p style=\"text-align: justify;\"><b>Questi i nostri contributi <\/b>alla buona riuscita della causa.<b><br \/><\/b><\/p>\n<div style=\"text-align: justify;\"><strong>13\/12\/2010<\/strong> &#8211; <a href=\"http:\/\/gioianet.it\/politica\/2138-eternit-via-tarantini-qil-comune-non-immune-da-colpeq.html\"><span style=\"text-decoration: none;\">ETERNIT VIA TARANTINI: &#8220;IL COMUNE NON IMMUNE DA COLPE&#8221;<\/span><\/a><\/div>\n<div style=\"text-align: justify;\"><strong>21\/11\/2011<\/strong> &#8211; <a href=\"http:\/\/gioianet.it\/politica\/3770-eternit-tarantini-la-beffa-e-ritrovarsi-senza-i-terreni.html\"><span style=\"text-decoration: none;\">ETERNIT TARANTINI, LA BEFFA E&#8217; RITROVARSI SENZA I TERRENI<\/span><\/a><\/div>\n<div style=\"text-align: justify;\"><strong>26\/07\/2012<\/strong> &#8211; <a href=\"politica\/5205--pericolo-eternit-via-tarantini-cuscito-interpella-povia.html\"><span style=\"text-decoration: none;\">PERICOLO ETERNIT TARANTINI, CUSCITO INTERPELLA POVIA<\/span><\/a><\/div>\n<div><strong>14\/08\/2012<\/strong> &#8211; <a href=\"politica\/5292-eternit-sindaco-non-risponde-cuscito-lo-incalza-foto.html\"><span style=\"text-decoration: none;\">ETERNIT: SINDACO NON RISPONDE, CUSCITO LO INCALZA<\/span><\/a>&nbsp;<\/div>\n","protected":false},"excerpt":{"rendered":"","protected":false},"author":1,"featured_media":26072,"comment_status":"open","ping_status":"closed","sticky":false,"template":"","format":"standard","meta":{"colormag_page_container_layout":"default_layout","colormag_page_sidebar_layout":"default_layout","footnotes":""},"categories":[4],"tags":[],"class_list":["post-26079","post","type-post","status-publish","format-standard","has-post-thumbnail","hentry","category-politica"],"_links":{"self":[{"href":"https:\/\/archiviogioia.lavocedelpaese.info\/index.php?rest_route=\/wp\/v2\/posts\/26079","targetHints":{"allow":["GET"]}}],"collection":[{"href":"https:\/\/archiviogioia.lavocedelpaese.info\/index.php?rest_route=\/wp\/v2\/posts"}],"about":[{"href":"https:\/\/archiviogioia.lavocedelpaese.info\/index.php?rest_route=\/wp\/v2\/types\/post"}],"author":[{"embeddable":true,"href":"https:\/\/archiviogioia.lavocedelpaese.info\/index.php?rest_route=\/wp\/v2\/users\/1"}],"replies":[{"embeddable":true,"href":"https:\/\/archiviogioia.lavocedelpaese.info\/index.php?rest_route=%2Fwp%2Fv2%2Fcomments&post=26079"}],"version-history":[{"count":0,"href":"https:\/\/archiviogioia.lavocedelpaese.info\/index.php?rest_route=\/wp\/v2\/posts\/26079\/revisions"}],"wp:featuredmedia":[{"embeddable":true,"href":"https:\/\/archiviogioia.lavocedelpaese.info\/index.php?rest_route=\/wp\/v2\/media\/26072"}],"wp:attachment":[{"href":"https:\/\/archiviogioia.lavocedelpaese.info\/index.php?rest_route=%2Fwp%2Fv2%2Fmedia&parent=26079"}],"wp:term":[{"taxonomy":"category","embeddable":true,"href":"https:\/\/archiviogioia.lavocedelpaese.info\/index.php?rest_route=%2Fwp%2Fv2%2Fcategories&post=26079"},{"taxonomy":"post_tag","embeddable":true,"href":"https:\/\/archiviogioia.lavocedelpaese.info\/index.php?rest_route=%2Fwp%2Fv2%2Ftags&post=26079"}],"curies":[{"name":"wp","href":"https:\/\/api.w.org\/{rel}","templated":true}]}}