{"id":26137,"date":"2012-08-21T11:52:28","date_gmt":"2012-08-21T11:52:28","guid":{"rendered":"https:\/\/archiviogioia.lavocedelpaese.info\/?p=26137"},"modified":"2012-08-21T11:52:28","modified_gmt":"2012-08-21T11:52:28","slug":"nuovo-rogo-forze-antincendio-al-completo-foto-2","status":"publish","type":"post","link":"https:\/\/archiviogioia.lavocedelpaese.info\/?p=26137","title":{"rendered":"NUOVO ROGO: FORZE ANTINCENDIO AL COMPLETO-foto"},"content":{"rendered":"<p><img loading=\"lazy\" decoding=\"async\" class=\" size-full wp-image-26126\" style=\"margin-right: 2px; margin-left: 2px;\" alt=\"incendio-ss100-vigile-pp\" src=\"https:\/\/archiviogioia.lavocedelpaese.info\/wp-content\/uploads\/2012\/08\/incendio-ss100-vigile-pp.jpg\" height=\"150\" width=\"320\" srcset=\"https:\/\/archiviogioia.lavocedelpaese.info\/wp-content\/uploads\/2012\/08\/incendio-ss100-vigile-pp.jpg 640w, https:\/\/archiviogioia.lavocedelpaese.info\/wp-content\/uploads\/2012\/08\/incendio-ss100-vigile-pp-300x141.jpg 300w\" sizes=\"auto, (max-width: 320px) 100vw, 320px\" \/><\/p>\n<p><!--more--><\/p>\n<p style=\"text-align: justify;\"><b><img loading=\"lazy\" decoding=\"async\" class=\" alignleft size-full wp-image-26127\" style=\"margin: 4px; float: left;\" alt=\"incendio pineta ss100\" src=\"https:\/\/archiviogioia.lavocedelpaese.info\/wp-content\/uploads\/2012\/08\/incendio_pineta_ss100.JPG\" height=\"241\" width=\"320\" srcset=\"https:\/\/archiviogioia.lavocedelpaese.info\/wp-content\/uploads\/2012\/08\/incendio_pineta_ss100.JPG 640w, https:\/\/archiviogioia.lavocedelpaese.info\/wp-content\/uploads\/2012\/08\/incendio_pineta_ss100-300x226.jpg 300w\" sizes=\"auto, (max-width: 320px) 100vw, 320px\" \/>Una piccola e suggestiva pineta in contrada Spinomarino<\/b>, a pochi chilometri da Gioia in direzione Taranto <b>\u00e8 andata a fuoco<\/b>.<b> L\u2019incendio \u00e8 stato avvistato dagli operatori dell\u2019A.R.I.F.<\/b> in servizio a Montursi dalla loro torretta, <b>intorno alle 11.45<\/b> di questa mattina.<\/p>\n<p style=\"text-align: justify;\">Dopo aver prontamente allertato i <b>Vigili del Fuoco, Gioia Soccorso e la ditta Berenato Giovanni &amp;C,<\/b> gli operatori <b>Federico Surico<\/b> e <b>Nicola Prisciantelli<\/b> hanno sedato le fiamme prima che si propagassero ulteriormente, coadiuvati dai volontari nella fase di spegnimento.<\/p>\n<p style=\"text-align: justify;\">All\u2019arrivo da Bari dei Vigili del Fuoco in forza nel <b>turno A<\/b> per il servizio \u201cboschivo\u201d: <b>Vincenzo Perrini, Venturo Rivieri, Leonardo Milano e Andrea Fumarola capitanati dal CSE Sergio Toritto,<\/b> l\u2019incendio era stato domato, solo qua e l\u00e0 piccoli focolai prontamente spenti e le verifiche del caso, che hanno escluso l\u2019autocombustion<b><img loading=\"lazy\" decoding=\"async\" class=\" alignright size-full wp-image-26129\" style=\"margin: 4px; float: right;\" alt=\"incendio ss100 soccorritori\" src=\"https:\/\/archiviogioia.lavocedelpaese.info\/wp-content\/uploads\/2012\/08\/incendio_ss100_soccorritori.JPG\" height=\"241\" width=\"320\" srcset=\"https:\/\/archiviogioia.lavocedelpaese.info\/wp-content\/uploads\/2012\/08\/incendio_ss100_soccorritori.JPG 640w, https:\/\/archiviogioia.lavocedelpaese.info\/wp-content\/uploads\/2012\/08\/incendio_ss100_soccorritori-300x226.jpg 300w\" sizes=\"auto, (max-width: 320px) 100vw, 320px\" \/><\/b>e.<\/p>\n<p style=\"text-align: justify;\"><b>La giornata<\/b> seppur calda ma priva di vento <b>ha in<\/b><b>fatti reso pi\u00f9 agevoli le operazioni di spegnimento<\/b>.<\/p>\n<p style=\"text-align: justify;\"><b>L\u2019incendio che parrebbe partito da alcune sterpaglie esterne alla pineta<\/b> annessa ad una propriet\u00e0 privata, ha aggredito uno dei maestosi pini a ridosso del muretto e da l\u00ec si \u00e8 esteso all\u2019interno del sito.<\/p>\n<p style=\"text-align: justify;\"><b>Il ritardo della squadra questa volta non \u00e8 stato motivato da altri interventi in atto<\/b> &#8211; che pur sono numerosissimi in questi giorni &#8211; ma dall\u2019<b>avaria<\/b> di uno dei mezzi, per l\u2019esattezza <b>dell\u2019autocisterna contenente l\u2019acqua che ha percorso la Statale100 senza mai riuscire a superare i 40 chilometri orari.<\/b><img loading=\"lazy\" decoding=\"async\" class=\" alignleft size-full wp-image-26130\" style=\"margin: 4px; float: left;\" alt=\"incendio ss100 mezzi\" src=\"https:\/\/archiviogioia.lavocedelpaese.info\/wp-content\/uploads\/2012\/08\/incendio_ss100_mezzi.JPG\" height=\"241\" width=\"321\" srcset=\"https:\/\/archiviogioia.lavocedelpaese.info\/wp-content\/uploads\/2012\/08\/incendio_ss100_mezzi.JPG 640w, https:\/\/archiviogioia.lavocedelpaese.info\/wp-content\/uploads\/2012\/08\/incendio_ss100_mezzi-300x226.jpg 300w\" sizes=\"auto, (max-width: 321px) 100vw, 321px\" \/><\/p>\n<p style=\"text-align: justify;\"><b>Lo stato in cui versa il pa<\/b><b>rco automezzi del Comando Provinciale dei VVF \u00e8 davvero drammatico<\/b>! Tenendo conto delle distanze da coprire giornalmente e delle decine di interventi di soccorso per turno, ha del miracoloso che ancora riescano ad intervenire non solo in contrade distanti, ma anche in citt\u00e0.<\/p>\n<p style=\"text-align: justify;\"><b>Se i mezzi e le risorse umane scarseggiano<\/b>, <b>di contro la frequenza con cui scoppiano incendi auto e sterpaglie \u00e8 in netto incremento<\/b>, tanto da salire agli onori della cronaca quasi giornalmente anche in provincia.<\/p>\n<p style=\"text-align: justify;\">Tra le notizie che pi\u00f9 faranno piacere alle associazioni di vo<img loading=\"lazy\" decoding=\"async\" class=\" alignright size-full wp-image-26132\" style=\"margin: 4px; float: right;\" alt=\"mezzi antincendio\" src=\"https:\/\/archiviogioia.lavocedelpaese.info\/wp-content\/uploads\/2012\/08\/mezzi_antincendio.JPG\" height=\"241\" width=\"320\" srcset=\"https:\/\/archiviogioia.lavocedelpaese.info\/wp-content\/uploads\/2012\/08\/mezzi_antincendio.JPG 640w, https:\/\/archiviogioia.lavocedelpaese.info\/wp-content\/uploads\/2012\/08\/mezzi_antincendio-300x226.jpg 300w\" sizes=\"auto, (max-width: 320px) 100vw, 320px\" \/>lontariato che operano nel settore, l\u2019arrivo di un <b>contributo di 100mila euro destinato d<\/b><b>alla Regione Puglia al Comune di Gioia \u201cper il&nbsp;rafforzamento delle strutture comunali di protezione civile previsto nell\u2019ambito del P.O. FESR 2007-2013\u201d<\/b>, per l\u2019esattezza <b>70mila euro saranno stanziati dalla Regione<\/b> e <b>30mila dal Comune<\/b>.<\/p>\n<p style=\"text-align: justify;\">Nelle graduatorie provvisorie approvate con <b>determinazione dirigenziale n. 102\/2012<\/b> del Servizio Risorse Naturali pubblicata nel <b>Bollettino Ufficiale della Regione Puglia n.119 del 16 agosto 2012,<\/b> <b>tra i 139 Comuni<\/b> che hanno partecipato al bando pubblicato sul BURP il 3 maggio scorso e tra cui saranno suddivisi gli <strong>8<\/strong><b>.932.677,31<\/b> euro stanziati, <b>compare anche Gioia del Colle<\/b>.<strong><img loading=\"lazy\" decoding=\"async\" class=\" alignleft size-full wp-image-26133\" style=\"margin: 4px; float: left;\" alt=\"incendio ss100 volontari\" src=\"https:\/\/archiviogioia.lavocedelpaese.info\/wp-content\/uploads\/2012\/08\/incendio_ss100_volontari.JPG\" height=\"241\" width=\"320\" srcset=\"https:\/\/archiviogioia.lavocedelpaese.info\/wp-content\/uploads\/2012\/08\/incendio_ss100_volontari.JPG 640w, https:\/\/archiviogioia.lavocedelpaese.info\/wp-content\/uploads\/2012\/08\/incendio_ss100_volontari-300x226.jpg 300w\" sizes=\"auto, (max-width: 320px) 100vw, 320px\" \/><\/strong><\/p>\n<p style=\"text-align: justify;\"><strong>Quali criteri e modalit\u00e0 si utilizzeranno per l\u2019utilizzo di tali fondi<\/strong> e chi ne sar\u00e0 il referente istituzionale, al momento non \u00e8 dato sapere.<\/p>\n<p style=\"text-align: justify;\"><b>Si auspica che l\u2019operazione avvenga nella pi\u00f9 totale trasparenza<\/b> <b>e che vengano potenziati mezzi e strumenti a disposizione di tutti gli operatori e di tutti i volontari del soccorso<\/b>, oggi pi\u00f9 che mai indispensabili \u201cbraccia\u201d al servizio della citt\u00e0 e primo presidio locale per far fronte non solo ai numerosi incendi ma anche alle varie calamit\u00e0 (allagamenti, nevicate, incidenti\u2026) che puntualmente mettono a repentaglio la sicurezza dei cittadini.<\/p>\n<p style=\"text-align: justify;\">Protezione Civile: <strong>100 mila euro per<\/strong> il comune di <strong>Gioia del Colle<\/strong>. <a href=\"https:\/\/archiviogioia.lavocedelpaese.info\/wp-content\/uploads\/2012\/08\/delibera-protezione-civile-strutture_comunali_prot._civile.pdf\">Scarica documento<\/a><\/p>\n<p><object type=\"application\/x-shockwave-flash\" width=\"660\" height=\"660\" flashvars=\"host=picasaweb.google.com&amp;hl=it&amp;feat=flashalbum&amp;RGB=0x000000&amp;feed=https:\/\/picasaweb.google.com\/data\/feed\/api\/user\/104626251937098962566\/albumid\/5779168130181183393?alt=rss&amp;kind=photo&amp;authkey=Gv1sRgCMeq0KTwlcWnIQ&amp;hl=it\" pluginspage=\"http:\/\/www.macromedia.com\/go\/getflashplayer\" data=\"https:\/\/picasaweb.google.com\/s\/c\/bin\/slideshow.swf\"><param name=\"movie\" value=\"https:\/\/picasaweb.google.com\/s\/c\/bin\/slideshow.swf\" \/><\/object><\/p>\n","protected":false},"excerpt":{"rendered":"","protected":false},"author":1,"featured_media":26126,"comment_status":"open","ping_status":"closed","sticky":false,"template":"","format":"standard","meta":{"colormag_page_container_layout":"default_layout","colormag_page_sidebar_layout":"default_layout","footnotes":""},"categories":[8],"tags":[],"class_list":["post-26137","post","type-post","status-publish","format-standard","has-post-thumbnail","hentry","category-cronaca"],"_links":{"self":[{"href":"https:\/\/archiviogioia.lavocedelpaese.info\/index.php?rest_route=\/wp\/v2\/posts\/26137","targetHints":{"allow":["GET"]}}],"collection":[{"href":"https:\/\/archiviogioia.lavocedelpaese.info\/index.php?rest_route=\/wp\/v2\/posts"}],"about":[{"href":"https:\/\/archiviogioia.lavocedelpaese.info\/index.php?rest_route=\/wp\/v2\/types\/post"}],"author":[{"embeddable":true,"href":"https:\/\/archiviogioia.lavocedelpaese.info\/index.php?rest_route=\/wp\/v2\/users\/1"}],"replies":[{"embeddable":true,"href":"https:\/\/archiviogioia.lavocedelpaese.info\/index.php?rest_route=%2Fwp%2Fv2%2Fcomments&post=26137"}],"version-history":[{"count":0,"href":"https:\/\/archiviogioia.lavocedelpaese.info\/index.php?rest_route=\/wp\/v2\/posts\/26137\/revisions"}],"wp:featuredmedia":[{"embeddable":true,"href":"https:\/\/archiviogioia.lavocedelpaese.info\/index.php?rest_route=\/wp\/v2\/media\/26126"}],"wp:attachment":[{"href":"https:\/\/archiviogioia.lavocedelpaese.info\/index.php?rest_route=%2Fwp%2Fv2%2Fmedia&parent=26137"}],"wp:term":[{"taxonomy":"category","embeddable":true,"href":"https:\/\/archiviogioia.lavocedelpaese.info\/index.php?rest_route=%2Fwp%2Fv2%2Fcategories&post=26137"},{"taxonomy":"post_tag","embeddable":true,"href":"https:\/\/archiviogioia.lavocedelpaese.info\/index.php?rest_route=%2Fwp%2Fv2%2Ftags&post=26137"}],"curies":[{"name":"wp","href":"https:\/\/api.w.org\/{rel}","templated":true}]}}