{"id":26272,"date":"2012-08-24T05:28:35","date_gmt":"2012-08-24T05:28:35","guid":{"rendered":"https:\/\/archiviogioia.lavocedelpaese.info\/?p=26272"},"modified":"2012-08-24T05:28:35","modified_gmt":"2012-08-24T05:28:35","slug":"rissa-sfiorata-tra-atleti-federiciana-e-real-gioia","status":"publish","type":"post","link":"https:\/\/archiviogioia.lavocedelpaese.info\/?p=26272","title":{"rendered":"RISSA SFIORATA TRA ATLETI FEDERICIANA E REAL GIOIA"},"content":{"rendered":"<p><img loading=\"lazy\" decoding=\"async\" class=\" size-full wp-image-26267\" style=\"margin-right: 2px; margin-left: 2px;\" alt=\"federiciana-rugby2-pp\" src=\"https:\/\/archiviogioia.lavocedelpaese.info\/wp-content\/uploads\/2012\/08\/federiciana-rugby2-pp.jpg\" height=\"150\" width=\"320\" srcset=\"https:\/\/archiviogioia.lavocedelpaese.info\/wp-content\/uploads\/2012\/08\/federiciana-rugby2-pp.jpg 640w, https:\/\/archiviogioia.lavocedelpaese.info\/wp-content\/uploads\/2012\/08\/federiciana-rugby2-pp-300x141.jpg 300w\" sizes=\"auto, (max-width: 320px) 100vw, 320px\" \/><\/p>\n<p><!--more--><\/p>\n<p style=\"margin-bottom: 0.0001pt; text-align: justify; line-height: normal;\"><img loading=\"lazy\" decoding=\"async\" class=\" alignleft size-full wp-image-26269\" style=\"margin: 4px; float: left;\" alt=\"federiciana rugby3\" src=\"https:\/\/archiviogioia.lavocedelpaese.info\/wp-content\/uploads\/2012\/08\/federiciana_rugby3.jpg\" height=\"211\" width=\"317\" srcset=\"https:\/\/archiviogioia.lavocedelpaese.info\/wp-content\/uploads\/2012\/08\/federiciana_rugby3.jpg 960w, https:\/\/archiviogioia.lavocedelpaese.info\/wp-content\/uploads\/2012\/08\/federiciana_rugby3-300x200.jpg 300w, https:\/\/archiviogioia.lavocedelpaese.info\/wp-content\/uploads\/2012\/08\/federiciana_rugby3-768x512.jpg 768w\" sizes=\"auto, (max-width: 317px) 100vw, 317px\" \/>E\u2019 il caso di dire che se il buon giorno si vede dal mattino\u2026 <b>\u201cmala tempora currunt\u201d nel coordinamento della gestione delle strutture sportive gioiesi<\/b>!<\/p>\n<p style=\"margin-bottom: 0.0001pt; text-align: justify; line-height: normal;\">La Consulta dello Sport nella sua ultima riunione, <b style=\"margin-bottom: 0.0001pt; text-align: justify; line-height: normal;\">annuncia la riapertura del campo \u201cMartucci\u201d dal 19 agosto, anche al rugby<\/b>, e <b>conferma lo stesso calendario<\/b> di <b>allenamenti<\/b> vigente per la stagione <b>2011\/2012<\/b>.<\/p>\n<p style=\"margin-bottom: 0.0001pt; text-align: justify; line-height: normal;\"><b>Per l\u2019ASD Federiciana<\/b> il campo risulta disponibile, infatti, dalle 20,30 alle 21,30 nei giorni di marted\u00ec, gioved\u00ec e venerd\u00ec, ma <b>il primo allenamento \u00e8 funestato da una imprevedibile \u201ccompresenza\u201d con la Real Gioia<\/b> &#8211; squadra di calcio locale <b>autorizzata<\/b> dalla dirigente del settore preposta al coordinamento delle attivit\u00e0 sportive (in capo alla SPES) <b>ad allenarsi tutti i <img loading=\"lazy\" decoding=\"async\" class=\" alignright size-full wp-image-26270\" style=\"margin: 4px; float: right;\" alt=\"federiciana rugby5\" src=\"https:\/\/archiviogioia.lavocedelpaese.info\/wp-content\/uploads\/2012\/08\/federiciana_rugby5.jpg\" height=\"247\" width=\"250\" srcset=\"https:\/\/archiviogioia.lavocedelpaese.info\/wp-content\/uploads\/2012\/08\/federiciana_rugby5.jpg 720w, https:\/\/archiviogioia.lavocedelpaese.info\/wp-content\/uploads\/2012\/08\/federiciana_rugby5-300x297.jpg 300w\" sizes=\"auto, (max-width: 250px) 100vw, 250px\" \/>giorni della settimana dalle 18,00 alle 21,30 <\/b>monopolizzando di fatto l\u2019utilizzo della struttura.<\/p>\n<p style=\"margin-bottom: 0.0001pt; text-align: justify; line-height: normal;\">Marted\u00ec, 21 agosto, <b>al momento dell\u2019arrivo dei sessanta atleti della squadra di rugby Federiciana provenienti da Matera, Conversano e Putignano, i calciatori occupavano met\u00e0 del campo<\/b> e non contenti di una ipotetica condivisione degli spazi hanno poco sportivamente invitato gli atleti ad abbandonare il campo, <b>impedendo l\u2019utilizzo anche della pista di atletica<\/b>.<\/p>\n<p style=\"margin-bottom: 0.0001pt; text-align: justify; line-height: normal;\">Il dirigente dell\u2019ASD Federiciana <b>Alfredo Vacca ha tentato di proporre un compromesso<\/b>, ma i tre dirigenti della Real Gioia erano di diverso avviso. <b>Negli spogliatoi del campo la discussione si \u00e8 accesa<\/b>, trasformandosi in un vero e proprio alterco che ha coinvolto anche i giocatori di entrambe le squadre.<\/p>\n<p style=\"margin-bottom: 0.0001pt; text-align: justify; line-height: normal;\"><b>Fortunatamente la lite non \u00e8 degenerata, pur essendo arrivati<\/b> &#8211; da indiscrezioni dei presenti \u2013 <b>molto vicini allo scontro fisico<\/b>, tanto da evocare scenari da Bronx con mazze e catene ben in vista.<\/p>\n<p style=\"margin-bottom: 0.0001pt; text-align: justify; line-height: normal;\"><b><img loading=\"lazy\" decoding=\"async\" class=\" alignleft size-full wp-image-3838\" style=\"margin: 4px; float: left;\" alt=\"carabinieri9\" src=\"https:\/\/archiviogioia.lavocedelpaese.info\/wp-content\/uploads\/2010\/08\/carabinieri9.jpg\" height=\"224\" width=\"300\" srcset=\"https:\/\/archiviogioia.lavocedelpaese.info\/wp-content\/uploads\/2010\/08\/carabinieri9.jpg 400w, https:\/\/archiviogioia.lavocedelpaese.info\/wp-content\/uploads\/2010\/08\/carabinieri9-300x224.jpg 300w\" sizes=\"auto, (max-width: 300px) 100vw, 300px\" \/>Il pronto intervento dei Carabinieri<\/b>, che hanno messo a verbale quanto accaduto, <b>ha posto fine alla diatriba<\/b>.<\/p>\n<p style=\"margin-bottom: 0.0001pt; text-align: justify; line-height: normal;\"><b>La Federiciana<\/b> per evitare speculazioni sull\u2019incresciosa vicenda <b>ha ritenuto di dover denunciare all\u2019Amministrazione quanto accaduto<\/b>, precisando che <b>questo episodio \u00e8 l\u2019ultimo di una lunga serie di tentativi di ostruzionismo e intimidazione<\/b> da parte dei dirigenti della societ\u00e0 Real Gioia a danno dell\u2019ASD Federiciana Rugby.<\/p>\n<p style=\"margin-bottom: 0.0001pt; text-align: justify; line-height: normal;\"><b>Parrebbe siano state montate vere e proprie campagne delatorie<\/b> per screditare la disciplina rugbystica e per denunciare le condotte \u2018incivili\u2019 da parte degli atleti della societ\u00e0, con l\u2019intento finale di instillare il principio della <b>non ammissibilit\u00e0 dell\u2019ASD Federiciana all\u2019utilizzo degli impianti sportivi comunali di Gioia del Colle<\/b>.<\/p>\n<p style=\"margin-bottom: 0.0001pt; text-align: justify; line-height: normal;\"><img loading=\"lazy\" decoding=\"async\" class=\" alignright size-full wp-image-5787\" style=\"margin: 4px; float: right;\" alt=\"municipio-ingresso\" src=\"https:\/\/archiviogioia.lavocedelpaese.info\/wp-content\/uploads\/2010\/11\/municipio-ingresso.jpg\" height=\"293\" width=\"221\" \/>Il <b>dato pi\u00f9 preoccupante<\/b>, sempre secondo le indiscrezioni raccolte, <b>\u00e8 il coinvolgimento di alcune figure istituzionali<\/b> che hanno avvallato accuse infondate e sostenuto l\u2019impossibilit\u00e0 dell\u2019utilizzo di un unico impianto di erba sintetica per entrambe le discipline sportive, come normalmente avviene in altre realt\u00e0 della stessa regione.<\/p>\n<p style=\"margin-bottom: 0.0001pt; text-align: justify; line-height: normal;\"><b>L\u2019associazione sportiva dilettantistica chiede quindi chiarimenti all\u2019Amministrazione<\/b> in merito al diritto di accesso agli impianti sportivi, <b>invocando pari opportunit\u00e0<\/b> e pluralismo. A tali strutture, infatti, accedono le varie societ\u00e0 sportive compartecipando alle spese a prezzi politici.<\/p>\n<p style=\"margin-bottom: 0.0001pt; text-align: justify; line-height: normal;\"><b>Simili episodi davvero mal si conciliano con la pratica sportiva ed i valori che la esprimono<\/b>.<\/p>\n<p style=\"margin-bottom: 0.0001pt; text-align: justify; line-height: normal;\"><b>Un messaggio fortemente negativo che potrebbe demotivare gli stessi giovani atleti<\/b>, impediti nella pratica della disciplina sportiva che amano, <b>a causa di un pessimo coordinamento dei tempi<\/b> e dei luoghi <b>da parte di chi dovrebbe incentivare la fruizione degli stessi<\/b>.<\/p>\n<p style=\"margin-bottom: 0.0001pt; line-height: normal; text-align: right;\">(immagini di repertorio)<\/p>\n<p>&nbsp;<\/p>\n","protected":false},"excerpt":{"rendered":"","protected":false},"author":1,"featured_media":26267,"comment_status":"open","ping_status":"closed","sticky":false,"template":"","format":"standard","meta":{"colormag_page_container_layout":"default_layout","colormag_page_sidebar_layout":"default_layout","footnotes":""},"categories":[5],"tags":[],"class_list":["post-26272","post","type-post","status-publish","format-standard","has-post-thumbnail","hentry","category-sport"],"_links":{"self":[{"href":"https:\/\/archiviogioia.lavocedelpaese.info\/index.php?rest_route=\/wp\/v2\/posts\/26272","targetHints":{"allow":["GET"]}}],"collection":[{"href":"https:\/\/archiviogioia.lavocedelpaese.info\/index.php?rest_route=\/wp\/v2\/posts"}],"about":[{"href":"https:\/\/archiviogioia.lavocedelpaese.info\/index.php?rest_route=\/wp\/v2\/types\/post"}],"author":[{"embeddable":true,"href":"https:\/\/archiviogioia.lavocedelpaese.info\/index.php?rest_route=\/wp\/v2\/users\/1"}],"replies":[{"embeddable":true,"href":"https:\/\/archiviogioia.lavocedelpaese.info\/index.php?rest_route=%2Fwp%2Fv2%2Fcomments&post=26272"}],"version-history":[{"count":0,"href":"https:\/\/archiviogioia.lavocedelpaese.info\/index.php?rest_route=\/wp\/v2\/posts\/26272\/revisions"}],"wp:featuredmedia":[{"embeddable":true,"href":"https:\/\/archiviogioia.lavocedelpaese.info\/index.php?rest_route=\/wp\/v2\/media\/26267"}],"wp:attachment":[{"href":"https:\/\/archiviogioia.lavocedelpaese.info\/index.php?rest_route=%2Fwp%2Fv2%2Fmedia&parent=26272"}],"wp:term":[{"taxonomy":"category","embeddable":true,"href":"https:\/\/archiviogioia.lavocedelpaese.info\/index.php?rest_route=%2Fwp%2Fv2%2Fcategories&post=26272"},{"taxonomy":"post_tag","embeddable":true,"href":"https:\/\/archiviogioia.lavocedelpaese.info\/index.php?rest_route=%2Fwp%2Fv2%2Ftags&post=26272"}],"curies":[{"name":"wp","href":"https:\/\/api.w.org\/{rel}","templated":true}]}}