{"id":26530,"date":"2012-08-30T13:28:59","date_gmt":"2012-08-30T13:28:59","guid":{"rendered":"https:\/\/archiviogioia.lavocedelpaese.info\/?p=26530"},"modified":"2012-08-30T13:28:59","modified_gmt":"2012-08-30T13:28:59","slug":"pronto-soccorso-fingere-malore-per-essere-assistita","status":"publish","type":"post","link":"https:\/\/archiviogioia.lavocedelpaese.info\/?p=26530","title":{"rendered":"PRONTO SOCCORSO: \u201cFINGERE MALORE PER ESSERE ASSISTITA\u201d"},"content":{"rendered":"<p><img loading=\"lazy\" decoding=\"async\" class=\" size-full wp-image-6921\" style=\"margin-right: 2px; margin-left: 2px;\" alt=\"pronto-soccorso-ospedale\" src=\"https:\/\/archiviogioia.lavocedelpaese.info\/wp-content\/uploads\/2010\/12\/pronto-soccorso-ospedale.jpg\" height=\"150\" width=\"320\" srcset=\"https:\/\/archiviogioia.lavocedelpaese.info\/wp-content\/uploads\/2010\/12\/pronto-soccorso-ospedale.jpg 640w, https:\/\/archiviogioia.lavocedelpaese.info\/wp-content\/uploads\/2010\/12\/pronto-soccorso-ospedale-300x141.jpg 300w\" sizes=\"auto, (max-width: 320px) 100vw, 320px\" \/><\/p>\n<p><!--more--><\/p>\n<p style=\"text-align: justify;\"><strong>Riceviamo e pubblichiamo<\/strong> con vivo rammarico e stupore. E questo, per chi non si \u00e8 reso ancora conto, <strong>\u00e8 solo l&#8217;inizio<\/strong>.<\/p>\n<p style=\"text-align: center;\">&#8212;&#8212;&#8212;&#8212;&#8212;&#8212;&#8212;&#8212;&#8212;&#8212;&#8212;&#8212;&#8212;<\/p>\n<p style=\"text-align: justify;\">&#8220;Spett. Redazione GioiaNet,<\/p>\n<p style=\"text-align: justify;\"><img loading=\"lazy\" decoding=\"async\" class=\" alignright size-full wp-image-3070\" style=\"margin: 4px; float: right;\" alt=\"donvitot\" src=\"https:\/\/archiviogioia.lavocedelpaese.info\/wp-content\/uploads\/2010\/07\/donvitot.jpg\" height=\"267\" width=\"200\" srcset=\"https:\/\/archiviogioia.lavocedelpaese.info\/wp-content\/uploads\/2010\/07\/donvitot.jpg 300w, https:\/\/archiviogioia.lavocedelpaese.info\/wp-content\/uploads\/2010\/07\/donvitot-225x300.jpg 225w\" sizes=\"auto, (max-width: 200px) 100vw, 200px\" \/>sento l&#8217;obbligo di scrivere questa e-mail perch\u00e9 ritengo che quanto accaduto&nbsp;il giorno 27\/8 nel mio studio&nbsp;rifletta l&#8217;esatta misura di quanto l&#8217;assistenza sanitaria&nbsp; territoriale sia oltre modo critica.<\/p>\n<p style=\"text-align: justify;\">Ho visto una mia giovane assistita, 22 anni, gravida alla 25esima settimana, che mi riferiva le sue&nbsp;difficolt\u00e0&nbsp;a riuscire a prenotare una visita ostetrica, nonostante l&#8217;avanzato stato gravidico.<\/p>\n<p style=\"text-align: justify;\">Infatti, rivoltasi in un vicino ospedale per prenotare tale visita, si \u00e8 sentita proporre una prenotazione per il mese di novembre: la data presunta del parto \u00e8 l&#8217;8 dicembre! Alle sue esternazioni \u00e8 stata tranquillizzata dall&#8217;operatore\/operatrice del CUP con la seguente motivazione: &#8220;<strong>non si preoccupi, in fin dei conti questi controlli prima non si facevano &#8220;&#8230;&#8230;&#8230;<\/strong><\/p>\n<p style=\"text-align: justify;\">Per risolvere il problema ho telefonato in reparto chiedendo di parlare con un Collega il quale per\u00f2 mi ha laconicamente risposto di non poter far nulla in reparto in quanto il problema riguardava l&#8217;attivit\u00e0 di ambulatorio. <strong>L&#8217;unica soluzione poteva essere quella di inviare la paziente in pronto soccorso, fingendo dolori addominali<\/strong>, perch\u00e9 cos\u00ec sarebbe stata sicuramente valutata in reparto.<\/p>\n<p style=\"text-align: justify;\">Questa \u00e8 la situazione in pratica, al di l\u00e0 di tutto!<\/p>\n<p style=\"text-align: justify;\"><strong>Si vuole riformare l&#8217;assistenza sanitaria di primo livello<\/strong> (medicina di famiglia) con il primo obiettivo di decongestionare l&#8217;attivit\u00e0 dei Pronto Soccorso e soprattutto di deospedalizzare la sanit\u00e0,<strong> salvo poi sentirsi proporre certe soluzioni!<\/strong><\/p>\n<p style=\"text-align: justify;\"><img loading=\"lazy\" decoding=\"async\" class=\" alignright size-full wp-image-25516\" style=\"margin: 4px; float: right;\" alt=\"ospedale-visita-reparti9\" src=\"https:\/\/archiviogioia.lavocedelpaese.info\/wp-content\/uploads\/2012\/08\/ospedale-visita-reparti9.jpg\" height=\"225\" width=\"300\" srcset=\"https:\/\/archiviogioia.lavocedelpaese.info\/wp-content\/uploads\/2012\/08\/ospedale-visita-reparti9.jpg 756w, https:\/\/archiviogioia.lavocedelpaese.info\/wp-content\/uploads\/2012\/08\/ospedale-visita-reparti9-300x225.jpg 300w\" sizes=\"auto, (max-width: 300px) 100vw, 300px\" \/>La necessit\u00e0 primaria della Sanit\u00e0 oggi \u00e8 quella di avere la possibilit\u00e0 di svolgere una normale attivit\u00e0 senza dover fare i conti con liste di prenotazioni ingestibili in pratica, e non quella di avere reparti per ricoveri ai quali non di dovrebbe arrivare.<\/p>\n<p style=\"text-align: justify;\"><strong>E&#8217; UN SISTEMA SCHIZOFRENICO!<\/strong><\/p>\n<p style=\"text-align: justify;\">Infine, ma non certo meno importante, \u00e8 la considerazione da fare circa la considerazione fatta che certi controlli prima non si facevano: <strong>siamo nel 2012 ma di fatto tendiamo a regredire di oltre 50 anni<\/strong>.<\/p>\n<p style=\"text-align: justify;\">Altre considerazioni le lascerei a chi eventualmente dovesse leggere questa mia e-mail di sfogo e di rabbia.&nbsp;<\/p>\n<p style=\"text-align: justify;\"><strong>Tommaso Donvito<\/strong><\/p>\n<p style=\"text-align: justify;\">Medico di Famiglia &#8211; Gioia del Colle&#8221;<\/p>\n<p style=\"text-align: right;\">(foto di repertorio)<\/p>\n","protected":false},"excerpt":{"rendered":"","protected":false},"author":1,"featured_media":6921,"comment_status":"open","ping_status":"closed","sticky":false,"template":"","format":"standard","meta":{"colormag_page_container_layout":"default_layout","colormag_page_sidebar_layout":"default_layout","footnotes":""},"categories":[8],"tags":[],"class_list":["post-26530","post","type-post","status-publish","format-standard","has-post-thumbnail","hentry","category-cronaca"],"_links":{"self":[{"href":"https:\/\/archiviogioia.lavocedelpaese.info\/index.php?rest_route=\/wp\/v2\/posts\/26530","targetHints":{"allow":["GET"]}}],"collection":[{"href":"https:\/\/archiviogioia.lavocedelpaese.info\/index.php?rest_route=\/wp\/v2\/posts"}],"about":[{"href":"https:\/\/archiviogioia.lavocedelpaese.info\/index.php?rest_route=\/wp\/v2\/types\/post"}],"author":[{"embeddable":true,"href":"https:\/\/archiviogioia.lavocedelpaese.info\/index.php?rest_route=\/wp\/v2\/users\/1"}],"replies":[{"embeddable":true,"href":"https:\/\/archiviogioia.lavocedelpaese.info\/index.php?rest_route=%2Fwp%2Fv2%2Fcomments&post=26530"}],"version-history":[{"count":0,"href":"https:\/\/archiviogioia.lavocedelpaese.info\/index.php?rest_route=\/wp\/v2\/posts\/26530\/revisions"}],"wp:featuredmedia":[{"embeddable":true,"href":"https:\/\/archiviogioia.lavocedelpaese.info\/index.php?rest_route=\/wp\/v2\/media\/6921"}],"wp:attachment":[{"href":"https:\/\/archiviogioia.lavocedelpaese.info\/index.php?rest_route=%2Fwp%2Fv2%2Fmedia&parent=26530"}],"wp:term":[{"taxonomy":"category","embeddable":true,"href":"https:\/\/archiviogioia.lavocedelpaese.info\/index.php?rest_route=%2Fwp%2Fv2%2Fcategories&post=26530"},{"taxonomy":"post_tag","embeddable":true,"href":"https:\/\/archiviogioia.lavocedelpaese.info\/index.php?rest_route=%2Fwp%2Fv2%2Ftags&post=26530"}],"curies":[{"name":"wp","href":"https:\/\/api.w.org\/{rel}","templated":true}]}}