{"id":26565,"date":"2012-08-31T05:34:06","date_gmt":"2012-08-31T05:34:06","guid":{"rendered":"https:\/\/archiviogioia.lavocedelpaese.info\/?p=26565"},"modified":"2012-08-31T05:34:06","modified_gmt":"2012-08-31T05:34:06","slug":"mai-innamorarsi-ad-agosto-con-francesco-marocco","status":"publish","type":"post","link":"https:\/\/archiviogioia.lavocedelpaese.info\/?p=26565","title":{"rendered":"\u201cMAI INNAMORARSI AD AGOSTO\u201d, CON FRANCESCO MAROCCO"},"content":{"rendered":"<p><img loading=\"lazy\" decoding=\"async\" class=\" size-full wp-image-26557\" style=\"margin-right: 2px; margin-left: 2px;\" alt=\"marocco-presentazione-libro-pp\" src=\"https:\/\/archiviogioia.lavocedelpaese.info\/wp-content\/uploads\/2012\/08\/marocco-presentazione-libro-pp.jpg\" height=\"150\" width=\"320\" srcset=\"https:\/\/archiviogioia.lavocedelpaese.info\/wp-content\/uploads\/2012\/08\/marocco-presentazione-libro-pp.jpg 640w, https:\/\/archiviogioia.lavocedelpaese.info\/wp-content\/uploads\/2012\/08\/marocco-presentazione-libro-pp-300x140.jpg 300w\" sizes=\"auto, (max-width: 320px) 100vw, 320px\" \/><\/p>\n<p><!--more--><\/p>\n<div class=\"WordSection1\">\n<p style=\"margin-bottom: 0.0001pt; text-align: justify; line-height: normal;\"><b><img loading=\"lazy\" decoding=\"async\" class=\" alignleft size-full wp-image-26559\" style=\"margin: 4px; float: left;\" alt=\"marocco-presentazione-libro1\" src=\"https:\/\/archiviogioia.lavocedelpaese.info\/wp-content\/uploads\/2012\/08\/marocco-presentazione-libro1.jpg\" height=\"232\" width=\"320\" srcset=\"https:\/\/archiviogioia.lavocedelpaese.info\/wp-content\/uploads\/2012\/08\/marocco-presentazione-libro1.jpg 573w, https:\/\/archiviogioia.lavocedelpaese.info\/wp-content\/uploads\/2012\/08\/marocco-presentazione-libro1-300x218.jpg 300w\" sizes=\"auto, (max-width: 320px) 100vw, 320px\" \/>Si \u00e8 tenuta ieri<\/b>, 30 agosto, <b>la presentazione della seconda opera narrativa dello scrittore barese Francesco Marocco<\/b>, dal titolo \u201c<b>Mai innamorarsi ad agosto<\/b>\u201d, edito Fandango. L\u2019incontro con l\u2019autore, tenutosi nel chiostro di Palazzo San Domenico, \u00e8 stato <b>introdotto dalla prof.ssa Piera De Giorgi e moderato dalla prof.ssa Irene Martino<\/b>.<\/p>\n<p style=\"margin-bottom: 0.0001pt; text-align: justify; line-height: normal;\">Le letture sono state affidate alle voci di <strong>Massimo Brambilla<\/strong> e <strong>Roberto Fatigus<\/strong>o, di <strong>Atrebilteatro<\/strong>.<\/p>\n<p style=\"margin-bottom: 0.0001pt; text-align: justify; line-height: normal;\"><b>Oltre il titolo e la copertina<\/b>, che sembrano suggerire al lettore la \u201cleggerezza\u201d di una narrazione al femminile da divorare sotto l\u2019ombrellone, <b>si celano tematiche attuali e complesse<\/b>, indagate da Marocco con occhio critico e disilluso. Il trentenne Matteo, <b>illustra la trama la prof.ssa Martino<\/b>, \u00e8 un ex-calciatore estromesso dalla sua squadra e divenuto, d\u2019un tratto, un giovane precario. Quando un dirigente del Ministero dell\u2019Ambiente gli propone il <img loading=\"lazy\" decoding=\"async\" class=\" alignright size-full wp-image-26560\" style=\"margin: 4px; float: right;\" alt=\"marocco-presenta\" src=\"https:\/\/archiviogioia.lavocedelpaese.info\/wp-content\/uploads\/2012\/08\/marocco-presenta.jpg\" height=\"302\" width=\"250\" srcset=\"https:\/\/archiviogioia.lavocedelpaese.info\/wp-content\/uploads\/2012\/08\/marocco-presenta.jpg 480w, https:\/\/archiviogioia.lavocedelpaese.info\/wp-content\/uploads\/2012\/08\/marocco-presenta-248x300.jpg 248w\" sizes=\"auto, (max-width: 250px) 100vw, 250px\" \/>posto fisso a condizione che diventi capocannoniere del torneo interministeriale, Matteo accetta senza esitazione. La precariet\u00e0 di Matteo, per\u00f2, riguarda la sua vita professionale come la sua vita privata, che ruota attorno alla presenza di due personaggi femminili, l\u2019integerrima Neve e l\u2019affascinante Claudia.<\/p>\n<p style=\"margin-bottom: 0.0001pt; text-align: justify; line-height: normal;\"><b>Attraverso la vita di Matteo, Marocco fotografa il momento storico vissuto da una generazione precaria, e professionalmente e affettivamente<\/b>. Una generazione abituata a \u201cstringersi nelle spalle di fronte a una dimensione pubblica a cui non eravamo stati abituati, noi che dalla politica avevamo avuto solo la possibilit\u00e0 di scegliere se essere berlusconiani o antiberlusconiani[\u2026], <b>accumulando emicranie e gastriti nervose<\/b>, compensati e sedotti dall\u2019accessibilit\u00e0 del mondo che Google, Facebook e Ryanair ci avevano regalato. Ci stringevamo nelle spalle e incendiavamo ogni cosa in una rincorsa dionisiaca che era un lungo traghettare verso un\u2019et\u00e0 adulta che non sarebbe mai arrivata [\u2026].\u201d<\/p>\n<p style=\"margin-bottom: 0.0001pt; text-align: justify; line-height: normal;\"><b>Una generazione disabituata a porsi le domande, perch\u00e9 Google ha tutte le risposte<\/b>; che vive in una dimensione in cui Facebook rende tutti immediatamente ritracciabili e Ryanair ha azzerato le distanze tra <img loading=\"lazy\" decoding=\"async\" class=\" alignleft size-full wp-image-26561\" style=\"margin: 4px; float: left;\" alt=\"marocco-pubblico\" src=\"https:\/\/archiviogioia.lavocedelpaese.info\/wp-content\/uploads\/2012\/08\/marocco-pubblico.jpg\" height=\"240\" width=\"320\" srcset=\"https:\/\/archiviogioia.lavocedelpaese.info\/wp-content\/uploads\/2012\/08\/marocco-pubblico.jpg 640w, https:\/\/archiviogioia.lavocedelpaese.info\/wp-content\/uploads\/2012\/08\/marocco-pubblico-300x225.jpg 300w\" sizes=\"auto, (max-width: 320px) 100vw, 320px\" \/>luoghi e persone. In tutte queste conquiste, <b>sostiene Marocco, qualcosa si \u00e8 perso: la capacit\u00e0 di sognare, di scegliere, di credere nell\u2019autenticit\u00e0 delle relazioni umane<\/b>, sempre pi\u00f9 sfinite dai silenzi e sempre meno risanate dai dialoghi. In una parola: la fede.<\/p>\n<p style=\"margin-bottom: 0.0001pt; text-align: justify; line-height: normal;\"><b>Nell\u2019instabilit\u00e0 della vita di Matteo, Marocco illustra la dannazione che deriva dall\u2019incapacit\u00e0 di scegliere, perch\u00e9 scegliere qualcosa comporterebbe perdere qualcos\u2019altro<\/b>, un rischio che spesso si preferisce non correre, trovandosi di conseguenza a subire le decisioni degli altri.<\/p>\n<p style=\"margin-bottom: 0.0001pt; text-align: justify; line-height: normal;\">Muovendosi fra bei paesaggi meridionali a tratti deturpati dalla presenza invadente delle pale eoliche, <b>Marocco sottolinea l\u2019urgenza di riappropriarsi del proprio territorio<\/b>, nonch\u00e9 di rintracciare, nella narrazione come la realt\u00e0, modelli che diventino punti di riferimento per i giovani, e nella politica e nella societ\u00e0. <b>Dopotutto<\/b>, precisa Marocco, \u201c<b>si scrive per recuperare <\/b><b>ci\u00f2 che non \u00e8 bastato vivere<\/b>\u201d.<\/p>\n<\/div>\n<p>&nbsp;<\/p>\n","protected":false},"excerpt":{"rendered":"","protected":false},"author":1,"featured_media":26557,"comment_status":"open","ping_status":"closed","sticky":false,"template":"","format":"standard","meta":{"colormag_page_container_layout":"default_layout","colormag_page_sidebar_layout":"default_layout","footnotes":""},"categories":[7],"tags":[],"class_list":["post-26565","post","type-post","status-publish","format-standard","has-post-thumbnail","hentry","category-attualita"],"_links":{"self":[{"href":"https:\/\/archiviogioia.lavocedelpaese.info\/index.php?rest_route=\/wp\/v2\/posts\/26565","targetHints":{"allow":["GET"]}}],"collection":[{"href":"https:\/\/archiviogioia.lavocedelpaese.info\/index.php?rest_route=\/wp\/v2\/posts"}],"about":[{"href":"https:\/\/archiviogioia.lavocedelpaese.info\/index.php?rest_route=\/wp\/v2\/types\/post"}],"author":[{"embeddable":true,"href":"https:\/\/archiviogioia.lavocedelpaese.info\/index.php?rest_route=\/wp\/v2\/users\/1"}],"replies":[{"embeddable":true,"href":"https:\/\/archiviogioia.lavocedelpaese.info\/index.php?rest_route=%2Fwp%2Fv2%2Fcomments&post=26565"}],"version-history":[{"count":0,"href":"https:\/\/archiviogioia.lavocedelpaese.info\/index.php?rest_route=\/wp\/v2\/posts\/26565\/revisions"}],"wp:featuredmedia":[{"embeddable":true,"href":"https:\/\/archiviogioia.lavocedelpaese.info\/index.php?rest_route=\/wp\/v2\/media\/26557"}],"wp:attachment":[{"href":"https:\/\/archiviogioia.lavocedelpaese.info\/index.php?rest_route=%2Fwp%2Fv2%2Fmedia&parent=26565"}],"wp:term":[{"taxonomy":"category","embeddable":true,"href":"https:\/\/archiviogioia.lavocedelpaese.info\/index.php?rest_route=%2Fwp%2Fv2%2Fcategories&post=26565"},{"taxonomy":"post_tag","embeddable":true,"href":"https:\/\/archiviogioia.lavocedelpaese.info\/index.php?rest_route=%2Fwp%2Fv2%2Ftags&post=26565"}],"curies":[{"name":"wp","href":"https:\/\/api.w.org\/{rel}","templated":true}]}}