{"id":26579,"date":"2012-08-31T05:48:20","date_gmt":"2012-08-31T05:48:20","guid":{"rendered":"https:\/\/archiviogioia.lavocedelpaese.info\/?p=26579"},"modified":"2012-08-31T05:48:20","modified_gmt":"2012-08-31T05:48:20","slug":"nel-2013-i-ragazzi-dellanspi-di-san-vito-a-malta-foto","status":"publish","type":"post","link":"https:\/\/archiviogioia.lavocedelpaese.info\/?p=26579","title":{"rendered":"NEL 2013 I RAGAZZI DELL\u2019ANSPI DI SAN VITO A MALTA-foto"},"content":{"rendered":"<p><img loading=\"lazy\" decoding=\"async\" class=\" size-full wp-image-26566\" style=\"margin-right: 2px; margin-left: 2px;\" alt=\"maltesi-san-vito-gruppo-pp\" src=\"https:\/\/archiviogioia.lavocedelpaese.info\/wp-content\/uploads\/2012\/08\/maltesi-san-vito-gruppo-pp.png\" height=\"150\" width=\"320\" srcset=\"https:\/\/archiviogioia.lavocedelpaese.info\/wp-content\/uploads\/2012\/08\/maltesi-san-vito-gruppo-pp.png 640w, https:\/\/archiviogioia.lavocedelpaese.info\/wp-content\/uploads\/2012\/08\/maltesi-san-vito-gruppo-pp-300x141.png 300w\" sizes=\"auto, (max-width: 320px) 100vw, 320px\" \/><\/p>\n<p><!--more--><\/p>\n<p style=\"text-align: justify;\"><img loading=\"lazy\" decoding=\"async\" class=\" alignleft size-full wp-image-26182\" style=\"margin: 4px; float: left;\" alt=\"san vito gemellaggio malta\" src=\"https:\/\/archiviogioia.lavocedelpaese.info\/wp-content\/uploads\/2012\/08\/san_vito_gemellaggio_malta.JPG\" height=\"241\" width=\"320\" srcset=\"https:\/\/archiviogioia.lavocedelpaese.info\/wp-content\/uploads\/2012\/08\/san_vito_gemellaggio_malta.JPG 640w, https:\/\/archiviogioia.lavocedelpaese.info\/wp-content\/uploads\/2012\/08\/san_vito_gemellaggio_malta-300x226.jpg 300w\" sizes=\"auto, (max-width: 320px) 100vw, 320px\" \/>Nel cortile della <b>Parrocchia di San Vito Martire<\/b>, nello stesso luogo in cui hanno festeggiato il loro primo incontro (<a href=\"attualita\/5330-parrocchia-san-vito-da-malta-a-gioia-conamore-foto.html\"><\/a><a href=\"attualita\/5330-parrocchia-san-vito-da-malta-a-gioia-conamore-foto.html\">http:\/\/www.gioianet.it\/attualita\/5330-parrocchia-san-vito-da-malta-a-gioia-conamore-foto.html<\/a>), tra sorrisi e lacrime di commozione, i giovani ospiti maltesi &#8211; gemellati ai ragazzi del <b>Circolo Giovanile dell\u2019Oratorio ANSPI<\/b> &#8211; hanno salutato i loro amici.<\/p>\n<p style=\"text-align: justify;\">Danza, musica, pietanze tradizionali, video \u2013 ricordo e giochi a quiz per condividere conoscenze sportive e alimentari, hanno rallegrato l\u2019incontro.<\/p>\n<p style=\"text-align: justify;\">Conduttori d\u2019eccezione <b>Marylise<\/b>, bella brava e spigliatissima nel suo inglese e in traduzioni estemporanee in maltese e <b>Gianluca<\/b>, in giacca e pantaloncini, accaldato tanto da legarsi la <img loading=\"lazy\" decoding=\"async\" class=\" alignright size-full wp-image-26569\" style=\"margin: 4px; float: right;\" alt=\"gianni fraccalvieri\" src=\"https:\/\/archiviogioia.lavocedelpaese.info\/wp-content\/uploads\/2012\/08\/gianni_fraccalvieri.jpg\" height=\"246\" width=\"320\" srcset=\"https:\/\/archiviogioia.lavocedelpaese.info\/wp-content\/uploads\/2012\/08\/gianni_fraccalvieri.jpg 1724w, https:\/\/archiviogioia.lavocedelpaese.info\/wp-content\/uploads\/2012\/08\/gianni_fraccalvieri-300x230.jpg 300w, https:\/\/archiviogioia.lavocedelpaese.info\/wp-content\/uploads\/2012\/08\/gianni_fraccalvieri-1024x786.jpg 1024w, https:\/\/archiviogioia.lavocedelpaese.info\/wp-content\/uploads\/2012\/08\/gianni_fraccalvieri-768x589.jpg 768w, https:\/\/archiviogioia.lavocedelpaese.info\/wp-content\/uploads\/2012\/08\/gianni_fraccalvieri-1536x1179.jpg 1536w\" sizes=\"auto, (max-width: 320px) 100vw, 320px\" \/>frangia in un simpatico \u201cciuffo\u201d.<\/p>\n<p style=\"text-align: justify;\">Grande partecipazione e tanta commozione nello scambio delle magliette con la scritta \u201c<b>I love Scio<\/b>\u201d, quelle con i colori dell\u2019ultimo \u201cGREST\u201d ed un piccolo flauto per ricordare \u201cche la vita \u00e8 musica\u201d.<\/p>\n<p style=\"text-align: justify;\">Durante lo scambio dei doni, nella voce di <b>Gianni Fraccalvieri<\/b> l\u2019emozione \u00e8 tangibile. Lo sguardo con cui guarda le scritte e i disegni sulla bandiera maltese donatagli dai ragazzi, esprime non poca nostalgia e tanto affetto.<\/p>\n<p style=\"text-align: justify;\"><img loading=\"lazy\" decoding=\"async\" class=\" alignleft size-full wp-image-26574\" style=\"margin: 4px; float: left;\" alt=\"maltesi ragazzi2\" src=\"https:\/\/archiviogioia.lavocedelpaese.info\/wp-content\/uploads\/2012\/08\/maltesi_ragazzi2.JPG\" height=\"213\" width=\"320\" srcset=\"https:\/\/archiviogioia.lavocedelpaese.info\/wp-content\/uploads\/2012\/08\/maltesi_ragazzi2.JPG 720w, https:\/\/archiviogioia.lavocedelpaese.info\/wp-content\/uploads\/2012\/08\/maltesi_ragazzi2-300x200.jpg 300w\" sizes=\"auto, (max-width: 320px) 100vw, 320px\" \/>Ringrazia \u201c<b>Fratello Sole<\/b>\u201d, Salvatore e i suoi amici per l\u2019ospitalit\u00e0 dimostrata. La festa prevista sul sagrato della Chiesa di Sant\u2019Antonio \u00e8 stata all\u2019ultimo minuto spostata per l\u2019arrivo di ospiti romani.<\/p>\n<p style=\"text-align: justify;\">In un angolo gli zainetti annunciano aria di partenza, <b>il senso di smobilitazione sgomenta al pari di una malinconia <\/b>latente, densa di nostalgia.<\/p>\n<p style=\"text-align: justify;\">In gruppo tutti si recano alla fermata dell\u2019autobus che porter\u00e0 a Bari Christine e i suoi ragazzi <img loading=\"lazy\" decoding=\"async\" class=\" alignright size-full wp-image-26577\" style=\"margin: 4px; float: right;\" alt=\"maltesi ragazzi\" src=\"https:\/\/archiviogioia.lavocedelpaese.info\/wp-content\/uploads\/2012\/08\/maltesi_ragazzi.JPG\" height=\"213\" width=\"320\" srcset=\"https:\/\/archiviogioia.lavocedelpaese.info\/wp-content\/uploads\/2012\/08\/maltesi_ragazzi.JPG 720w, https:\/\/archiviogioia.lavocedelpaese.info\/wp-content\/uploads\/2012\/08\/maltesi_ragazzi-300x200.jpg 300w\" sizes=\"auto, (max-width: 320px) 100vw, 320px\" \/>per un ultimo saluto prima di siglare con la parola \u201cfine\u201d questa bella esperienza.<\/p>\n<p style=\"text-align: justify;\"><b>Elio Liuzzi<\/b> &#8211; preziosa risorsa, animatore e coordinatore -, \u00e8 con loro. Ha presentato le due serate e seguito i ragazzi nel corso della settimana. <b>Angela Di Lecce<\/b> &#8211; ottima guida e autentica \u201ctrade union\u201d nei vari momenti laboratoriali, sportivi e ludici -, ha tradotto in inglese l\u2019intraducibile.<\/p>\n<p style=\"text-align: justify;\">Tra il pubblico ed in un secondo momento tra i volontari che hanno rimesso in ordine sedie e quant\u2019altro, il consigliere <b>Donato Lucilla<\/b> e <b>Sebastiano Lagosante<\/b>, immortalati negli scatti \u201cpersi\u201d in una incauta formattazione della scheda video fotografica.<\/p>\n<p style=\"text-align: justify;\"><img loading=\"lazy\" decoding=\"async\" class=\" alignleft size-full wp-image-26578\" style=\"margin: 4px; float: left;\" alt=\"IMG 8481\" src=\"https:\/\/archiviogioia.lavocedelpaese.info\/wp-content\/uploads\/2012\/08\/IMG_8481.JPG\" height=\"213\" width=\"320\" srcset=\"https:\/\/archiviogioia.lavocedelpaese.info\/wp-content\/uploads\/2012\/08\/IMG_8481.JPG 720w, https:\/\/archiviogioia.lavocedelpaese.info\/wp-content\/uploads\/2012\/08\/IMG_8481-300x200.jpg 300w\" sizes=\"auto, (max-width: 320px) 100vw, 320px\" \/>\u201cQuesto incontro nasce da lontano &#8211; dichiara <b>Don Vito Campanelli<\/b> &#8211; , \u00e8 il coronamento di un anno di riflessioni. Abbiamo scelto lo sport come filo conduttore in quanto consente di confrontarsi nel rispetto delle regole con gli altri, crea condivisione e socializzazione e mette in empatia i ragazzi, consentendo uno scambio culturale alla pari. Lo sport ha forte valenza nelle esperienze di inclusione sociale ed \u00e8 un momento di massimo coinvolgimento anche per le famiglie, che in questa come in altre occasioni sono state presenti, attente\u2026 meravigliose.\u201d<\/p>\n<p style=\"text-align: justify;\">\u201cE\u2019 stata una bellissima esperienza gemellarsi con i ragazzi dell\u2019<b>Associazione ZAK di Siggiewi <\/b>&#8211; afferma <b>Gianni Fraccalvieri<\/b> -, questo gemellaggio nasce da un\u2019idea di <b>Nunzio Carucci<\/b>, presidente dell\u2019<b>ANSPI<\/b>, concretizzato nel progetto \u201c<b>Hop-Hope<\/b>\u201d che speravamo potesse essere finanziato con i fondi europei. Cos\u00ec non \u00e8 stato e ci siamo autofinanziati, ma va bene lo stesso. Il prossimo anno andremo a Malta, non tutti, putroppo\u2026!\u201d<\/p>\n<p style=\"text-align: justify;\">Un sincero grazie a <b>Gianni Fraccalvieri<\/b> per gli scatti fotografici che narrano ogni istante di questo incontro, veri \u201csottotitoli\u201d per la traduzione in maltese che tenteremo di riproporre anche per questo scritto.<\/p>\n<p><b>IL 2013 IL SAN BOYS DELL&#8217;ANSPI VITO F&#8217;MALTA-foto<\/b><\/p>\n<p style=\"text-align: justify;\">Fil-bit\u0127a tal-parro\u010b\u010ba ta &#8216;San Vito Martire, fl-istess post fejn \u010b\u010belebrat ewwel laqg\u0127a tag\u0127hom (<a href=\"attualita\/5330-parrocchia-san-vito-da-malta-a-gioia-conamore\">http:\/\/www.gioianet.it\/attualita\/5330-parrocchia-san-vito-da-malta-a-gioia-conamore<\/a> -foto.html), bejn tbissim u ti\u010brit ta &#8216;emozzjoni, il-mistednin \u017cg\u0127a\u017cag\u0127 Maltin &#8211; subien doppju ta&#8217; l-Oratorju Club Youth ANSPI &#8211; greeted \u0127bieb tag\u0127hom. Dance mu\u017cika, ikel tradizzjonali, video &#8211; memorja u kwizzijiet biex jaqsmu l-g\u0127arfien, l-isports u l-ikel, laqg\u0127u l-laqg\u0127a. Kondutturi minbarra Marylise, spigliatissima sbie\u0127 u tajba fil-traduzzjonijiet bl-Ingli\u017c u li ma tidhirx tieg\u0127u bil-Malti u Gianluca liebes libsa u xorts, hot bi\u017c\u017cejjed biex jorbot lill-periferija fil-sbie\u0127 &#8220;tuft&#8221;. Parte\u010bipazzjoni Great u \u0127afna ta &#8216;emozzjoni fl-iskambju ta&#8217; t-shirts bil-kliem &#8220;I love Scio,&#8221; dawk bl-kuluri tal-a\u0127\u0127ar &#8220;grest&#8221; u flawt \u017cg\u0127ar li tiftakar &#8220;li l-\u0127ajja huwa l-mu\u017cika.&#8221; Matul l-iskambju ta &#8216;rigali, fil-vu\u010bi ta&#8217; Gianni Fraccalvieri-e\u010b\u010bitament tin\u0127ass. Il gaze li t\u0127ares lejn il-kitbiet u tpin\u0121ijiet fuq il-bandiera Maltija mog\u0127ti lilu mill-subien, jesprimi ebda nostalgia ftit u affettiva. Grazzi g\u0127al &#8220;Brother Sun&#8221;, Salvatore u l-\u0127bieb tieg\u0127u g\u0127all-ospitalit\u00e0 murija. Il-festival pprovduta dwar il-churchyard ta &#8216;San Anthony tmexxa fl-a\u0127\u0127ar minuta g\u0127all-wasla ta&#8217; mistednin Rumani. Fil backpacks kantuniera 1 j\u0127abbar arja li tqabbad, l-sens ta &#8216;demobilizzazzjoni imbe\u017c\u017ca b\u0127al melankoniku latenti, s\u0127i\u0127 ta&#8217; nostalgia. Fil-grupp kollu tmur fil-bus stop li se jwassal g\u0127al Bari Christine u gidjien tag\u0127ha g\u0127al addiju a\u0127\u0127ar qabel l-iffirmar bil-kelma &#8220;tmiem&#8221; din l-esperjenza mill-isba\u0127. Elio Liuzzi &#8211; prezzju\u017c ri\u017corsi, fa\u010bilitatur u koordinatur &#8211; huwa mag\u0127hom. Huwa ppre\u017centat \u017cew\u0121 serati u allura l-gidjien matul il-\u0121img\u0127a. Angela Di Lecce &#8211; gwida kbir u awtentiku &#8220;trade union&#8221; fil-workshops mumenti varji, gost u l-isport &#8211; ikun tradotti bl-Ingli\u017c il-tradott. Bejn il-pubbliku u aktar tard fost il-voluntiera li ji\u0121u \u017cgumbrati si\u0121\u0121ijiet u l-bqija, il-Lucilla Donato direttur u Sebastian Lagosante, immortalizzata fil-&#8220;mitluf&#8221; fil kamera biljett \u017cbaljat video format. &#8220;Din il-laqg\u0127a \u0121ej mill-bog\u0127od &#8211; jg\u0127id Don Vito Campanelli &#8211; huwa l-qofol ta &#8216;sena ta&#8217; riflessjoni. A\u0127na g\u0127a\u017clet l-isport b\u0127ala tema g\u0127aliex inti tista &#8216;tikkompeti fir-rigward tar-regoli ma&#8217; o\u0127rajn, qsim u so\u010bjalizzazzjoni to\u0127loq u jpo\u0121\u0121i l-subien fil-empatija, li jippermetti skambju kulturali fil-parit\u00e0. L-isport g\u0127andu valur qawwi fl-esperjenzi ta &#8216;l-inklu\u017cjoni so\u010bjali u huwa \u017cmien ta&#8217; involviment massimu g\u0127all-familji, li f&#8217;dan il b\u0127al okka\u017cjonijiet o\u0127ra kienu pre\u017centi, attenti &#8230; isba\u0127.&#8221; &#8220;Huwa kien esperjenza kbira ma &#8216;subien twin ZAK Asso\u010bjazzjoni ta Siggiewi &#8211; qal Gianni Fraccalvieri &#8211; dan il-\u0121emella\u0121\u0121 huwa l-brainchild ta Nunzio Carucci, President dell&#8217;ANSPI, inkorporata fl-&#8221; Hop&#8217; Hope &#8220;li a\u0127na ttamat se ji\u0121u ffinanzjati mill-fondi Ewropej. Allura kien ma u a\u0127na awto-finanzjati, i\u017cda li okay. Sena d-die\u0127la a\u0127na qed tmur biex Malta, mhux kollha, sfortunatament &#8230; &#8220;. A grazzi sin\u010bieri g\u0127all Gianni Fraccalvieri g\u0127al ritratti li jg\u0127idulek kull mument ta &#8216;dan jiltaqg\u0127u, vera &#8220;sottotitoli&#8221; g\u0127al traduzzjoni Maltija li a\u0127na se tipprova li tipproponi g\u0127al dan id-dokument.<\/p>\n<p><object type=\"application\/x-shockwave-flash\" width=\"660\" height=\"660\" flashvars=\"host=picasaweb.google.com&amp;hl=it&amp;feat=flashalbum&amp;RGB=0x000000&amp;feed=https:\/\/picasaweb.google.com\/data\/feed\/api\/user\/104626251937098962566\/albumid\/5782757381202566273?alt=rss&amp;kind=photo&amp;authkey=Gv1sRgCLC21vGgkL-jwwE&amp;hl=it\" pluginspage=\"http:\/\/www.macromedia.com\/go\/getflashplayer\" data=\"https:\/\/picasaweb.google.com\/s\/c\/bin\/slideshow.swf\"><param name=\"movie\" value=\"https:\/\/picasaweb.google.com\/s\/c\/bin\/slideshow.swf\" \/><\/object><\/p>\n","protected":false},"excerpt":{"rendered":"","protected":false},"author":1,"featured_media":26566,"comment_status":"open","ping_status":"closed","sticky":false,"template":"","format":"standard","meta":{"colormag_page_container_layout":"default_layout","colormag_page_sidebar_layout":"default_layout","footnotes":""},"categories":[7],"tags":[],"class_list":["post-26579","post","type-post","status-publish","format-standard","has-post-thumbnail","hentry","category-attualita"],"_links":{"self":[{"href":"https:\/\/archiviogioia.lavocedelpaese.info\/index.php?rest_route=\/wp\/v2\/posts\/26579","targetHints":{"allow":["GET"]}}],"collection":[{"href":"https:\/\/archiviogioia.lavocedelpaese.info\/index.php?rest_route=\/wp\/v2\/posts"}],"about":[{"href":"https:\/\/archiviogioia.lavocedelpaese.info\/index.php?rest_route=\/wp\/v2\/types\/post"}],"author":[{"embeddable":true,"href":"https:\/\/archiviogioia.lavocedelpaese.info\/index.php?rest_route=\/wp\/v2\/users\/1"}],"replies":[{"embeddable":true,"href":"https:\/\/archiviogioia.lavocedelpaese.info\/index.php?rest_route=%2Fwp%2Fv2%2Fcomments&post=26579"}],"version-history":[{"count":0,"href":"https:\/\/archiviogioia.lavocedelpaese.info\/index.php?rest_route=\/wp\/v2\/posts\/26579\/revisions"}],"wp:featuredmedia":[{"embeddable":true,"href":"https:\/\/archiviogioia.lavocedelpaese.info\/index.php?rest_route=\/wp\/v2\/media\/26566"}],"wp:attachment":[{"href":"https:\/\/archiviogioia.lavocedelpaese.info\/index.php?rest_route=%2Fwp%2Fv2%2Fmedia&parent=26579"}],"wp:term":[{"taxonomy":"category","embeddable":true,"href":"https:\/\/archiviogioia.lavocedelpaese.info\/index.php?rest_route=%2Fwp%2Fv2%2Fcategories&post=26579"},{"taxonomy":"post_tag","embeddable":true,"href":"https:\/\/archiviogioia.lavocedelpaese.info\/index.php?rest_route=%2Fwp%2Fv2%2Ftags&post=26579"}],"curies":[{"name":"wp","href":"https:\/\/api.w.org\/{rel}","templated":true}]}}