{"id":26843,"date":"2012-09-06T05:21:18","date_gmt":"2012-09-06T05:21:18","guid":{"rendered":"https:\/\/archiviogioia.lavocedelpaese.info\/?p=26843"},"modified":"2012-09-06T05:21:18","modified_gmt":"2012-09-06T05:21:18","slug":"le-porte-dellimperatore-eredita-da-tramandare-foto-2","status":"publish","type":"post","link":"https:\/\/archiviogioia.lavocedelpaese.info\/?p=26843","title":{"rendered":"\u201cLE PORTE DELL\u2019IMPERATORE\u201d, EREDIT\u00c1 DA TRAMANDARE-foto"},"content":{"rendered":"<p><img loading=\"lazy\" decoding=\"async\" class=\" size-full wp-image-26834\" style=\"margin-right: 2px; margin-left: 2px;\" alt=\"gino-donvito-allopera-pp\" src=\"https:\/\/archiviogioia.lavocedelpaese.info\/wp-content\/uploads\/2012\/09\/gino-donvito-allopera-pp.png\" height=\"150\" width=\"320\" srcset=\"https:\/\/archiviogioia.lavocedelpaese.info\/wp-content\/uploads\/2012\/09\/gino-donvito-allopera-pp.png 640w, https:\/\/archiviogioia.lavocedelpaese.info\/wp-content\/uploads\/2012\/09\/gino-donvito-allopera-pp-300x141.png 300w\" sizes=\"auto, (max-width: 320px) 100vw, 320px\" \/><\/p>\n<p><!--more--><\/p>\n<p style=\"margin-bottom: 0.0001pt; line-height: normal; text-align: justify;\"><img loading=\"lazy\" decoding=\"async\" class=\" alignleft size-full wp-image-26835\" style=\"margin: 4px; float: left;\" alt=\"porte gruppo organizzatori\" src=\"https:\/\/archiviogioia.lavocedelpaese.info\/wp-content\/uploads\/2012\/09\/porte_gruppo_organizzatori.jpg\" height=\"199\" width=\"300\" srcset=\"https:\/\/archiviogioia.lavocedelpaese.info\/wp-content\/uploads\/2012\/09\/porte_gruppo_organizzatori.jpg 900w, https:\/\/archiviogioia.lavocedelpaese.info\/wp-content\/uploads\/2012\/09\/porte_gruppo_organizzatori-300x199.jpg 300w, https:\/\/archiviogioia.lavocedelpaese.info\/wp-content\/uploads\/2012\/09\/porte_gruppo_organizzatori-768x510.jpg 768w\" sizes=\"auto, (max-width: 300px) 100vw, 300px\" \/>\u201c<b>Il principe potente e tre volte beato, Federico, bagliore di fuoco, la meraviglia del mondo<\/b>,\/ il cui arco \u00e8 di bronzo e il cui dardo \u00e8 folgore\/ [\u2026], a lui Federico, che ha il nome sfavillante e guida la gloria,\/ servono la terra, il mare e la volta del cielo\u201d. <b>Giorgio di Gallipoli, poeta medioevale<\/b>.<\/p>\n<p style=\"margin-bottom: 0.0001pt; line-height: normal; text-align: justify;\"><b>Ed \u00e8 dedicata a colui che fu detto<\/b> emblematicamente \u2018<b>stupor mundi<\/b>\u2019 (meraviglia del mondo) e \u2018<b>puer apuliae<\/b>\u2019 (fanciullo di Puglia), <b>la manifestazione \u2018Le porte dell\u2019imperatore &amp; jam session delle arti\u2019<\/b>, avutasi nei giorni 1 e 2 settembre, nelle vie del centro storico gioiese. Patrocinata dall\u2019assessorato alla cultura sia della provincia di Bari, rappresentato da <b>Claudio De Leonardis<\/b>, che del comune di Gioia del Colle \u2013 nella persona di <b>Piera De Giorgi<\/b> \u2013, e organizzata dall\u2019associazione culturale locale <b>Artensione<\/b>, l\u2019iniziativa ha visto la collaborazione di vari artisti <img loading=\"lazy\" decoding=\"async\" class=\" alignright size-full wp-image-26837\" style=\"margin: 4px; float: right;\" alt=\"porte castello luna\" src=\"https:\/\/archiviogioia.lavocedelpaese.info\/wp-content\/uploads\/2012\/09\/porte_castello_luna.jpg\" height=\"199\" width=\"300\" srcset=\"https:\/\/archiviogioia.lavocedelpaese.info\/wp-content\/uploads\/2012\/09\/porte_castello_luna.jpg 900w, https:\/\/archiviogioia.lavocedelpaese.info\/wp-content\/uploads\/2012\/09\/porte_castello_luna-300x199.jpg 300w, https:\/\/archiviogioia.lavocedelpaese.info\/wp-content\/uploads\/2012\/09\/porte_castello_luna-768x510.jpg 768w\" sizes=\"auto, (max-width: 300px) 100vw, 300px\" \/>gioiesi. Ottimi artisti impegnati nella ristrutturazione e decorazione di quindici porte in disuso di cantine e vecchie abitazioni.<\/p>\n<p style=\"margin-bottom: 0.0001pt; line-height: normal; text-align: justify;\"><b>Il centro storico di Gioia<\/b> \u2013 primo nucleo abitativo bizantino, sorto ai piedi del nostro castello normanno-svevo \u2013 <b>si anima di colori ed idee suggestive<\/b>, che prendono le mosse dalla fascinazione di un grande personaggio come Federico II di Svevia. Uomo di indiscusso ingegno e grande politico, innovatore tecnologico e abile cacciatore \u2026 Uomo attento alle scienze e all\u2019arte, mecenate raffinato e attento promotore di poeti.<\/p>\n<p style=\"margin-bottom: 0.0001pt; line-height: normal; text-align: justify;\"><b><img loading=\"lazy\" decoding=\"async\" class=\" alignleft size-full wp-image-26838\" style=\"margin: 4px; float: left;\" alt=\"porte gino donvito\" src=\"https:\/\/archiviogioia.lavocedelpaese.info\/wp-content\/uploads\/2012\/09\/porte_gino_donvito.jpg\" height=\"331\" width=\"220\" srcset=\"https:\/\/archiviogioia.lavocedelpaese.info\/wp-content\/uploads\/2012\/09\/porte_gino_donvito.jpg 598w, https:\/\/archiviogioia.lavocedelpaese.info\/wp-content\/uploads\/2012\/09\/porte_gino_donvito-199x300.jpg 199w\" sizes=\"auto, (max-width: 220px) 100vw, 220px\" \/>Ed \u00e8 attraverso l\u2019arte<\/b>, e nella fattispecie figurativa, <b>che emerge la simbologia associata a Federico<\/b>, che l\u2019immaginario collettivo spesso ha trasformato in icone. La ritroviamo, infatti, <b>nelle due porte di Gino Donvito<\/b>, artista da sempre attento alla storia medioevale autoctona. <b>Emerge la fitta rete pugliese dei castelli federiciani<\/b>, indiscutibili luoghi di mistero. Troviamo, infatti, nel notturno di <b>Mimmo Milano<\/b>, il celeberrimo Castel del Monte, che con la sua forma ottagonale, non casuale, riprende la bella corona imperiale.<\/p>\n<p style=\"margin-bottom: 0.0001pt; line-height: normal; text-align: justify;\"><b>Attraversano i luoghi pugliesi anche le letture scelte per l\u2019occasione da Giacomo Leronni e Fortunato Buttiglione<\/b>. Il Reading poetico ha visto protagonisti i versi di autori pugliesi, come il raffinato intellettuale leccese Vittorio Bodini, accompagnati dalle <b>musiche scelte da Roberto Re David e Titti dell\u2019Orco<\/b>, raffinati musicisti.<\/p>\n<p style=\"margin-bottom: 0.0001pt; line-height: normal; text-align: justify;\"><b><img loading=\"lazy\" decoding=\"async\" class=\" alignright size-full wp-image-26840\" style=\"margin: 4px; float: right;\" alt=\"porte de feo\" src=\"https:\/\/archiviogioia.lavocedelpaese.info\/wp-content\/uploads\/2012\/09\/porte_de_feo.jpg\" height=\"331\" width=\"220\" srcset=\"https:\/\/archiviogioia.lavocedelpaese.info\/wp-content\/uploads\/2012\/09\/porte_de_feo.jpg 598w, https:\/\/archiviogioia.lavocedelpaese.info\/wp-content\/uploads\/2012\/09\/porte_de_feo-199x300.jpg 199w\" sizes=\"auto, (max-width: 220px) 100vw, 220px\" \/>Non pu\u00f2<\/b>, inoltre, <b>non essere ricordata la meravigliosa \u2018domus\u2019 gioiese con il suo \u2018imperator\u2019, e lo fa Mario Pugliese<\/b> con la sua porta dall\u2019inconfondibile stile. <b>Imperatore che ritroviamo<\/b>, con il suo falco, <b>nella fantastica e ironica porta di Dante Spada<\/b>, insigne fumettista. Propria della storia di Gioia \u00e8 la suggestiva leggenda <b>su Bianca Lancia<\/b>, ultima moglie di Federico II, la quale si tagli\u00f2 i seni, perch\u00e9 accusata di tradimento. <b>Ne parlano Pompeo Colacicco<\/b> con una sensualissima Bianca Lancia, <b>e Claudio De Leo con la sua opera straordinaria<\/b>, nel senso pi\u00f9 letterario del termine. Fuori dall\u2019ordinario \u00e8 perch\u00e9 Claudio non utilizza i pennelli ed il colore, ma delle stampe. Fuori dal comune \u00e8 perch\u00e9 accanto a Bianca Lancia ci sono gli strumenti con i quali pu\u00f2 decidere di tagliarsi i seni. Inquieta lo spettatore per la scelta del non colore contrapposta al rosso sangue, e perch\u00e9 chi la guarda non pu\u00f2 non fare la sua scelta, come suggerisce <b>il titolo dell\u2019opera \u2018Make your choice\u2019<\/b>.<\/p>\n<p style=\"margin-bottom: 0.0001pt; line-height: normal; text-align: justify;\"><b>Ancora su una donna<\/b>, ma questa volta, su <b>un\u2019ancella del popolo, cade la scelta di Antonella Lozito<\/b>. <b>Cavalieri e crociati<\/b> sono, invece, <b>i protagonisti delle opere di Valerio Pastore, Sergio Gatti, Luca Di Napoli e Mario Lozito<\/b>. <b>In fase di lavorazione la porta di Agata Difino<\/b>.<\/p>\n<p style=\"margin-bottom: 0.0001pt; line-height: normal; text-align: justify;\"><b><img loading=\"lazy\" decoding=\"async\" class=\" alignleft size-full wp-image-26841\" style=\"margin: 4px; float: left;\" alt=\"porte visitatori\" src=\"https:\/\/archiviogioia.lavocedelpaese.info\/wp-content\/uploads\/2012\/09\/porte_visitatori.jpg\" height=\"199\" width=\"300\" srcset=\"https:\/\/archiviogioia.lavocedelpaese.info\/wp-content\/uploads\/2012\/09\/porte_visitatori.jpg 900w, https:\/\/archiviogioia.lavocedelpaese.info\/wp-content\/uploads\/2012\/09\/porte_visitatori-300x199.jpg 300w, https:\/\/archiviogioia.lavocedelpaese.info\/wp-content\/uploads\/2012\/09\/porte_visitatori-768x510.jpg 768w\" sizes=\"auto, (max-width: 300px) 100vw, 300px\" \/>Interessante<\/b>, infine, ma non per ultimo, <b>sono la mostra fotografica<\/b>, posta all\u2019interno della magica location di Spazio Unotre, \u2018<b>Il battente (Un colpo \u2026 per annunciarsi)\u2019 di Giovanni Addabbo<\/b>, a cura dell\u2019Universit\u00e0 della Terza; <b>e lo spettacolo dell\u2019Atrebil teatro \u2018Sogni dal Sud\u2019<\/b> per la <b>regia di<\/b> <b>Rocco Capri Chiumarulo e Anna Garofalo<\/b>. Protagonista assoluto \u00e8 il sud con i suoi caldi colori, i suoi magnifici paesaggi, la sua fervida terra, i suoi intensi profumi, e suoi rumori &#8230; Ritroviamo il gi\u00e0 citato Bodini, accompagnato da Garcia Lorca e Pablo Neruda in un viaggio tra l\u2019onirico e il reale.<\/p>\n<p style=\"margin-bottom: 0.0001pt; line-height: normal; text-align: justify;\"><b>Una manifestazione<\/b>, quella de \u2018Le porte dell\u2019imperatore &amp; jam session delle arti\u2019, <b>davvero interessante<\/b>, e con un insito <b>valore aggiunto per l\u2019eredit\u00e0 che lascia al centro storico gioiese<\/b>.<\/p>\n<p style=\"margin-bottom: 0.0001pt; line-height: normal; text-align: justify;\">Si ringraziano <strong>Mario Di Giuseppe<\/strong>, <strong>Giovanni Addabbo<\/strong> e <strong>Titti dell&#8217;Orco<\/strong> per il contributo fotografico.<\/p>\n<p><object type=\"application\/x-shockwave-flash\" width=\"660\" height=\"660\" flashvars=\"host=picasaweb.google.com&amp;hl=it&amp;feat=flashalbum&amp;RGB=0x000000&amp;feed=https:\/\/picasaweb.google.com\/data\/feed\/api\/user\/104626251937098962566\/albumid\/5785022786063150337?alt=rss&amp;kind=photo&amp;authkey=Gv1sRgCITKoZuC__CE-gE&amp;hl=it\" pluginspage=\"http:\/\/www.macromedia.com\/go\/getflashplayer\" data=\"https:\/\/picasaweb.google.com\/s\/c\/bin\/slideshow.swf\"><param name=\"movie\" value=\"https:\/\/picasaweb.google.com\/s\/c\/bin\/slideshow.swf\" \/><\/object> <object type=\"application\/x-shockwave-flash\" width=\"660\" height=\"660\" flashvars=\"host=picasaweb.google.com&amp;hl=it&amp;feat=flashalbum&amp;RGB=0x000000&amp;feed=https:\/\/picasaweb.google.com\/data\/feed\/api\/user\/104626251937098962566\/albumid\/5784971283807514913?alt=rss&amp;kind=photo&amp;authkey=Gv1sRgCPyw5bGp77PgjwE&amp;hl=it\" pluginspage=\"http:\/\/www.macromedia.com\/go\/getflashplayer\" data=\"https:\/\/picasaweb.google.com\/s\/c\/bin\/slideshow.swf\"><param name=\"movie\" value=\"https:\/\/picasaweb.google.com\/s\/c\/bin\/slideshow.swf\" \/><\/object> <object type=\"application\/x-shockwave-flash\" width=\"660\" height=\"660\" flashvars=\"host=picasaweb.google.com&amp;hl=it&amp;feat=flashalbum&amp;RGB=0x000000&amp;feed=https:\/\/picasaweb.google.com\/data\/feed\/api\/user\/104626251937098962566\/albumid\/5784960297703089409?alt=rss&amp;kind=photo&amp;authkey=Gv1sRgCLPowsz-mZ-DWg&amp;hl=it\" pluginspage=\"http:\/\/www.macromedia.com\/go\/getflashplayer\" data=\"https:\/\/picasaweb.google.com\/s\/c\/bin\/slideshow.swf\"><param name=\"movie\" value=\"https:\/\/picasaweb.google.com\/s\/c\/bin\/slideshow.swf\" \/><\/object> <object type=\"application\/x-shockwave-flash\" width=\"660\" height=\"660\" flashvars=\"host=picasaweb.google.com&amp;hl=it&amp;feat=flashalbum&amp;RGB=0x000000&amp;feed=https:\/\/picasaweb.google.com\/data\/feed\/api\/user\/104626251937098962566\/albumid\/5784970964106567553?alt=rss&amp;kind=photo&amp;authkey=Gv1sRgCN_Tl4iPz5DaxwE&amp;hl=it\" pluginspage=\"http:\/\/www.macromedia.com\/go\/getflashplayer\" data=\"https:\/\/picasaweb.google.com\/s\/c\/bin\/slideshow.swf\"><param name=\"movie\" value=\"https:\/\/picasaweb.google.com\/s\/c\/bin\/slideshow.swf\" \/><\/object><\/p>\n","protected":false},"excerpt":{"rendered":"","protected":false},"author":1,"featured_media":26834,"comment_status":"open","ping_status":"closed","sticky":false,"template":"","format":"standard","meta":{"colormag_page_container_layout":"default_layout","colormag_page_sidebar_layout":"default_layout","footnotes":""},"categories":[7],"tags":[],"class_list":["post-26843","post","type-post","status-publish","format-standard","has-post-thumbnail","hentry","category-attualita"],"_links":{"self":[{"href":"https:\/\/archiviogioia.lavocedelpaese.info\/index.php?rest_route=\/wp\/v2\/posts\/26843","targetHints":{"allow":["GET"]}}],"collection":[{"href":"https:\/\/archiviogioia.lavocedelpaese.info\/index.php?rest_route=\/wp\/v2\/posts"}],"about":[{"href":"https:\/\/archiviogioia.lavocedelpaese.info\/index.php?rest_route=\/wp\/v2\/types\/post"}],"author":[{"embeddable":true,"href":"https:\/\/archiviogioia.lavocedelpaese.info\/index.php?rest_route=\/wp\/v2\/users\/1"}],"replies":[{"embeddable":true,"href":"https:\/\/archiviogioia.lavocedelpaese.info\/index.php?rest_route=%2Fwp%2Fv2%2Fcomments&post=26843"}],"version-history":[{"count":0,"href":"https:\/\/archiviogioia.lavocedelpaese.info\/index.php?rest_route=\/wp\/v2\/posts\/26843\/revisions"}],"wp:featuredmedia":[{"embeddable":true,"href":"https:\/\/archiviogioia.lavocedelpaese.info\/index.php?rest_route=\/wp\/v2\/media\/26834"}],"wp:attachment":[{"href":"https:\/\/archiviogioia.lavocedelpaese.info\/index.php?rest_route=%2Fwp%2Fv2%2Fmedia&parent=26843"}],"wp:term":[{"taxonomy":"category","embeddable":true,"href":"https:\/\/archiviogioia.lavocedelpaese.info\/index.php?rest_route=%2Fwp%2Fv2%2Fcategories&post=26843"},{"taxonomy":"post_tag","embeddable":true,"href":"https:\/\/archiviogioia.lavocedelpaese.info\/index.php?rest_route=%2Fwp%2Fv2%2Ftags&post=26843"}],"curies":[{"name":"wp","href":"https:\/\/api.w.org\/{rel}","templated":true}]}}