{"id":26865,"date":"2012-09-06T05:15:41","date_gmt":"2012-09-06T05:15:41","guid":{"rendered":"https:\/\/archiviogioia.lavocedelpaese.info\/?p=26865"},"modified":"2012-09-06T05:15:41","modified_gmt":"2012-09-06T05:15:41","slug":"aperte-iscrizioni-asilo-nido-a-gestione-mista-integrata-3","status":"publish","type":"post","link":"https:\/\/archiviogioia.lavocedelpaese.info\/?p=26865","title":{"rendered":"APERTE ISCRIZIONI ASILO NIDO A GESTIONE MISTA INTEGRATA"},"content":{"rendered":"<p style=\"text-align: justify;\"><b><span style=\"font-size: 12pt;\"><img loading=\"lazy\" decoding=\"async\" class=\" size-full wp-image-8170\" style=\"margin-right: 2px; margin-left: 2px;\" alt=\"asilo-nido-pp\" src=\"https:\/\/archiviogioia.lavocedelpaese.info\/wp-content\/uploads\/2011\/02\/asilo-nido-pp.jpg\" height=\"150\" width=\"320\" srcset=\"https:\/\/archiviogioia.lavocedelpaese.info\/wp-content\/uploads\/2011\/02\/asilo-nido-pp.jpg 640w, https:\/\/archiviogioia.lavocedelpaese.info\/wp-content\/uploads\/2011\/02\/asilo-nido-pp-300x141.jpg 300w\" sizes=\"auto, (max-width: 320px) 100vw, 320px\" \/><\/span><\/b><\/p>\n<p><!--more--><\/p>\n<p><strong>Riceviamo e pubblichiamo<\/strong>.<\/p>\n<p style=\"text-align: center;\">&#8212;&#8212;&#8212;&#8212;&#8212;&#8212;&#8212;&#8212;&#8212;&#8212;&#8212;&#8212;&#8212;&#8212;&#8212;&#8212;&#8212;&#8211;<\/p>\n<p style=\"text-align: justify;\"><b><img loading=\"lazy\" decoding=\"async\" class=\" alignleft size-full wp-image-705\" style=\"margin: 4px; float: left;\" alt=\"municipio\" src=\"https:\/\/archiviogioia.lavocedelpaese.info\/wp-content\/uploads\/2010\/03\/municipio.jpg\" height=\"213\" width=\"320\" \/>L\u2019Amministrazione Comunale ha deliberato di riaprire le iscrizioni per l\u2019asilo nido comunale<\/b>, <b>avviando la procedura di affidamento della gestione<\/b> di 2 sezioni a terzi con procedura d\u2019urgenza, <b>a strutture esistenti sul territorio<\/b>, iscritte all\u2019albo regionale. Attualmente <b>delle 4 educatrici di ruolo, una \u00e8 assente per aspettativa facoltativa post partum<\/b> e quindi pu\u00f2 essere garantita la frequenza di 18 bambini su 22 aventi diritto alla continuit\u00e0 della frequenza.<\/p>\n<p style=\"text-align: justify;\"><b>Poich\u00e9 l\u2019Amministrazione comunale considera una priorit\u00e0 rendere possibile la frequenza dell\u2019asilo nido a tutti i bambini aventi diritto<\/b>, nonch\u00e9 assicurarne la disponibilit\u00e0 ad ulteriori 26 famiglie, <b>si \u00e8 ritenuto opportuno il ricorso ad una gestione mista integrata<\/b>.<\/p>\n<p style=\"text-align: justify;\"><b><img loading=\"lazy\" decoding=\"async\" class=\" alignright size-full wp-image-11678\" style=\"margin: 4px; float: right;\" alt=\"asilo-nido-esterno\" src=\"https:\/\/archiviogioia.lavocedelpaese.info\/wp-content\/uploads\/2011\/06\/asilo-nido-esterno.jpg\" height=\"191\" width=\"300\" srcset=\"https:\/\/archiviogioia.lavocedelpaese.info\/wp-content\/uploads\/2011\/06\/asilo-nido-esterno.jpg 472w, https:\/\/archiviogioia.lavocedelpaese.info\/wp-content\/uploads\/2011\/06\/asilo-nido-esterno-300x191.jpg 300w\" sizes=\"auto, (max-width: 300px) 100vw, 300px\" \/>I modelli di iscrizione<\/b> e le modalit\u00e0 di funzionamento del nido <b>sono a disposizione sul sito istituzionale<\/b> (<a href=\"http:\/\/www.comune.gioiadelcolle.ba.it\">www.comune.gioiadelcolle.ba.it<\/a>) e presso l\u2019URP.<\/p>\n<p style=\"text-align: justify;\"><b>Il termine per la presentazione<\/b> <b>delle domande<\/b> di iscrizione \u00e8 fissato per il <b>17 settembre 2012<\/b>.<\/p>\n<p style=\"text-align: justify;\">Le domande di iscrizione, a partire dal 07\/09\/12, devono <b>essere presentate presso l\u2019Asilo Nido Comunale<\/b> dal luned\u00ec al venerd\u00ec dalle ore 10,00 alle ore 12,00 e il marted\u00ec dalle ore 15,30 alle ore <img loading=\"lazy\" decoding=\"async\" class=\" alignleft size-full wp-image-12624\" style=\"margin: 4px; float: left;\" alt=\"asilo-interni\" src=\"https:\/\/archiviogioia.lavocedelpaese.info\/wp-content\/uploads\/2011\/07\/asilo-interni.jpg\" height=\"200\" width=\"300\" srcset=\"https:\/\/archiviogioia.lavocedelpaese.info\/wp-content\/uploads\/2011\/07\/asilo-interni.jpg 425w, https:\/\/archiviogioia.lavocedelpaese.info\/wp-content\/uploads\/2011\/07\/asilo-interni-300x200.jpg 300w\" sizes=\"auto, (max-width: 300px) 100vw, 300px\" \/>17,30.<\/p>\n<p style=\"text-align: justify;\"><b>Le graduatorie<\/b>, redatte a cura del Comitato di Gestione, <b>saranno in visione<\/b> sia presso la sede dell\u2019Asilo Nido, sia presso l\u2019Ufficio Relazioni con il Pubblico, <b>a partire dal 19\/09\/12<\/b>. Gli <b>eventuali ricorsi<\/b>, indirizzati al Dirigente del 3\u00b0 Settore, <b>potranno essere presentati entro le ore 12,00 del 25\/09\/12<\/b>.<\/p>\n<p style=\"text-align: justify;\"><b>L\u2019Amministrazione Comunale si riserva in ogni caso la facolt\u00e0 di non avviare il servizio<\/b> per i nuovi iscritti al termine dell\u2019espletamento delle procedure.<\/p>\n<p style=\"text-align: justify;\"><b>Dal mese di ottobre sar\u00e0 avviato un confronto con la citt\u00e0<\/b> e con le forze politiche <b>sul futuro dell\u2019asilo nido comunale<\/b>.<\/p>\n<div style=\"text-align: justify;\"><a href=\"http:\/\/www.comune.gioiadelcolle.ba.it\/cms\/files\/8adc1e1b-c85c-4f5a-bc55-267a485e9935\"><span style=\"text-decoration: none;\">modulo iscrizione<\/span><\/a><\/div>\n<div style=\"text-align: justify;\"><a href=\"http:\/\/www.comune.gioiadelcolle.ba.it\/cms\/files\/bc61f47a-871a-44d1-af62-f77e4eb563df\"><span style=\"text-decoration: none;\">modello autocertificazione stato di famiglia<\/span><\/a><\/div>\n<div style=\"text-align: justify;\"><a href=\"http:\/\/www.comune.gioiadelcolle.ba.it\/cms\/files\/8501dcac-79b6-4ab4-960f-3e45c7ba2d3a\"><span style=\"text-decoration: none;\">notoriet\u00e0 lavoro padre<\/span><\/a><a href=\"http:\/\/www.comune.gioiadelcolle.ba.it\/cms\/files\/cbfa213b-025c-4d56-85ef-0eaf46bf15ce\"><span style=\"text-decoration: none;\"><\/span><\/a><\/div>\n<div style=\"text-align: justify;\"><a href=\"http:\/\/www.comune.gioiadelcolle.ba.it\/cms\/files\/cbfa213b-025c-4d56-85ef-0eaf46bf15ce\"><span style=\"text-decoration: none;\">notoriet\u00e0 lavoro madre<\/span><\/a><a href=\"http:\/\/www.comune.gioiadelcolle.ba.it\/cms\/files\/4d3c81a9-27f7-4c45-bd8c-90905e9ec0b6\"><span style=\"text-decoration: none;\"><\/span><\/a><\/div>\n<div style=\"text-align: justify;\"><a href=\"http:\/\/www.comune.gioiadelcolle.ba.it\/cms\/files\/4d3c81a9-27f7-4c45-bd8c-90905e9ec0b6\"><span style=\"text-decoration: none;\">conoscere il nido<\/span><\/a><\/div>\n<p>&nbsp;<\/p>\n<p>&nbsp;<\/p>\n","protected":false},"excerpt":{"rendered":"","protected":false},"author":1,"featured_media":8170,"comment_status":"open","ping_status":"closed","sticky":false,"template":"","format":"standard","meta":{"colormag_page_container_layout":"default_layout","colormag_page_sidebar_layout":"default_layout","footnotes":""},"categories":[4],"tags":[],"class_list":["post-26865","post","type-post","status-publish","format-standard","has-post-thumbnail","hentry","category-politica"],"_links":{"self":[{"href":"https:\/\/archiviogioia.lavocedelpaese.info\/index.php?rest_route=\/wp\/v2\/posts\/26865","targetHints":{"allow":["GET"]}}],"collection":[{"href":"https:\/\/archiviogioia.lavocedelpaese.info\/index.php?rest_route=\/wp\/v2\/posts"}],"about":[{"href":"https:\/\/archiviogioia.lavocedelpaese.info\/index.php?rest_route=\/wp\/v2\/types\/post"}],"author":[{"embeddable":true,"href":"https:\/\/archiviogioia.lavocedelpaese.info\/index.php?rest_route=\/wp\/v2\/users\/1"}],"replies":[{"embeddable":true,"href":"https:\/\/archiviogioia.lavocedelpaese.info\/index.php?rest_route=%2Fwp%2Fv2%2Fcomments&post=26865"}],"version-history":[{"count":0,"href":"https:\/\/archiviogioia.lavocedelpaese.info\/index.php?rest_route=\/wp\/v2\/posts\/26865\/revisions"}],"wp:featuredmedia":[{"embeddable":true,"href":"https:\/\/archiviogioia.lavocedelpaese.info\/index.php?rest_route=\/wp\/v2\/media\/8170"}],"wp:attachment":[{"href":"https:\/\/archiviogioia.lavocedelpaese.info\/index.php?rest_route=%2Fwp%2Fv2%2Fmedia&parent=26865"}],"wp:term":[{"taxonomy":"category","embeddable":true,"href":"https:\/\/archiviogioia.lavocedelpaese.info\/index.php?rest_route=%2Fwp%2Fv2%2Fcategories&post=26865"},{"taxonomy":"post_tag","embeddable":true,"href":"https:\/\/archiviogioia.lavocedelpaese.info\/index.php?rest_route=%2Fwp%2Fv2%2Ftags&post=26865"}],"curies":[{"name":"wp","href":"https:\/\/api.w.org\/{rel}","templated":true}]}}