{"id":2716,"date":"2010-06-22T06:19:53","date_gmt":"2010-06-22T06:19:53","guid":{"rendered":"https:\/\/archiviogioia.lavocedelpaese.info\/?p=2716"},"modified":"2010-06-22T06:19:53","modified_gmt":"2010-06-22T06:19:53","slug":"saggio-de-la-fenice-in-enarmonie-le-foto","status":"publish","type":"post","link":"https:\/\/archiviogioia.lavocedelpaese.info\/?p=2716","title":{"rendered":"SAGGIO DE \u201cLA FENICE\u201d IN ENARMONIE \u2013 LE FOTO"},"content":{"rendered":"<p><img loading=\"lazy\" decoding=\"async\" class=\" size-full wp-image-2702\" alt=\"orchestra-primo-piano\" src=\"https:\/\/archiviogioia.lavocedelpaese.info\/wp-content\/uploads\/2010\/06\/orchestra-primo-piano.jpg\" width=\"320\" height=\"150\" srcset=\"https:\/\/archiviogioia.lavocedelpaese.info\/wp-content\/uploads\/2010\/06\/orchestra-primo-piano.jpg 640w, https:\/\/archiviogioia.lavocedelpaese.info\/wp-content\/uploads\/2010\/06\/orchestra-primo-piano-300x141.jpg 300w\" sizes=\"auto, (max-width: 320px) 100vw, 320px\" \/> <\/p>\n<p><!--more--><\/p>\n<p style=\"text-align: justify;\">Il 20 giugno, mese di saggi e \u201cscrutini\u201d, in un teatro Rossini letteralmente preso d\u2019assalto da scuole ed associazioni, ha avuto luogo alle ore 20.30 il saggio de \u201c<strong>La Fenice<\/strong>\u201d, evento che ha concluso la quinta edizione di <strong>Enarmonie<\/strong>.<\/p>\n<div style=\"text-align: justify;\"><\/div>\n<p style=\"text-align: justify;\"><img loading=\"lazy\" decoding=\"async\" class=\" alignleft size-full wp-image-2703\" style=\"margin: 4px; float: left;\" alt=\"paolo-dascanio-fenice\" src=\"https:\/\/archiviogioia.lavocedelpaese.info\/wp-content\/uploads\/2010\/06\/paolo-dascanio-fenice.jpg\" width=\"200\" height=\"127\" \/>Il teatro colmo fino al terzo ordine, in una serata insperabilmente fresca, ha ospitato gli alunni de \u201cLa Fenice\u201d ed i suoi maestri: <strong>Paolo D\u2019Ascanio<\/strong>, presidente dell\u2019Associazione e docente di solfeggio, pianoforte e fisarmonica, <strong>Nicola Mandorino<\/strong> e <strong>Michele Errico<\/strong> (chitarra classica ed elettrica), <strong>Duilio Noci<\/strong> (violino), <strong>Fabio Delle Foglie<\/strong> (batteria), <strong>Angela Denora<\/strong> (coro e fagotto) e <strong>Monia Mosetti<\/strong> (canto), sostituita in quest\u2019ultimo mese dal M\u00b0 <strong>Davide Notarnicola<\/strong>.<\/p>\n<p style=\"text-align: justify;\"><img loading=\"lazy\" decoding=\"async\" class=\" size-full wp-image-2704\" style=\"margin: 4px; float:  right;\" alt=\"orchestra_la_fenice_miriam_cinaciotti_2\" src=\"https:\/\/archiviogioia.lavocedelpaese.info\/wp-content\/uploads\/2010\/06\/orchestra_la_fenice_miriam_cinaciotti_2.jpg\" width=\"200\" height=\"149\" srcset=\"https:\/\/archiviogioia.lavocedelpaese.info\/wp-content\/uploads\/2010\/06\/orchestra_la_fenice_miriam_cinaciotti_2.jpg 700w, https:\/\/archiviogioia.lavocedelpaese.info\/wp-content\/uploads\/2010\/06\/orchestra_la_fenice_miriam_cinaciotti_2-300x224.jpg 300w\" sizes=\"auto, (max-width: 200px) 100vw, 200px\" \/><\/p>\n<div style=\"text-align: justify;\"><\/div>\n<p style=\"text-align: justify;\">Ha dato il benvenuto al pubblico l\u2019orchestra di musica d\u2019insieme diretta da Paolo D\u2019Ascanio con un classico: \u201cLa ragazza di Ipanema\u201d. Sul palco Angela Denora ha presentato brani e musicisti, ricordando le finalit\u00e0 dell\u2019associazione, di seguito l\u2019orchestra ha accompagnato <strong>Miriam Cianciotti<\/strong> in una emozionata \u201cI love you baby\u201d, seguita da \u201cAll of me\u201d.<\/p>\n<div style=\"text-align: justify;\"><\/div>\n<p style=\"text-align: justify;\"><img loading=\"lazy\" decoding=\"async\" class=\" alignleft size-full wp-image-2705\" style=\"margin: 4px; float: left;\" alt=\"teresa_benincasa_1\" src=\"https:\/\/archiviogioia.lavocedelpaese.info\/wp-content\/uploads\/2010\/06\/teresa_benincasa_1.jpg\" width=\"150\" height=\"201\" srcset=\"https:\/\/archiviogioia.lavocedelpaese.info\/wp-content\/uploads\/2010\/06\/teresa_benincasa_1.jpg 522w, https:\/\/archiviogioia.lavocedelpaese.info\/wp-content\/uploads\/2010\/06\/teresa_benincasa_1-224x300.jpg 224w\" sizes=\"auto, (max-width: 150px) 100vw, 150px\" \/>Dato sfogo all\u2019esuberanza dei giovani orchestrali, si \u00e8 passati a \u201cLes feullies mortes\u201d, splendida esibizione di <strong>Teresa Benincasa<\/strong>, accompagnata al piano dal M\u00b0 D\u2019Ascanio, ottima l\u2019interpretazione in francese ed appassionata l\u2019interprete.<\/p>\n<div style=\"text-align: justify;\"><\/div>\n<p style=\"text-align: justify;\">Tra i pianisti <strong>Patrizia Castellaneta<\/strong> in valzer con Chopen, <strong>Chiara Lillo<\/strong> alle prese con Burt Bacharach ed <strong>Eulalia Capurso<\/strong> con Allevi, (tutte e tre pi\u00f9 volte sul palco per accompagnare terzetti e quartetti), <strong>Annagiulia Pece<\/strong> con \u201cC\u2019era una volta l\u2019America\u201d di Morricone, <strong>Costanza Monte<\/strong> e <strong>Marisa Dell\u2019Orso<\/strong> in balia de \u201cLe onde\u201d di Einaudi, <strong>Jessica Mastromarino<\/strong> con Bach, <strong>Eugenia Finelli<\/strong> con \u201cTitanic\u201d e <strong>Giannunzio Taranto<\/strong> con Mozart .<\/p>\n<div style=\"text-align: justify;\"><\/div>\n<p style=\"text-align: justify;\"><img loading=\"lazy\" decoding=\"async\" class=\" alignright size-full wp-image-2706\" style=\"margin: 4px; float: right;\" alt=\"giovanni_mastrovito\" src=\"https:\/\/archiviogioia.lavocedelpaese.info\/wp-content\/uploads\/2010\/06\/giovanni_mastrovito.jpg\" width=\"200\" height=\"149\" srcset=\"https:\/\/archiviogioia.lavocedelpaese.info\/wp-content\/uploads\/2010\/06\/giovanni_mastrovito.jpg 700w, https:\/\/archiviogioia.lavocedelpaese.info\/wp-content\/uploads\/2010\/06\/giovanni_mastrovito-300x224.jpg 300w\" sizes=\"auto, (max-width: 200px) 100vw, 200px\" \/>Menzione speciale per <strong>Giovanni Mastrovito<\/strong> che ha eseguito \u201cLa Pastorale\u201d di Beethoven, e <strong>Christian Milano<\/strong> \u201cSeven nation army\u201d di White Stripes, giovanissimi pianisti davvero promettenti.<\/p>\n<div style=\"text-align: justify;\"><\/div>\n<p style=\"text-align: justify;\">Numerosi anche gli iscritti ai corsi di chitarra: <strong>Luisa Eramo, Antonio Gatti, Domenico Resta, Letizia Lippolis, Arianna ed Antonio Bianco, Renato Caricato, Davide Casamassima e Filippo Taranto<\/strong>, questi ultimi in duetto per proporre \u201cDodici romanze per chitarra\u201d di Cardulli, ottimo anche <strong>Nicol\u00f2 Tigri<\/strong> in \u201cEuropa\u201d di Santana, gi\u00e0 proposta in occasione del progetto Comenius in maggio presso l\u2019auditorium dello Scientifico.<\/p>\n<div style=\"text-align: justify;\"><\/div>\n<p style=\"text-align: justify;\"><img loading=\"lazy\" decoding=\"async\" class=\" alignleft size-full wp-image-2707\" style=\"margin: 4px; float: left;\" alt=\"nicola_paradiso\" src=\"https:\/\/archiviogioia.lavocedelpaese.info\/wp-content\/uploads\/2010\/06\/nicola_paradiso.jpg\" width=\"150\" height=\"201\" srcset=\"https:\/\/archiviogioia.lavocedelpaese.info\/wp-content\/uploads\/2010\/06\/nicola_paradiso.jpg 522w, https:\/\/archiviogioia.lavocedelpaese.info\/wp-content\/uploads\/2010\/06\/nicola_paradiso-224x300.jpg 224w\" sizes=\"auto, (max-width: 150px) 100vw, 150px\" \/>Unico, \u201caltissimo\u201d basso, veterano di musica d\u2019insieme, preziosa ed insostituibile risorsa \u201cumana e musicale\u201d nelle varie formazioni, <strong>Nicola Paradiso<\/strong>, quasi sempre in retroguardia e restio ad offrirsi all\u2019obiettivo fotografico, cui va a pieno titolo il \u201cpremio fedelt\u00e0\u201d de \u201cLa Fenice\u201d, essendo sin dalla nascita dell\u2019associazione sempre \u201creperibile\u201d e presente all\u2019occorrenza.<\/p>\n<div style=\"text-align: justify;\"><\/div>\n<p style=\"text-align: justify;\">Tra i batteristi del M\u00b0 Delle Foglie dai tenerissimi \u201cvirgulti\u201d, di pochi anni ai pi\u00f9 esperti: <strong>Paolo Gatti, Alessandro Surico, Valerio Resta, Dodo Lillo, Salvatore Badagliacca e Giovanni Palatella<\/strong>.<\/p>\n<div style=\"text-align: justify;\"><\/div>\n<p style=\"text-align: justify;\"><img loading=\"lazy\" decoding=\"async\" class=\" alignright size-full wp-image-2708\" style=\"margin: 4px; float: right;\" alt=\"violini_orchestra_la_fenice\" src=\"https:\/\/archiviogioia.lavocedelpaese.info\/wp-content\/uploads\/2010\/06\/violini_orchestra_la_fenice.jpg\" width=\"200\" height=\"149\" srcset=\"https:\/\/archiviogioia.lavocedelpaese.info\/wp-content\/uploads\/2010\/06\/violini_orchestra_la_fenice.jpg 700w, https:\/\/archiviogioia.lavocedelpaese.info\/wp-content\/uploads\/2010\/06\/violini_orchestra_la_fenice-300x224.jpg 300w\" sizes=\"auto, (max-width: 200px) 100vw, 200px\" \/>Al violino <strong>Manuela Valentini<\/strong> e <strong>Davide Angelillo<\/strong> in duo per eseguire \u201cAlla turca\u201d di Ernst Schimdt, le nuove leve <strong>Angelo Vitrani<\/strong> ed <strong>Alessandra D\u2019Aprile<\/strong> ed un veterano di musica d\u2019insieme, <strong>Giuseppe Vitto<\/strong>.<\/p>\n<div style=\"text-align: justify;\"><\/div>\n<p style=\"text-align: justify;\">Due soli sax, <strong>Edoardo Salvemini <\/strong>e <strong>Jacopo Antonicelli<\/strong> e ben tre fisarmonicisti d.o.c.: <strong>Pasquale Barberio, Mario Pugliese <\/strong>(artistico anche nell\u2019esecuzione di \u201cOblivion\u201d), il magistrale <strong>Luigi D\u2019Onghia <\/strong>cui si affianca il piccolo <strong>Marco Valentini<\/strong>.<\/p>\n<div style=\"text-align: justify;\"><\/div>\n<p style=\"text-align: justify;\"><img loading=\"lazy\" decoding=\"async\" class=\" alignright size-full wp-image-2709\" style=\"margin: 4px; float: right;\" alt=\"gruppo_clelia_1\" src=\"https:\/\/archiviogioia.lavocedelpaese.info\/wp-content\/uploads\/2010\/06\/gruppo_clelia_1.jpg\" width=\"204\" height=\"153\" srcset=\"https:\/\/archiviogioia.lavocedelpaese.info\/wp-content\/uploads\/2010\/06\/gruppo_clelia_1.jpg 700w, https:\/\/archiviogioia.lavocedelpaese.info\/wp-content\/uploads\/2010\/06\/gruppo_clelia_1-300x224.jpg 300w\" sizes=\"auto, (max-width: 204px) 100vw, 204px\" \/>D<img loading=\"lazy\" decoding=\"async\" class=\" size-full wp-image-2710\" style=\"margin: 4px; float:  left;\" alt=\"angelini_2\" src=\"https:\/\/archiviogioia.lavocedelpaese.info\/wp-content\/uploads\/2010\/06\/angelini_2.jpg\" width=\"123\" height=\"164\" srcset=\"https:\/\/archiviogioia.lavocedelpaese.info\/wp-content\/uploads\/2010\/06\/angelini_2.jpg 522w, https:\/\/archiviogioia.lavocedelpaese.info\/wp-content\/uploads\/2010\/06\/angelini_2-224x300.jpg 224w\" sizes=\"auto, (max-width: 123px) 100vw, 123px\" \/>avvero molto bravi i cantanti, dal tenore <strong>Gianmarco Angelini<\/strong> impegnato in \u201cElisir d\u2019amore\u201d di Doninzetti, alle giovanissime coriste di \u201cDon\u2019t worry be happy\u201d <strong>Barbara Patroni<\/strong>, <strong>Clelia Stoppini<\/strong>, <strong>Naomi Lapadula<\/strong>, <strong>Marica Laterza<\/strong> (meravigliosamente suggestiva in \u201cMeraviglioso\u201d di Domenico Modugno\u201d) e <strong>Elena Finelli <\/strong>(che alla chitarra ha proposto in assolo \u201cQuello che le donne non dicono\u201d di Fiorella Mannoia).<\/p>\n<div style=\"text-align: justify;\"><\/div>\n<p style=\"text-align: justify;\"><img loading=\"lazy\" decoding=\"async\" class=\" alignleft size-full wp-image-2711\" style=\"margin: 4px 4px 0px; float: left;\" alt=\"miriam_romano\" src=\"https:\/\/archiviogioia.lavocedelpaese.info\/wp-content\/uploads\/2010\/06\/miriam_romano.jpg\" width=\"130\" height=\"174\" srcset=\"https:\/\/archiviogioia.lavocedelpaese.info\/wp-content\/uploads\/2010\/06\/miriam_romano.jpg 522w, https:\/\/archiviogioia.lavocedelpaese.info\/wp-content\/uploads\/2010\/06\/miriam_romano-224x300.jpg 224w\" sizes=\"auto, (max-width: 130px) 100vw, 130px\" \/>Eccezionali <strong>Miriam Romano<\/strong> in \u201cNothing compare to you\u201d, <strong>Francesco Minei<\/strong> in \u201cKissing a fool\u201d, <strong>Antonio De Gigli Gesia<\/strong> in \u201cAncora\u201d ed il mitico <strong>Elio Arcieri<\/strong>, insuperabile in \u201cTrouble\u201d, \u201cImagine\u201d e\u201dI will survive\u201d di Gloria Gaynor.<\/p>\n<div style=\"text-align: justify;\"><\/div>\n<p style=\"text-align: justify;\"><img loading=\"lazy\" decoding=\"async\" class=\" alignright size-full wp-image-2712\" style=\"margin: 4px; float: right;\" alt=\"coro_2\" src=\"https:\/\/archiviogioia.lavocedelpaese.info\/wp-content\/uploads\/2010\/06\/coro_2.jpg\" width=\"238\" height=\"177\" srcset=\"https:\/\/archiviogioia.lavocedelpaese.info\/wp-content\/uploads\/2010\/06\/coro_2.jpg 700w, https:\/\/archiviogioia.lavocedelpaese.info\/wp-content\/uploads\/2010\/06\/coro_2-300x224.jpg 300w\" sizes=\"auto, (max-width: 238px) 100vw, 238px\" \/>Ovazioni ed applausi per la corale diretta da Angela Denora, in \u201cHail Holy queen\u201d (tratta da \u201cSister act\u201d) e \u201cBarbara Ann\u201d, voci: <strong>Teresa Surico, Adele Tramacere, Annamaria Monte<\/strong> (soprano), <strong>Annamaria Mancino, Pina Castellaneta <\/strong>e <strong>Miriam Romano<\/strong> (mezzosoprano), <strong>Teresa Benincasa e Barbara Patroni<\/strong> (contralto).<\/p>\n<div style=\"text-align: justify;\"><\/div>\n<p style=\"text-align: justify;\">I vari brani \u201ccantati\u201d sono stati accompagnati dai maestri ed in chiusura tutti insieme in \u201cConcerto grosso\u201d dei New Trolls.<\/p>\n<div style=\"text-align: justify;\"><\/div>\n<p style=\"text-align: justify;\"><img loading=\"lazy\" decoding=\"async\" class=\" alignleft size-full wp-image-2713\" style=\"margin: 0px 4px 0px 0px; float: left;\" alt=\"francesco_minei\" src=\"https:\/\/archiviogioia.lavocedelpaese.info\/wp-content\/uploads\/2010\/06\/francesco_minei.jpg\" width=\"130\" height=\"174\" srcset=\"https:\/\/archiviogioia.lavocedelpaese.info\/wp-content\/uploads\/2010\/06\/francesco_minei.jpg 522w, https:\/\/archiviogioia.lavocedelpaese.info\/wp-content\/uploads\/2010\/06\/francesco_minei-224x300.jpg 224w\" sizes=\"auto, (max-width: 130px) 100vw, 130px\" \/>Le esibizioni si sono protratte per circa tre ore, senza intervallo essendo davvero in tanti i musicisti in campo, ci\u00f2 ha messo a dura prova la resistenza \u201cfisica\u201d dei presenti, ancora coraggiosamente numerosi al termine del concerto.<\/p>\n<div style=\"text-align: justify;\"><\/div>\n<p style=\"text-align: justify;\"><strong><img loading=\"lazy\" decoding=\"async\" class=\" alignright size-full wp-image-2714\" style=\"margin: 4px; float: right;\" alt=\"HPIM2614\" src=\"https:\/\/archiviogioia.lavocedelpaese.info\/wp-content\/uploads\/2010\/06\/HPIM2614.jpg\" width=\"230\" height=\"172\" srcset=\"https:\/\/archiviogioia.lavocedelpaese.info\/wp-content\/uploads\/2010\/06\/HPIM2614.jpg 700w, https:\/\/archiviogioia.lavocedelpaese.info\/wp-content\/uploads\/2010\/06\/HPIM2614-300x224.jpg 300w\" sizes=\"auto, (max-width: 230px) 100vw, 230px\" \/>Paolo D\u2019Ascanio<\/strong> ha tenuto a precisare che essendo davvero alta la qualit\u00e0 di alcuni studenti, non poteva esser loro negata la possibilit\u00e0 di mostrare i frutti di anni di studio ed impegno, cos\u00ec come per i pi\u00f9 piccini era necessario \u201ctestare\u201d l\u2019approccio con il palcoscenico ed il pubblico per misurarsi ed iniziare a \u201ccrescere\u201d artisticamente.<\/p>\n<div style=\"text-align: justify;\"><\/div>\n<p style=\"text-align: justify;\">\u201cSarebbe davvero splendido se, il prossimo anno, la direzione del teatro e l\u2019Amministrazione che ringrazio di cuore per averci ospitato \u2013 dichiara Paolo \u2013 potessero concederci due serate, per poter <img loading=\"lazy\" decoding=\"async\" class=\" alignleft size-full wp-image-2715\" style=\"margin: 4px; float: left;\" alt=\"orchestra_la_fenice\" src=\"https:\/\/archiviogioia.lavocedelpaese.info\/wp-content\/uploads\/2010\/06\/orchestra_la_fenice.jpg\" width=\"250\" height=\"186\" srcset=\"https:\/\/archiviogioia.lavocedelpaese.info\/wp-content\/uploads\/2010\/06\/orchestra_la_fenice.jpg 700w, https:\/\/archiviogioia.lavocedelpaese.info\/wp-content\/uploads\/2010\/06\/orchestra_la_fenice-300x224.jpg 300w\" sizes=\"auto, (max-width: 250px) 100vw, 250px\" \/>meglio concertare le esibizioni, senza sottoporre familiari ed amici ad estenuanti \u201cattese\u201d\u2026 Mi rendo conto del disagio arrecato a chi sin dall\u2019inizio ha dovuto attendere fino a fine saggio per poter ascoltare i propri cari, d\u2019altra parte l\u2019alternativa era non far esibire alcuni dei ragazzi o ridurre i brani preparati con tanta fatica nel corso dell\u2019anno, ed onestamente non me la son sentita.\u201d<\/p>\n<div style=\"text-align: justify;\"><\/div>\n<p style=\"text-align: justify;\">Ottimo anche l\u2019apporto tecnico di <strong>Giuseppe Muschitiello<\/strong> alla consolle del service acquistato dal Comune\u2026 questa volta davvero quasi \u201cnessun fischio\u201d e strumenti e voci \u201cdistinguibili\u201d che hanno valorizzato le singole esibizioni.<\/p>\n<p><object data=\"http:\/\/picasaweb.google.it\/s\/c\/bin\/slideshow.swf\" type=\"application\/x-shockwave-flash\" height=\"660\" width=\"660\"><param name=\"flashvars\" value=\"host=picasaweb.google.it&amp;hl=it&amp;feat=flashalbum&amp;RGB=0x000000&amp;feed=http%3A%2F%2Fpicasaweb.google.it%2Fdata%2Ffeed%2Fapi%2Fuser%2Fredazionegioianet%2Falbumid%2F5485539676301279777%3Falt%3Drss%26kind%3Dphoto%26authkey%3DGv1sRgCLmXx6PNo87GuQE%26hl%3Dit\" \/><param name=\"src\" value=\"http:\/\/picasaweb.google.it\/s\/c\/bin\/slideshow.swf\" \/><\/object><\/p>\n","protected":false},"excerpt":{"rendered":"","protected":false},"author":1,"featured_media":2702,"comment_status":"open","ping_status":"closed","sticky":false,"template":"","format":"standard","meta":{"colormag_page_container_layout":"default_layout","colormag_page_sidebar_layout":"default_layout","footnotes":""},"categories":[7],"tags":[],"class_list":["post-2716","post","type-post","status-publish","format-standard","has-post-thumbnail","hentry","category-attualita"],"_links":{"self":[{"href":"https:\/\/archiviogioia.lavocedelpaese.info\/index.php?rest_route=\/wp\/v2\/posts\/2716","targetHints":{"allow":["GET"]}}],"collection":[{"href":"https:\/\/archiviogioia.lavocedelpaese.info\/index.php?rest_route=\/wp\/v2\/posts"}],"about":[{"href":"https:\/\/archiviogioia.lavocedelpaese.info\/index.php?rest_route=\/wp\/v2\/types\/post"}],"author":[{"embeddable":true,"href":"https:\/\/archiviogioia.lavocedelpaese.info\/index.php?rest_route=\/wp\/v2\/users\/1"}],"replies":[{"embeddable":true,"href":"https:\/\/archiviogioia.lavocedelpaese.info\/index.php?rest_route=%2Fwp%2Fv2%2Fcomments&post=2716"}],"version-history":[{"count":0,"href":"https:\/\/archiviogioia.lavocedelpaese.info\/index.php?rest_route=\/wp\/v2\/posts\/2716\/revisions"}],"wp:featuredmedia":[{"embeddable":true,"href":"https:\/\/archiviogioia.lavocedelpaese.info\/index.php?rest_route=\/wp\/v2\/media\/2702"}],"wp:attachment":[{"href":"https:\/\/archiviogioia.lavocedelpaese.info\/index.php?rest_route=%2Fwp%2Fv2%2Fmedia&parent=2716"}],"wp:term":[{"taxonomy":"category","embeddable":true,"href":"https:\/\/archiviogioia.lavocedelpaese.info\/index.php?rest_route=%2Fwp%2Fv2%2Fcategories&post=2716"},{"taxonomy":"post_tag","embeddable":true,"href":"https:\/\/archiviogioia.lavocedelpaese.info\/index.php?rest_route=%2Fwp%2Fv2%2Ftags&post=2716"}],"curies":[{"name":"wp","href":"https:\/\/api.w.org\/{rel}","templated":true}]}}