{"id":27174,"date":"2012-09-13T05:23:24","date_gmt":"2012-09-13T05:23:24","guid":{"rendered":"https:\/\/archiviogioia.lavocedelpaese.info\/?p=27174"},"modified":"2012-09-13T05:23:24","modified_gmt":"2012-09-13T05:23:24","slug":"donvito-si-volta-pagina-basta-con-i-siti-e-facebook","status":"publish","type":"post","link":"https:\/\/archiviogioia.lavocedelpaese.info\/?p=27174","title":{"rendered":"DONVITO: \u201cSI VOLTA PAGINA. BASTA CON I SITI E FACEBOOK\u201d"},"content":{"rendered":"<p><img loading=\"lazy\" decoding=\"async\" class=\" size-full wp-image-27164\" style=\"margin-right: 2px; margin-left: 2px;\" alt=\"conferenza-stampa-donvito-pp\" src=\"https:\/\/archiviogioia.lavocedelpaese.info\/wp-content\/uploads\/2012\/09\/conferenza-stampa-donvito-pp.jpg\" height=\"150\" width=\"320\" srcset=\"https:\/\/archiviogioia.lavocedelpaese.info\/wp-content\/uploads\/2012\/09\/conferenza-stampa-donvito-pp.jpg 640w, https:\/\/archiviogioia.lavocedelpaese.info\/wp-content\/uploads\/2012\/09\/conferenza-stampa-donvito-pp-300x141.jpg 300w\" sizes=\"auto, (max-width: 320px) 100vw, 320px\" \/><\/p>\n<p><!--more--><\/p>\n<p style=\"text-align: justify;\"><img loading=\"lazy\" decoding=\"async\" class=\" alignleft size-full wp-image-27165\" style=\"margin: 4px; float: left;\" alt=\"conferenza-stampa-donvito1\" src=\"https:\/\/archiviogioia.lavocedelpaese.info\/wp-content\/uploads\/2012\/09\/conferenza-stampa-donvito1.jpg\" height=\"240\" width=\"320\" srcset=\"https:\/\/archiviogioia.lavocedelpaese.info\/wp-content\/uploads\/2012\/09\/conferenza-stampa-donvito1.jpg 756w, https:\/\/archiviogioia.lavocedelpaese.info\/wp-content\/uploads\/2012\/09\/conferenza-stampa-donvito1-300x225.jpg 300w\" sizes=\"auto, (max-width: 320px) 100vw, 320px\" \/>Pi\u00f9 che una conferenza stampa, <b>una vera e propria conferenza sui servizi in oggetto<\/b> (presentazione dell\u2019account del Comune su facebook, sport gratuito per minori, bando gestione piscina e l\u2019asilo nido e decoro urbano) quella proposta nella serata del 12 settembre &#8211; dalle 19.15 alle 21 circa &#8211; dall\u2019assessore ai Servizi sociali, alla Comunicazione e allo Sport <b>Filippo Donvito<\/b>, cui ha partecipato il sindaco <b>Sergio Povia<\/b>.<\/p>\n<p style=\"text-align: justify;\">Sull\u2019account collegato alla home page del Comune, <b>dopo un\u2019ampia disamina dell\u2019assessore Donvito<\/b> sulle opportunit\u00e0 comunicative che porranno fine ad infelici discussioni pubbliche con anonimi e non, grazie ad un filo privato diretto tra cittadini, assessorati ed uffici previa registrazione, <b>la parola \u00e8 passata alla dottoressa Margaret Antonicelli<\/b> che ha mostrato le varie applicazioni (foto, eventi, video, forum, spazio consiliare\u2026).<\/p>\n<p style=\"text-align: justify;\"><b>A sostegno del progetto verr\u00e0 pote<\/b><b><img loading=\"lazy\" decoding=\"async\" class=\" alignright size-full wp-image-27167\" style=\"margin: 4px; float: right;\" alt=\"conferenza-stampa-donvito2\" src=\"https:\/\/archiviogioia.lavocedelpaese.info\/wp-content\/uploads\/2012\/09\/conferenza-stampa-donvito2.jpg\" height=\"240\" width=\"320\" srcset=\"https:\/\/archiviogioia.lavocedelpaese.info\/wp-content\/uploads\/2012\/09\/conferenza-stampa-donvito2.jpg 756w, https:\/\/archiviogioia.lavocedelpaese.info\/wp-content\/uploads\/2012\/09\/conferenza-stampa-donvito2-300x225.jpg 300w\" sizes=\"auto, (max-width: 320px) 100vw, 320px\" \/><\/b><b>nziato l\u2019U.R.P.<\/b> avviando a corsi di formazione riservati ai dipendenti.<\/p>\n<p style=\"text-align: justify;\">\u201cLo spazio interattivo sar\u00e0 operativo da domani (13 settembre) con una discussione sull\u2019asilo nido che con la gestione pubblica potrebbe ospitare 18 bambini, con quella mista 48. Siamo aperti ad ogni suggerimento e <b>d\u2019ora in poi risponder\u00f2 alle istanze dei cittadini solo attraverso questo mezzo e non pi\u00f9 tramite commenti su siti o il profilo personale di facebook<\/b>, non interverr\u00f2 pi\u00f9, <b>l\u2019ho promesso al sindaco<\/b>. Si volta pagina! <b>Siamo a <\/b><b>disposizione della stampa, le domande si fanno per telefono o qui\u2026<\/b> Tramite facebook non dobbiamo pi\u00f9 rispondere a nessuno\u201d.<\/p>\n<p style=\"text-align: justify;\">Infatti &#8211; a detta dell\u2019assessore &#8211; <b>chi non si firma e si rifugia dietro l\u2019anonimato <\/b>per offendere e lanciare accuse <b>non \u00e8 un interlocutore degno di risposte<\/b> e <b>chi si qualifica, se vorr\u00e0 riceverne, dovr\u00e0 rivolgersi al canale istituzionale e non tramite altri siti.<\/b> La linea diretta non \u00e8 <img loading=\"lazy\" decoding=\"async\" class=\" alignleft size-full wp-image-22046\" style=\"margin: 4px; float: left;\" alt=\"povia-punti-di-vista\" src=\"https:\/\/archiviogioia.lavocedelpaese.info\/wp-content\/uploads\/2012\/04\/povia-punti-di-vista.jpg\" height=\"201\" width=\"300\" srcset=\"https:\/\/archiviogioia.lavocedelpaese.info\/wp-content\/uploads\/2012\/04\/povia-punti-di-vista.jpg 472w, https:\/\/archiviogioia.lavocedelpaese.info\/wp-content\/uploads\/2012\/04\/povia-punti-di-vista-300x201.jpg 300w\" sizes=\"auto, (max-width: 300px) 100vw, 300px\" \/>ovviamente una chat, ma <b>le risposte saranno date in tempi brevi<\/b>.<\/p>\n<p style=\"text-align: justify;\">\u201cNon \u00e8 che si sia contrari a toni polemici &#8211; afferma a sua volta <b>Povia<\/b> -, l<b>a critica costruttiva ben venga<\/b>, e anche quella meno costruttiva, <b>purch\u00e9 si entri nel merito e non si accusi di atteggiamenti mafiogeni in ogni circostanza<\/b>, gettando discredito su ogni azione amministrativa. <b>Personalmente non ho tempo da dedicare alla rete, per cui risponder\u00f2 sulla bacheca ma con un filtro<\/b>, credo nel rapporto di delega agli assessori, che prenderanno in carico le istanze politiche, mentre ai funzionari spetter\u00e0 dare risposte tecniche. <b>Non c\u2019\u00e8 diritto di cittadinanza attiva nell\u2019anonimato<\/b>\u201d.<\/p>\n<p style=\"text-align: justify;\"><img loading=\"lazy\" decoding=\"async\" class=\" alignright size-full wp-image-24770\" style=\"margin: 4px; float: right;\" alt=\"piscina comunale\" src=\"https:\/\/archiviogioia.lavocedelpaese.info\/wp-content\/uploads\/2012\/07\/piscina_comunale.jpg\" height=\"225\" width=\"300\" srcset=\"https:\/\/archiviogioia.lavocedelpaese.info\/wp-content\/uploads\/2012\/07\/piscina_comunale.jpg 720w, https:\/\/archiviogioia.lavocedelpaese.info\/wp-content\/uploads\/2012\/07\/piscina_comunale-300x225.jpg 300w\" sizes=\"auto, (max-width: 300px) 100vw, 300px\" \/>Sul <b>bando di affidamento della piscina<\/b>, i toni si accendono.<\/p>\n<p style=\"text-align: justify;\">\u201c<b>Ho partecipato agli incontri con il gestore<\/b> &#8211; afferma <b>Donvito<\/b> &#8211; non ci sono state fatte proposte concrete. <b>Era necessaria una fidejussione, ci \u00e8 stato detto che non era possibile averla<\/b>, a questo punto la decisione \u00e8 passata in Consiglio comunale. Tre le possibilit\u00e0: <b>bando e affidamento per 10 o 15 anni, affidamento per un anno in gestione provvisoria con evidenza pubblica ristretta o trattativa diretta<\/b>. Si \u00e8 deciso di rendere il <b>bando provinciale, per ridurre le spese di chi dovr\u00e0 gestirla<\/b>. Sono trenta le ditte invitate, si aggiudicher\u00e0 la gestione chi offrir\u00e0 di pi\u00f9. <b>Tutti dovrebbero voler bene a Gioia e alla sua piscina, non diamo credito agli avvoltoi<\/b>. Il comunicato girato su un sito e non inviato ad altri organi di stampa a firma della <b>Cooperativa Sphera<\/b> <img loading=\"lazy\" decoding=\"async\" class=\" alignleft size-full wp-image-27168\" style=\"margin: 4px; float: left;\" alt=\"logo sphera\" src=\"https:\/\/archiviogioia.lavocedelpaese.info\/wp-content\/uploads\/2012\/09\/logo_sphera.jpg\" height=\"281\" width=\"300\" srcset=\"https:\/\/archiviogioia.lavocedelpaese.info\/wp-content\/uploads\/2012\/09\/logo_sphera.jpg 445w, https:\/\/archiviogioia.lavocedelpaese.info\/wp-content\/uploads\/2012\/09\/logo_sphera-300x281.jpg 300w\" sizes=\"auto, (max-width: 300px) 100vw, 300px\" \/>meriterebbe le vie legali. Visto che non posso fare pi\u00f9 il giornalista e ho lasciato la direzione di <b>Gioia Oggi<\/b>, voi giornalisti informatevi, <b>chiedete a Bari cosa ha fatto la Cooperativa Sphera<\/b>. Ai disabili ci teniamo, <b>nel bando quei servizi per i disabili sono compresi nel prezzo<\/b>, altro potranno proporlo le associazioni. Chiedete al vecchio gestore della <b>Promosport<\/b>, a quelli che vi hanno lavorato e poi sono stati licenziati\u2026 <b>i contributi sono stati pagati?<\/b> Che qualcuno ce lo dica. Su facebook non possono esserci anonimi, <b>l\u2019anonimato crea un clima mafiogeno, non deve avere spazio<\/b>\u201d.<\/p>\n<p style=\"text-align: justify;\">Sulla piscina interviene anche <b>Povia<\/b> con una lunga e vivace disamina.<\/p>\n<p style=\"text-align: justify;\">\u201c<b>Al gestore<\/b> che si aggiudicher\u00e0 la piscina fino al 31 luglio 2013 <b>offriremo tutte le garanzie<\/b>. Non mi spaventa l\u2019idea della mancanza di suppellettili e arredi, \u00e8 ben pi\u00f9 complesso l\u2019approvvigionamento dell\u2019acqua. Ne occorrono <b>450 metri cubi<\/b>, se la si prende dall\u2019acquedotto \u00e8 un costo esorbitante, se la attingiamo <b>dal pozzo artesiano occorrono 56, 57 viaggi<\/b> con una cisterna da 80 quintali. Siamo andati e tornati in giornata da Roma. <b>All\u2019I<\/b><b><img loading=\"lazy\" decoding=\"async\" class=\" alignright size-full wp-image-27169\" style=\"margin: 4px; float: right;\" alt=\"trasporto acqua\" src=\"https:\/\/archiviogioia.lavocedelpaese.info\/wp-content\/uploads\/2012\/09\/trasporto_acqua.jpg\" height=\"225\" width=\"300\" \/><\/b><b>stituto per il Credito sportivo si \u00e8 creata una situazione grottesca<\/b>. <b>Abbiamo scoperto che non finanzia due volte lo stesso progetto<\/b>, anche se in project financing il primo finanziamento \u00e8 stato accordato ad un privato. <b>Siamo i debitori principali, ma senza la fidejussione deliberata in Consiglio nel 2006 e mai attuata, dobbiamo restituire 2.700.000 euro non potendoli, per altro, neanche negoziare senza l\u2019avallo del concessionario<\/b>. E questo da statuto che, alla luce di altre situazioni simili, sta per essere rivisto\u201d.<\/p>\n<p style=\"text-align: justify;\">\u201c<b>Potremmo estinguere il debito cercando un finanziamento<\/b> &#8211; continua <b>Povia<\/b> -, ovvero <b>contraendo un altro mutuo con un istituto bancario<\/b> magari <b>a condizioni migliori<\/b> rispetto al 5% di interessi che paghiamo oggi\u201d.<\/p>\n<p style=\"text-align: justify;\">\u201cRiguardo al bando, avrei voluto la trattativa diretta, la adotteremo se non andr\u00e0 a buon fine. <b>Se ci sar\u00e0 un ricorso andremo in autotutela, ritireremo il bando e la piscina rimarr\u00e0 chiusa<\/b>. E\u2019 questo che vogliono centinaia di cittadini? Prima <img loading=\"lazy\" decoding=\"async\" class=\" alignleft size-full wp-image-27170\" style=\"margin: 4px; float: left;\" alt=\"consiglio-maggioranza\" src=\"https:\/\/archiviogioia.lavocedelpaese.info\/wp-content\/uploads\/2012\/09\/consiglio-maggioranza.jpg\" height=\"189\" width=\"300\" srcset=\"https:\/\/archiviogioia.lavocedelpaese.info\/wp-content\/uploads\/2012\/09\/consiglio-maggioranza.jpg 472w, https:\/\/archiviogioia.lavocedelpaese.info\/wp-content\/uploads\/2012\/09\/consiglio-maggioranza-300x189.jpg 300w\" sizes=\"auto, (max-width: 300px) 100vw, 300px\" \/>della revoca in Consiglio, si era anche pensato di lasciare al concessionario la gestione, ma a quali condizioni? Potevamo fare la trattativa diretta senza se e senza ma, poi mi sarei impegnato a trovare chi portava l\u2019acqua. <b>Tra il blocco del non fare e il fare qualcosa sul limite del crinale <\/b>&#8211; sottolinea il sindaco -, <b>preferisco \u201cfare\u201d.<\/b><\/p>\n<p style=\"text-align: justify;\">\u201c<b>Dal 1994 ad oggi non ho avuto una sola denuncia, neanche un avviso di garanzia<\/b>, se c\u2019\u00e8 chi pensa che noi siamo qui a delinquere, esiste la giurisdizione. <b>La smetta con le calunnie e faccia denunce circostanziate.<\/b> E\u2019 mai possibile che si debba essere considerati come i politici di Corleone o Casal di Principe?\u201d.<\/p>\n<p style=\"text-align: justify;\">\u201cBen vengano i contributi anche sul piano della polemica, la decisione pu\u00f2 piacere <img loading=\"lazy\" decoding=\"async\" class=\" alignright size-full wp-image-26726\" style=\"margin: 4px; float: right;\" alt=\"imu-no-aumento-lamanna-pp\" src=\"https:\/\/archiviogioia.lavocedelpaese.info\/wp-content\/uploads\/2012\/09\/imu-no-aumento-lamanna-pp.png\" height=\"141\" width=\"300\" srcset=\"https:\/\/archiviogioia.lavocedelpaese.info\/wp-content\/uploads\/2012\/09\/imu-no-aumento-lamanna-pp.png 640w, https:\/\/archiviogioia.lavocedelpaese.info\/wp-content\/uploads\/2012\/09\/imu-no-aumento-lamanna-pp-300x141.png 300w\" sizes=\"auto, (max-width: 300px) 100vw, 300px\" \/>o non piacere, ma <b>\u00e8 chi ha il mandato popolare a decidere<\/b>. Tra qualche giorno <b>si parler\u00e0 di IMU<\/b>, siamo pronti a qualsiasi proposta. <b>La citt\u00e0 \u00e8 profondamente segnata da debiti che fanno tremare i polsi<\/b>\u2026 <b>La Spes ha chiuso il bilancio 2011 con oltre 2 milioni di debiti<\/b>, <b>nel 2012 con un altro milione<\/b>\u2026 con una societ\u00e0 che ogni anno perde un milione di euro, cosa fare? Se il patto si chiude a <b>3 milioni<\/b> <b>di euro di debito<\/b>, volenti o nolenti dobbiamo mettervi riparo. Non si vuol toccare l\u2019aliquota sulla prima casa o aumentare la pressione impositiva? Va bene, ma qualcuno deve dirmi dove troviamo i soldi necessari per mantenere il patto di stabilit\u00e0. <b>Sul piano personale qualche problema me lo pongo<\/b>, penso alla fragilit\u00e0 delle famiglie, ai minori a <img loading=\"lazy\" decoding=\"async\" class=\" alignleft size-full wp-image-27172\" style=\"margin: 4px; float: left;\" alt=\"mensa scolastica\" src=\"https:\/\/archiviogioia.lavocedelpaese.info\/wp-content\/uploads\/2012\/09\/mensa_scolastica.jpg\" height=\"238\" width=\"300\" srcset=\"https:\/\/archiviogioia.lavocedelpaese.info\/wp-content\/uploads\/2012\/09\/mensa_scolastica.jpg 380w, https:\/\/archiviogioia.lavocedelpaese.info\/wp-content\/uploads\/2012\/09\/mensa_scolastica-300x238.jpg 300w\" sizes=\"auto, (max-width: 300px) 100vw, 300px\" \/>rischio. Le disabilit\u00e0 saranno tutelate, rinnoveremo il progetto Pegaso e la piscina si riaprir\u00e0. Per molto tempo Gioia \u00e8 stata considerata un bel paese, dobbiamo ritornare ad essere comunit\u00e0\u201d.<\/p>\n<p style=\"text-align: justify;\"><b>In merito alla mensa scolastica, l\u2019assessore Donvito ha annunciato che al pi\u00f9 tardi sar\u00e0 attiva dal 15 novembre. <\/b><\/p>\n<p style=\"text-align: justify;\"><b>Povia<\/b> ha ricordato che la <b>Ladisa<\/b> da circa un anno nella zona industriale di Modugno <b>ha attivato una piastra che prepara 150mila pasti al giorno<\/b> che tramite autostrada <b>giungerebbero sul tavolo degli alunni in 20 minuti<\/b>. <b>Se in Consiglio si deliberasse di usufruirne, si risparmierebbe un 20% del costo <\/b>che potrebbe essere utilizzato per ridurre i ticket o nel sociale. <b>Di contro, le cuoche e le addette alle pulizie in carico alla Ladisa perderebbero il lavoro<\/b>, in attesa che venga attivata la <b>mensa sociale<\/b> prevista nella zona del vecchio <img loading=\"lazy\" decoding=\"async\" class=\" alignright size-full wp-image-7288\" style=\"margin: 4px; float: right;\" alt=\"pala2\" src=\"https:\/\/archiviogioia.lavocedelpaese.info\/wp-content\/uploads\/2011\/01\/pala2.jpg\" height=\"225\" width=\"300\" srcset=\"https:\/\/archiviogioia.lavocedelpaese.info\/wp-content\/uploads\/2011\/01\/pala2.jpg 350w, https:\/\/archiviogioia.lavocedelpaese.info\/wp-content\/uploads\/2011\/01\/pala2-300x225.jpg 300w\" sizes=\"auto, (max-width: 300px) 100vw, 300px\" \/>campo sportivo.<\/p>\n<p style=\"text-align: justify;\">\u201cSu questo vorrei che si discutesse in Consiglio, che si desse un indirizzo, e non continuare a pettinare le bambole parlando del <b>danno erariale causato da Laruccia<\/b> nel mese di luglio\u201d.<\/p>\n<p style=\"text-align: justify;\"><b>In merito alle strutture sportive<\/b> ed alla proposta di trasformare il contributo economico delle societ\u00e0 che le usano in corsi gratuiti per famiglie disagiate, <b>l\u2019assessore Donvito si chiede se si vogliono far polemiche anche su questo.<\/b><\/p>\n<p style=\"text-align: justify;\">\u201cSiamo felici che anche Pro.Di.Gio. lo abbia detto. <b>Ho scaricato il loro programma elettorale e l\u2019ho trovato interessante<\/b>, <b>se vogliamo dire che il merito \u00e8 di Pro.Di.Gio, diciamolo<\/b>, l\u2019importante \u00e8 fare le cose\u201d.<\/p>\n<p style=\"text-align: justify;\"><b><img loading=\"lazy\" decoding=\"async\" class=\" alignleft size-full wp-image-26270\" style=\"margin: 4px; float: left;\" alt=\"federiciana rugby5\" src=\"https:\/\/archiviogioia.lavocedelpaese.info\/wp-content\/uploads\/2012\/08\/federiciana_rugby5.jpg\" height=\"247\" width=\"250\" srcset=\"https:\/\/archiviogioia.lavocedelpaese.info\/wp-content\/uploads\/2012\/08\/federiciana_rugby5.jpg 720w, https:\/\/archiviogioia.lavocedelpaese.info\/wp-content\/uploads\/2012\/08\/federiciana_rugby5-300x297.jpg 300w\" sizes=\"auto, (max-width: 250px) 100vw, 250px\" \/>Donvito<\/b> tiene a precisare che il bando \u00e8 frutto dell\u2019impegno congiunto con il <b>presidente della Consulta dello Sport<\/b> e di alcuni membri della stessa.<\/p>\n<p style=\"text-align: justify;\"><b>Povia<\/b> ricordando la polemica tra la <b>Federiciana e il Real,<\/b> avanza la proposta dell\u2019allestimento di un campo per il Rugby &#8211; sport che considera molto simpatico &#8211; per porre fine alla querelle sull\u2019utilizzo del campo sportivo.<\/p>\n<p style=\"text-align: justify;\">\u201c<b>Sto cercando un terreno che disti non pi\u00f9 di un chilometro, largo 60, 70 metri e lungo 100<\/b>, anche in comodato d\u2019uso oneroso. <b>Con la microedilizia sportiva si possono creare spogliatoi, docce e un parcheggio<\/b>. Il manto di erba sintetica si usura velocemente quando si gioca a rugby, per cui occorre trovare altre soluzioni. <b>Mi si vorr\u00e0 accusare di speculazione edilizia per questo?<\/b>\u201d.<\/p>\n<p style=\"text-align: justify;\"><img loading=\"lazy\" decoding=\"async\" class=\" alignright size-full wp-image-4025\" style=\"margin: 4px; float: right;\" alt=\"muri-imbrattati\" src=\"https:\/\/archiviogioia.lavocedelpaese.info\/wp-content\/uploads\/2010\/08\/muri-imbrattati.jpg\" height=\"225\" width=\"300\" srcset=\"https:\/\/archiviogioia.lavocedelpaese.info\/wp-content\/uploads\/2010\/08\/muri-imbrattati.jpg 362w, https:\/\/archiviogioia.lavocedelpaese.info\/wp-content\/uploads\/2010\/08\/muri-imbrattati-300x225.jpg 300w\" sizes=\"auto, (max-width: 300px) 100vw, 300px\" \/>Riguardo all\u2019adesione a decorourbano.org. proposto da <b>Pro.Di.Gio<\/b>. e portato in Giunta da Donvito, la discussione torna ad accendersi.<\/p>\n<p style=\"text-align: justify;\">\u201c<b>Non capisco questo accanimento sul decoro, va definita la competenza, ci mettiamo a disposizione della citt\u00e0\u2026<\/b>\u201d.<\/p>\n<p style=\"text-align: justify;\">\u201c<b>Pro.Di.Gio. o altri che ci daranno una mano, troveranno le porte aperte<\/b> &#8211; conferma Povia &#8211; <b>di Lucilla apprezzo la franchezza, quando ha da dire qualcosa, lo mette per iscritto<\/b>\u201d.<\/p>\n<p style=\"text-align: justify;\">Donvito annuncia il comunicato stampa che pubblicizzer\u00e0 non \u201cLa festa dei nonni\u201d ma un progetto di solidariet\u00e0 tra le generazioni intitolato \u201c<b>Gener \u2013 azioni \u2013 unite<\/b>\u201d ideato con l\u2019assessore <b>Piera De Giorgi<\/b>.<\/p>\n<p style=\"text-align: justify;\"><b><img loading=\"lazy\" decoding=\"async\" class=\" alignleft size-full wp-image-27173\" style=\"margin: 4px; float: left;\" alt=\"conferenza-stampa-donvito3\" src=\"https:\/\/archiviogioia.lavocedelpaese.info\/wp-content\/uploads\/2012\/09\/conferenza-stampa-donvito3.jpg\" height=\"225\" width=\"300\" srcset=\"https:\/\/archiviogioia.lavocedelpaese.info\/wp-content\/uploads\/2012\/09\/conferenza-stampa-donvito3.jpg 756w, https:\/\/archiviogioia.lavocedelpaese.info\/wp-content\/uploads\/2012\/09\/conferenza-stampa-donvito3-300x225.jpg 300w\" sizes=\"auto, (max-width: 300px) 100vw, 300px\" \/>Conclude precisando che sui temi da discutere si \u00e8 aperti al confronto.<\/b><\/p>\n<p style=\"text-align: justify;\">\u201c<b>Avrei voluto che qualcuno<\/b>, <b>invece di montare un caso sul refuso del capitolato sul bando della piscina, ci avesse fatto notare l\u2019errore<\/b>, senza buttarcisi sopra come avvoltoi\u201d.<\/p>\n<p style=\"text-align: justify;\"><b>La battuta di Povia sulle presenza in web anche di colombe e altri tipi di volatili<\/b> ha strappato un sorriso ai presenti, <b>senza per\u00f2 riuscire pi\u00f9 di tanto a stemperare l\u2019acrimonia<\/b> dell\u2019assessore <b>Donvito<\/b>, decisamente \u201csulle corde\u201d.<\/p>\n<p>&nbsp;<\/p>\n","protected":false},"excerpt":{"rendered":"","protected":false},"author":1,"featured_media":27164,"comment_status":"open","ping_status":"closed","sticky":false,"template":"","format":"standard","meta":{"colormag_page_container_layout":"default_layout","colormag_page_sidebar_layout":"default_layout","footnotes":""},"categories":[4],"tags":[],"class_list":["post-27174","post","type-post","status-publish","format-standard","has-post-thumbnail","hentry","category-politica"],"_links":{"self":[{"href":"https:\/\/archiviogioia.lavocedelpaese.info\/index.php?rest_route=\/wp\/v2\/posts\/27174","targetHints":{"allow":["GET"]}}],"collection":[{"href":"https:\/\/archiviogioia.lavocedelpaese.info\/index.php?rest_route=\/wp\/v2\/posts"}],"about":[{"href":"https:\/\/archiviogioia.lavocedelpaese.info\/index.php?rest_route=\/wp\/v2\/types\/post"}],"author":[{"embeddable":true,"href":"https:\/\/archiviogioia.lavocedelpaese.info\/index.php?rest_route=\/wp\/v2\/users\/1"}],"replies":[{"embeddable":true,"href":"https:\/\/archiviogioia.lavocedelpaese.info\/index.php?rest_route=%2Fwp%2Fv2%2Fcomments&post=27174"}],"version-history":[{"count":0,"href":"https:\/\/archiviogioia.lavocedelpaese.info\/index.php?rest_route=\/wp\/v2\/posts\/27174\/revisions"}],"wp:featuredmedia":[{"embeddable":true,"href":"https:\/\/archiviogioia.lavocedelpaese.info\/index.php?rest_route=\/wp\/v2\/media\/27164"}],"wp:attachment":[{"href":"https:\/\/archiviogioia.lavocedelpaese.info\/index.php?rest_route=%2Fwp%2Fv2%2Fmedia&parent=27174"}],"wp:term":[{"taxonomy":"category","embeddable":true,"href":"https:\/\/archiviogioia.lavocedelpaese.info\/index.php?rest_route=%2Fwp%2Fv2%2Fcategories&post=27174"},{"taxonomy":"post_tag","embeddable":true,"href":"https:\/\/archiviogioia.lavocedelpaese.info\/index.php?rest_route=%2Fwp%2Fv2%2Ftags&post=27174"}],"curies":[{"name":"wp","href":"https:\/\/api.w.org\/{rel}","templated":true}]}}