{"id":27336,"date":"2012-09-16T08:14:02","date_gmt":"2012-09-16T08:14:02","guid":{"rendered":"https:\/\/archiviogioia.lavocedelpaese.info\/?p=27336"},"modified":"2012-09-16T08:14:02","modified_gmt":"2012-09-16T08:14:02","slug":"non-ce-piu-limite-allo-sperpero-di-denaro-pubblico-2","status":"publish","type":"post","link":"https:\/\/archiviogioia.lavocedelpaese.info\/?p=27336","title":{"rendered":"NON C\u2019E PI\u00da LIMITE ALLO SPERPERO DI DENARO PUBBLICO"},"content":{"rendered":"<p><img loading=\"lazy\" decoding=\"async\" class=\" size-full wp-image-4933\" style=\"margin-right: 2px; margin-left: 2px;\" alt=\"municipio-di-notte-pp\" src=\"https:\/\/archiviogioia.lavocedelpaese.info\/wp-content\/uploads\/2010\/10\/municipio-di-notte-pp.jpg\" height=\"150\" width=\"320\" srcset=\"https:\/\/archiviogioia.lavocedelpaese.info\/wp-content\/uploads\/2010\/10\/municipio-di-notte-pp.jpg 640w, https:\/\/archiviogioia.lavocedelpaese.info\/wp-content\/uploads\/2010\/10\/municipio-di-notte-pp-300x141.jpg 300w\" sizes=\"auto, (max-width: 320px) 100vw, 320px\" \/><\/p>\n<p><!--more--><\/p>\n<p style=\"text-align: justify;\"><img loading=\"lazy\" decoding=\"async\" class=\" alignleft size-full wp-image-24770\" style=\"margin: 4px; float: left;\" alt=\"piscina comunale\" src=\"https:\/\/archiviogioia.lavocedelpaese.info\/wp-content\/uploads\/2012\/07\/piscina_comunale.jpg\" height=\"188\" width=\"250\" srcset=\"https:\/\/archiviogioia.lavocedelpaese.info\/wp-content\/uploads\/2012\/07\/piscina_comunale.jpg 720w, https:\/\/archiviogioia.lavocedelpaese.info\/wp-content\/uploads\/2012\/07\/piscina_comunale-300x225.jpg 300w\" sizes=\"auto, (max-width: 250px) 100vw, 250px\" \/>E\u2019 davvero il caso di dire che <b>non c\u2019\u00e8 limite allo sperpero<\/b> del denaro pubblico!<\/p>\n<p style=\"text-align: justify;\"><b>Dopo aver segnalato<\/b> in un precedente articolo (<a href=\"politica\/5411-addio-rispetto-patto-di-stabilita-altri-aumenti-in-vista.html\">http:\/\/www.gioianet.it\/politica\/5411-addio-rispetto-patto-di-stabilita-altri-aumenti-in-vista.html<\/a>) <b>alcune spese che \u201cgoccia a goccia\u201d dissanguano<\/b> con piccole emorragie le risorse pubbliche e contribuiscono, nel loro piccolo, a far lievitare il disavanzo (2.879.000,00 euro a giugno, ma in netta salita), <b>scopriamo<\/b> con sgomento nell\u2019incontro tenutosi venerd\u00ec, 14 settembre, nel Chiostro tra Povia e Dino Tuccillo <b>che il famigerato debito con il Credito sportivo della Promosport poteva restare a carico del gestore<\/b> senza gravare sulla comunit\u00e0 (nell\u2019articolo in prossima pubblicazione <img loading=\"lazy\" decoding=\"async\" class=\" alignright size-full wp-image-21496\" style=\"margin: 4px; float: right;\" alt=\"povia sergio 4\" src=\"https:\/\/archiviogioia.lavocedelpaese.info\/wp-content\/uploads\/2012\/03\/povia_sergio_4.JPG\" height=\"199\" width=\"300\" srcset=\"https:\/\/archiviogioia.lavocedelpaese.info\/wp-content\/uploads\/2012\/03\/povia_sergio_4.JPG 900w, https:\/\/archiviogioia.lavocedelpaese.info\/wp-content\/uploads\/2012\/03\/povia_sergio_4-300x199.jpg 300w, https:\/\/archiviogioia.lavocedelpaese.info\/wp-content\/uploads\/2012\/03\/povia_sergio_4-768x510.jpg 768w\" sizes=\"auto, (max-width: 300px) 100vw, 300px\" \/>tutti i dettagli).<\/p>\n<p style=\"text-align: justify;\"><b>Al danno si unisce la beffa! L\u2019avvocato Caggiano &#8211; costato 1.900,00 euro<\/b> \u2013 \u00e8 stato chiamato a relazionare sulla piscina <b>perch\u00e9 il legale del Comune, l\u2019avvocato Eugenio Matarrese<\/b>, sempre a detta di Povia, <b>aveva prolungato le ferie<\/b> (e non si poteva aspettare che tornasse?), <b>ed i nostri politici si sono recati a Roma (costo 400,00 euro<\/b> \u2013 Determina 712 del 07\/09\/2012) <b>per rinegoziare<\/b> con il Credito sportivo <b>un mutuo che<\/b>, a legger bene convenzione e atti, <b>non poteva essere neanche \u201cnegoziato\u201d<\/b>.<\/p>\n<p style=\"text-align: justify;\"><b>Leggiamo a<\/b><img loading=\"lazy\" decoding=\"async\" class=\" alignleft size-full wp-image-13534\" style=\"margin: 4px; float: left;\" alt=\"sagra-mozzarella-vecchia-pp\" src=\"https:\/\/archiviogioia.lavocedelpaese.info\/wp-content\/uploads\/2011\/08\/sagra-mozzarella-vecchia-pp.jpg\" height=\"141\" width=\"300\" srcset=\"https:\/\/archiviogioia.lavocedelpaese.info\/wp-content\/uploads\/2011\/08\/sagra-mozzarella-vecchia-pp.jpg 640w, https:\/\/archiviogioia.lavocedelpaese.info\/wp-content\/uploads\/2011\/08\/sagra-mozzarella-vecchia-pp-300x141.jpg 300w\" sizes=\"auto, (max-width: 300px) 100vw, 300px\" \/><b>ncora, nella determina 711<\/b> del 7 settembre 2012 <b>che \u201cil Sindaco spesso ospita autorit\u00e0 e personalit\u00e0 illustri che visitano la nostra citt\u00e0 senza preavviso<\/b>, per cui si rende necessario effettuare con urgenza piccole spese di rappresentanza e di ospitalit\u00e0\u201d <b>e pertanto occorre mettere a sua disposizione altri 900,00 euro<\/b>.<\/p>\n<p style=\"text-align: justify;\"><b><img loading=\"lazy\" decoding=\"async\" class=\" alignright size-full wp-image-13663\" style=\"margin: 4px; float: right;\" alt=\"mozzarelle stand\" src=\"https:\/\/archiviogioia.lavocedelpaese.info\/wp-content\/uploads\/2011\/08\/mozzarelle_stand.JPG\" height=\"200\" width=\"300\" srcset=\"https:\/\/archiviogioia.lavocedelpaese.info\/wp-content\/uploads\/2011\/08\/mozzarelle_stand.JPG 640w, https:\/\/archiviogioia.lavocedelpaese.info\/wp-content\/uploads\/2011\/08\/mozzarelle_stand-300x200.jpg 300w\" sizes=\"auto, (max-width: 300px) 100vw, 300px\" \/>Ma quel che davvero lascia basiti \u00e8 vedere aggiungere agli 8.000,00 euro stanziati pe<\/b><b>r \u201cLa Festa della mozzarella e del gusto\u201d, ulteriori 1.210,00 euro per il noleggio del gruppo elettrogeno<\/b> <b>e ben 605,0<\/b><b>0 euro<\/b>, iva compresa, <b>per \u201cfornire assistenza tecnica qualificata<\/b> al fine di assicurare l\u2019eventuale pronto intervento in caso di inconvenienti elettrici che potrebbero verificarsi per l\u2019eccessivo carico di elettricit\u00e0 richiesta o per altri motivi\u201d.<\/p>\n<p style=\"text-align: justify;\">In parole povere, <b>anche in assenza di guasti, e quindi di interventi, la sola <img loading=\"lazy\" decoding=\"async\" class=\" alignleft size-full wp-image-11342\" style=\"margin: 4px; float: left;\" alt=\"gioia-panoramica-aerea\" src=\"https:\/\/archiviogioia.lavocedelpaese.info\/wp-content\/uploads\/2011\/05\/gioia-panoramica-aerea.jpg\" height=\"200\" width=\"300\" srcset=\"https:\/\/archiviogioia.lavocedelpaese.info\/wp-content\/uploads\/2011\/05\/gioia-panoramica-aerea.jpg 472w, https:\/\/archiviogioia.lavocedelpaese.info\/wp-content\/uploads\/2011\/05\/gioia-panoramica-aerea-300x200.jpg 300w\" sizes=\"auto, (max-width: 300px) 100vw, 300px\" \/>presenza della ditta individuata \u00e8 costata ben 302,50 euro per serata<\/b>.<\/p>\n<p style=\"text-align: justify;\"><b>Per non parlare dei 4.936,80 euro inseriti nella Determina 722 <\/b>del 13.09.2012, <b>spesi per \u201caffidamento incarico per <\/b><b>l\u2019espletamento del servizio di determinazione dei valori venali delle aree edificabili<\/b> nel comune di Gioia del Colle\u201d, a seguito della seguente motivazione che lascia perplessi: \u201c<b>Vista <\/b>la nota di risposta dell\u2019U.T.C. prot. n. 23230 del 7.9.2012 la quale comunicava <b>l\u2019impossibilit\u00e0 dell\u2019Ufficio Tecnico a procedere nella determinazione del <img loading=\"lazy\" decoding=\"async\" class=\" alignright size-full wp-image-13095\" style=\"margin: 4px; float: right;\" alt=\"soldi-denaro\" src=\"https:\/\/archiviogioia.lavocedelpaese.info\/wp-content\/uploads\/2011\/07\/soldi-denaro.jpg\" height=\"183\" width=\"220\" \/>valore delle aree<\/b> e proponeva di affidare l\u2019incarico al professionista p.a. Giovanni Tricase dello Studio Associato Tricase Giovanni e Giuseppe \u2013 Periti Agrari &#8211; di Conversano che ha svolto lavori simili per conto del Comune di Gioia del Colle con esiti positivi\u201d.<\/p>\n<p style=\"text-align: justify;\"><strong>E fino a ieri, come hanno fatto a verificare e calcolare il valore ai fini del pagamento dell&#8217;ICI e della prima rata dell&#8217;IMU?<\/strong><\/p>\n<p style=\"text-align: justify;\"><b>Ma con quale coraggio si chiedono sacrifici ai cittadini<\/b>, se poi si spende e si spande con tanta leggerezza? <b>Questo s\u00ec fa \u201ctremare i polsi\u201d alla citt\u00e0<\/b>!<\/p>\n<p>&nbsp;<\/p>\n","protected":false},"excerpt":{"rendered":"","protected":false},"author":1,"featured_media":4933,"comment_status":"open","ping_status":"closed","sticky":false,"template":"","format":"standard","meta":{"colormag_page_container_layout":"default_layout","colormag_page_sidebar_layout":"default_layout","footnotes":""},"categories":[4],"tags":[],"class_list":["post-27336","post","type-post","status-publish","format-standard","has-post-thumbnail","hentry","category-politica"],"_links":{"self":[{"href":"https:\/\/archiviogioia.lavocedelpaese.info\/index.php?rest_route=\/wp\/v2\/posts\/27336","targetHints":{"allow":["GET"]}}],"collection":[{"href":"https:\/\/archiviogioia.lavocedelpaese.info\/index.php?rest_route=\/wp\/v2\/posts"}],"about":[{"href":"https:\/\/archiviogioia.lavocedelpaese.info\/index.php?rest_route=\/wp\/v2\/types\/post"}],"author":[{"embeddable":true,"href":"https:\/\/archiviogioia.lavocedelpaese.info\/index.php?rest_route=\/wp\/v2\/users\/1"}],"replies":[{"embeddable":true,"href":"https:\/\/archiviogioia.lavocedelpaese.info\/index.php?rest_route=%2Fwp%2Fv2%2Fcomments&post=27336"}],"version-history":[{"count":0,"href":"https:\/\/archiviogioia.lavocedelpaese.info\/index.php?rest_route=\/wp\/v2\/posts\/27336\/revisions"}],"wp:featuredmedia":[{"embeddable":true,"href":"https:\/\/archiviogioia.lavocedelpaese.info\/index.php?rest_route=\/wp\/v2\/media\/4933"}],"wp:attachment":[{"href":"https:\/\/archiviogioia.lavocedelpaese.info\/index.php?rest_route=%2Fwp%2Fv2%2Fmedia&parent=27336"}],"wp:term":[{"taxonomy":"category","embeddable":true,"href":"https:\/\/archiviogioia.lavocedelpaese.info\/index.php?rest_route=%2Fwp%2Fv2%2Fcategories&post=27336"},{"taxonomy":"post_tag","embeddable":true,"href":"https:\/\/archiviogioia.lavocedelpaese.info\/index.php?rest_route=%2Fwp%2Fv2%2Ftags&post=27336"}],"curies":[{"name":"wp","href":"https:\/\/api.w.org\/{rel}","templated":true}]}}