{"id":2803,"date":"2010-06-26T05:19:19","date_gmt":"2010-06-26T05:19:19","guid":{"rendered":"https:\/\/archiviogioia.lavocedelpaese.info\/?p=2803"},"modified":"2010-06-26T05:19:19","modified_gmt":"2010-06-26T05:19:19","slug":"la-musica-per-dare-un-senso-a-la-notizia-perduta","status":"publish","type":"post","link":"https:\/\/archiviogioia.lavocedelpaese.info\/?p=2803","title":{"rendered":"LA MUSICA PER DARE UN SENSO A \u201cLA NOTIZIA PERDUTA\u201d"},"content":{"rendered":"<p><img loading=\"lazy\" decoding=\"async\" class=\" size-full wp-image-2795\" alt=\"gruppo-ugo-rubini\" src=\"https:\/\/archiviogioia.lavocedelpaese.info\/wp-content\/uploads\/2010\/06\/gruppo-ugo-rubini.jpg\" width=\"320\" height=\"150\" srcset=\"https:\/\/archiviogioia.lavocedelpaese.info\/wp-content\/uploads\/2010\/06\/gruppo-ugo-rubini.jpg 320w, https:\/\/archiviogioia.lavocedelpaese.info\/wp-content\/uploads\/2010\/06\/gruppo-ugo-rubini-300x141.jpg 300w\" sizes=\"auto, (max-width: 320px) 100vw, 320px\" \/> <\/p>\n<p><!--more--><\/p>\n<p style=\"text-align: justify;\"><strong><img loading=\"lazy\" decoding=\"async\" class=\" alignleft size-full wp-image-2796\" style=\"margin: 4px; float: left;\" alt=\"ugo-rubini\" src=\"https:\/\/archiviogioia.lavocedelpaese.info\/wp-content\/uploads\/2010\/06\/ugo-rubini.jpg\" width=\"200\" height=\"148\" srcset=\"https:\/\/archiviogioia.lavocedelpaese.info\/wp-content\/uploads\/2010\/06\/ugo-rubini.jpg 719w, https:\/\/archiviogioia.lavocedelpaese.info\/wp-content\/uploads\/2010\/06\/ugo-rubini-300x222.jpg 300w\" sizes=\"auto, (max-width: 200px) 100vw, 200px\" \/>Gioved\u00ec 24 giugno 2010, Spazio UnoTre<\/strong> \u2013 tramite l\u2019organizzazione dell\u2019<strong>Associazioni Polifonie<\/strong>, <st1:personname productid=\"la Libreria Minerva\" w:st=\"on\">la <strong>Libreria Minerva<\/strong><\/st1:personname>, il <strong>Presidio del Libro<\/strong> di Gioia e l\u2019<strong>Assessorato al Mediterraneo<\/strong> della Regione Puglia \u2013 ha <strong>ospitato la prosa di Ugo Rubini<\/strong>, germanista e scrittore illustre.<\/p>\n<div style=\"text-align: justify;\"><\/div>\n<p style=\"text-align: justify;\"><strong>Il libro \u2013 intitolato \u201cLa notizia perduta\u201d \u2013 ha al centro un <img loading=\"lazy\" decoding=\"async\" class=\" alignright size-full wp-image-2797\" style=\"margin: 4px; float: right;\" alt=\"la-notizia-perduta\" src=\"https:\/\/archiviogioia.lavocedelpaese.info\/wp-content\/uploads\/2010\/06\/la-notizia-perduta.jpg\" width=\"192\" height=\"90\" srcset=\"https:\/\/archiviogioia.lavocedelpaese.info\/wp-content\/uploads\/2010\/06\/la-notizia-perduta.jpg 320w, https:\/\/archiviogioia.lavocedelpaese.info\/wp-content\/uploads\/2010\/06\/la-notizia-perduta-300x141.jpg 300w\" sizes=\"auto, (max-width: 192px) 100vw, 192px\" \/>incontro magico<\/strong> fra il protagonista, giovane trentenne nato negli anni \u201930 del Novecento, ed una donna del suo passato, Caterina, avvenuto in Germania, e che ha il potere di far rivivere al protagonista, alter-ego dello stesso Rubini, i ricordi alla luce del presente.<\/p>\n<div style=\"text-align: justify;\"><\/div>\n<p style=\"text-align: justify;\"><strong><img loading=\"lazy\" decoding=\"async\" class=\" alignleft size-full wp-image-2798\" style=\"margin: 4px; float: left;\" alt=\"gruppo-relatori\" src=\"https:\/\/archiviogioia.lavocedelpaese.info\/wp-content\/uploads\/2010\/06\/gruppo-relatori.jpg\" width=\"269\" height=\"151\" srcset=\"https:\/\/archiviogioia.lavocedelpaese.info\/wp-content\/uploads\/2010\/06\/gruppo-relatori.jpg 719w, https:\/\/archiviogioia.lavocedelpaese.info\/wp-content\/uploads\/2010\/06\/gruppo-relatori-300x169.jpg 300w\" sizes=\"auto, (max-width: 269px) 100vw, 269px\" \/>Di sottofondo la presenza costante della musica<\/strong> che \u00e8, d\u2019altronde, il filo-conduttore del romanzo. Il suono del <strong>pianoforte<\/strong> e del <strong>violino<\/strong> diventa la colonna sonora di tutto un passato interiore, un passato dagli stati d\u2019animo sospesi e inafferrabili.<\/p>\n<div style=\"text-align: justify;\"><\/div>\n<p style=\"text-align: justify;\"><strong>Il professor Rubini<\/strong>, infatti, ad un certo punto, <strong>afferma<\/strong> a gran voce: \u201c<strong>La musica mi ha dato la possibilit\u00e0 di dare al mio libro un senso<\/strong>\u2026 . Per me \u00e8 un linguaggio supremo che va al di l\u00e0 delle parole stesse. Se io avessi saputo suonare, forse, non avrei scritto romanzi nella mia vita!\u201d.<\/p>\n<div style=\"text-align: justify;\"><\/div>\n<p style=\"text-align: justify;\"><strong><img loading=\"lazy\" decoding=\"async\" class=\" alignleft size-full wp-image-2799\" style=\"margin: 4px; float: left;\" alt=\"duo\" src=\"https:\/\/archiviogioia.lavocedelpaese.info\/wp-content\/uploads\/2010\/06\/duo.jpg\" width=\"200\" height=\"160\" srcset=\"https:\/\/archiviogioia.lavocedelpaese.info\/wp-content\/uploads\/2010\/06\/duo.jpg 720w, https:\/\/archiviogioia.lavocedelpaese.info\/wp-content\/uploads\/2010\/06\/duo-300x240.jpg 300w\" sizes=\"auto, (max-width: 200px) 100vw, 200px\" \/><img loading=\"lazy\" decoding=\"async\" class=\" alignright size-full wp-image-2800\" style=\"margin: 4px; float: right;\" alt=\"taranto-chitarra\" src=\"https:\/\/archiviogioia.lavocedelpaese.info\/wp-content\/uploads\/2010\/06\/taranto-chitarra.jpg\" width=\"100\" height=\"151\" srcset=\"https:\/\/archiviogioia.lavocedelpaese.info\/wp-content\/uploads\/2010\/06\/taranto-chitarra.jpg 476w, https:\/\/archiviogioia.lavocedelpaese.info\/wp-content\/uploads\/2010\/06\/taranto-chitarra-198x300.jpg 198w\" sizes=\"auto, (max-width: 100px) 100vw, 100px\" \/>A condire il tutto<\/strong>, infatti, <strong>intensi interludi musicali<\/strong> dati dai violini di <strong>Francesco Lamanna<\/strong> e <strong>Pietro Cicolecchia<\/strong>, e dalla chitarra di <strong>Antonio Taranto<\/strong>. \u00c8 come se il protagonista del romanzo fosse \u201c<strong>alla ricerca del tempo perduto<\/strong>\u201d, detta con Proust; \u00e8 come se fosse alla ricerca di un senso, alla ricerca dei pezzi per costruire o ricostruire il puzzle della vita; \u00e8 come se, a tratti, si perdesse in quei labirinti.<\/p>\n<div style=\"text-align: justify;\"><\/div>\n<p style=\"text-align: justify;\"><strong>\u201cSprofondato nel passato non capivo dove fosse il bianco e il nero<\/strong> [\u2026] Si mescolavano le carte dei significati, le pi\u00f9 elementari certezze si sgretolavano. La ricerca della Libert\u00e0 si trasform\u00f2 in un senso di responsabilit\u00e0. La stessa cosa accadeva anche agli adulti costretti a limitare la propria libert\u00e0. Uccelli neri che cancellavano sul nascere il desiderio di volare [\u2026]\u201d, cos\u00ec ad un certo punto dell\u2019incontro ci incanta l\u2019attrice <strong>Maria Campanelli<\/strong> leggendo vari passi, tra i pi\u00f9 <strong><img loading=\"lazy\" decoding=\"async\" class=\" size-full wp-image-2801\" style=\"margin: 4px; float:  left;\" alt=\"lettura-libro-ugo-rubini2\" src=\"https:\/\/archiviogioia.lavocedelpaese.info\/wp-content\/uploads\/2010\/06\/lettura-libro-ugo-rubini2.jpg\" width=\"119\" height=\"162\" srcset=\"https:\/\/archiviogioia.lavocedelpaese.info\/wp-content\/uploads\/2010\/06\/lettura-libro-ugo-rubini2.jpg 529w, https:\/\/archiviogioia.lavocedelpaese.info\/wp-content\/uploads\/2010\/06\/lettura-libro-ugo-rubini2-220x300.jpg 220w\" sizes=\"auto, (max-width: 119px) 100vw, 119px\" \/><\/strong>significativi, del libro.<\/p>\n<div style=\"text-align: justify;\"><\/div>\n<p style=\"text-align: justify;\"><strong><img loading=\"lazy\" decoding=\"async\" class=\" alignright size-full wp-image-2802\" style=\"margin: 4px; float: right;\" alt=\"lettura-libro\" src=\"https:\/\/archiviogioia.lavocedelpaese.info\/wp-content\/uploads\/2010\/06\/lettura-libro.jpg\" width=\"146\" height=\"266\" srcset=\"https:\/\/archiviogioia.lavocedelpaese.info\/wp-content\/uploads\/2010\/06\/lettura-libro.jpg 395w, https:\/\/archiviogioia.lavocedelpaese.info\/wp-content\/uploads\/2010\/06\/lettura-libro-165x300.jpg 165w\" sizes=\"auto, (max-width: 146px) 100vw, 146px\" \/>Trattasi di una prosa poetica<\/strong>, perch\u00e9 come afferma <strong>Orietta Limitone<\/strong>, \u201cva a fondo, <strong>pronta ad emozionarci<\/strong> come se fossimo davanti ad una lirica\u201d. E alla domanda della stessa in riguardo al ruolo che ha avuto il contesto storico sulla scrittura del libro, il professor Rubini risponde: \u201cIn realt\u00e0 il libro nasce con il desiderio di recuperare quello che a trent\u2019anni non si pu\u00f2 capire. Se la storia individuale viene poi collegata ad una storia collettiva, la prima acquista maggiore valore. [\u2026] Erano gli anni della guerra di Etiopia, della guerra Mondiale \u2026\u201d.<\/p>\n<div style=\"text-align: justify;\"><\/div>\n<p style=\"text-align: justify;\"><strong>Parla, in<\/strong><strong>oltre, della Riforma Agraria di quegli anni<\/strong>, perch\u00e9 Gravina (sua Terra d\u2019origine &#8211; ndr) era uno<strong><img loading=\"lazy\" decoding=\"async\" class=\" size-full wp-image-567\" style=\"margin: 4px; float:  left;\" alt=\"mario_pugliese\" src=\"https:\/\/archiviogioia.lavocedelpaese.info\/wp-content\/uploads\/2010\/02\/mario_pugliese.jpg\" width=\"108\" height=\"139\" srcset=\"https:\/\/archiviogioia.lavocedelpaese.info\/wp-content\/uploads\/2010\/02\/mario_pugliese.jpg 256w, https:\/\/archiviogioia.lavocedelpaese.info\/wp-content\/uploads\/2010\/02\/mario_pugliese-233x300.jpg 233w\" sizes=\"auto, (max-width: 108px) 100vw, 108px\" \/><\/strong> dei posti in cui l\u2019occupazione fu particolarmente cruenta, e dove l\u2019ingiustizia verso un ceto emarginato la si vedeva.<\/p>\n<p style=\"text-align: justify;\"><strong>Squilibri, instabilit\u00e0, ingiustizie, sono termini ricorrenti nel suo discorso<\/strong>. Si ebbe \u2013 come dimostra la lettura di alcune pagine di Maria Campanelli \u2013 \u201cl\u2019impressione che la libert\u00e0 fosse a portata di mano\u201d.<\/p>\n<div style=\"text-align: justify;\"><\/div>\n<p style=\"text-align: justify;\"><strong>L\u2019incontro si conclude con un emblematico proverbio<\/strong> egiziano, \u201c<strong>La notizia perduta cercala tra le donne<\/strong>\u201d, e con un doveroso grazie all\u2019ospitalit\u00e0 sempre attenta di <strong>Mario Pugliese<\/strong>.<\/p>\n<p style=\"text-align: justify;\">Si ringrazia <strong>Fabio Gugliersi <\/strong>per aver messo a disposizione della nostra redazione i suoi preziosi scatti fotografici.<\/p>\n","protected":false},"excerpt":{"rendered":"","protected":false},"author":1,"featured_media":2795,"comment_status":"open","ping_status":"closed","sticky":false,"template":"","format":"standard","meta":{"colormag_page_container_layout":"default_layout","colormag_page_sidebar_layout":"default_layout","footnotes":""},"categories":[6],"tags":[],"class_list":["post-2803","post","type-post","status-publish","format-standard","has-post-thumbnail","hentry","category-cultura"],"_links":{"self":[{"href":"https:\/\/archiviogioia.lavocedelpaese.info\/index.php?rest_route=\/wp\/v2\/posts\/2803","targetHints":{"allow":["GET"]}}],"collection":[{"href":"https:\/\/archiviogioia.lavocedelpaese.info\/index.php?rest_route=\/wp\/v2\/posts"}],"about":[{"href":"https:\/\/archiviogioia.lavocedelpaese.info\/index.php?rest_route=\/wp\/v2\/types\/post"}],"author":[{"embeddable":true,"href":"https:\/\/archiviogioia.lavocedelpaese.info\/index.php?rest_route=\/wp\/v2\/users\/1"}],"replies":[{"embeddable":true,"href":"https:\/\/archiviogioia.lavocedelpaese.info\/index.php?rest_route=%2Fwp%2Fv2%2Fcomments&post=2803"}],"version-history":[{"count":0,"href":"https:\/\/archiviogioia.lavocedelpaese.info\/index.php?rest_route=\/wp\/v2\/posts\/2803\/revisions"}],"wp:featuredmedia":[{"embeddable":true,"href":"https:\/\/archiviogioia.lavocedelpaese.info\/index.php?rest_route=\/wp\/v2\/media\/2795"}],"wp:attachment":[{"href":"https:\/\/archiviogioia.lavocedelpaese.info\/index.php?rest_route=%2Fwp%2Fv2%2Fmedia&parent=2803"}],"wp:term":[{"taxonomy":"category","embeddable":true,"href":"https:\/\/archiviogioia.lavocedelpaese.info\/index.php?rest_route=%2Fwp%2Fv2%2Fcategories&post=2803"},{"taxonomy":"post_tag","embeddable":true,"href":"https:\/\/archiviogioia.lavocedelpaese.info\/index.php?rest_route=%2Fwp%2Fv2%2Ftags&post=2803"}],"curies":[{"name":"wp","href":"https:\/\/api.w.org\/{rel}","templated":true}]}}