{"id":28325,"date":"2012-10-05T05:31:47","date_gmt":"2012-10-05T05:31:47","guid":{"rendered":"https:\/\/archiviogioia.lavocedelpaese.info\/?p=28325"},"modified":"2012-10-05T05:31:47","modified_gmt":"2012-10-05T05:31:47","slug":"vito-mastrovito-il-comune-eroga-servizi-non-profitto-foto-3","status":"publish","type":"post","link":"https:\/\/archiviogioia.lavocedelpaese.info\/?p=28325","title":{"rendered":"MASTROVITO: \u201cCOMUNE EROGA SERVIZI, NON PROFITTO\u201d-foto"},"content":{"rendered":"<p><img loading=\"lazy\" decoding=\"async\" class=\" size-full wp-image-28311\" style=\"margin-right: 2px; margin-left: 2px;\" alt=\"michele-pavone-bene-comune-pp\" src=\"https:\/\/archiviogioia.lavocedelpaese.info\/wp-content\/uploads\/2012\/10\/michele-pavone-bene-comune-pp.png\" height=\"150\" width=\"320\" srcset=\"https:\/\/archiviogioia.lavocedelpaese.info\/wp-content\/uploads\/2012\/10\/michele-pavone-bene-comune-pp.png 640w, https:\/\/archiviogioia.lavocedelpaese.info\/wp-content\/uploads\/2012\/10\/michele-pavone-bene-comune-pp-300x141.png 300w\" sizes=\"auto, (max-width: 320px) 100vw, 320px\" \/><\/p>\n<p><!--more--><\/p>\n<p style=\"text-align: justify;\"><img loading=\"lazy\" decoding=\"async\" class=\" alignleft size-full wp-image-28312\" style=\"margin: 4px; float: left;\" alt=\"bene comune bandiere\" src=\"https:\/\/archiviogioia.lavocedelpaese.info\/wp-content\/uploads\/2012\/10\/bene_comune_bandiere.jpg\" height=\"299\" width=\"200\" srcset=\"https:\/\/archiviogioia.lavocedelpaese.info\/wp-content\/uploads\/2012\/10\/bene_comune_bandiere.jpg 343w, https:\/\/archiviogioia.lavocedelpaese.info\/wp-content\/uploads\/2012\/10\/bene_comune_bandiere-201x300.jpg 201w\" sizes=\"auto, (max-width: 200px) 100vw, 200px\" \/>Una soluzione per risanare le casse del Comune e ridurre l\u2019accanimento fiscale c\u2019\u00e8, ed a proporla \u00e8 <b>Vito Mastrovito<\/b>, <b>assessore al Bilancio dal \u201995 al 2004.<\/b> Nel primo \u201cmandato Povia\u201d il professore e l\u2019allora giunta salvarono dal dissesto <b>Gioia, oppressa da ben 14 miliardi di lire di debiti non riconosciuti<\/b> &#8211; una situazione a dir poco catastrofica &#8211; senza infierire sui cittadini e senza ridurre i servizi.<\/p>\n<p style=\"text-align: justify;\">L\u2019esperienza politico &#8211; amministrativa conclusasi nell\u2019ottobre del 2007 con l\u2019arrivo del commissario Palomba, non ha mai \u201cminato\u201d la stima e la fiducia accordata dai gioiesi ad un amministratore serio ed attento alle esigenze della citt\u00e0, a suo tempo tradito da chi pi\u00f9 aveva aiutato in quel decennio. Nell\u2019incontro \u201c<b>Gli impegni futuri della nostra Coalizione: L\u2019opposizione del bene comune tra tributi e vivibilit\u00e0 a Gioia del Colle<\/b>\u201d, organizzato dalla coalizione \u201c<b>Per il bene comune<\/b>\u201d e moderato da <b>Maria Cristina De Carlo<\/b>, insieme a <b>Vito Mastrovito<\/b> sono scesi in campo <b>Enzo Cuscito<\/b>, <b>Vito Vinci<\/b> (<a href=\"politica\/5496-svelati-gli-scheletri-nellarmadio-da-vito-vinci-video.html\">http:\/\/www.gioianet.it\/politica\/5496-svelati-gli-scheletri-nellarmadio-da-vito-vinci-video.html<\/a>), ed un altro ex assessore, <b>Michele Pavone<\/b>, passato alla storia per aver <img loading=\"lazy\" decoding=\"async\" class=\" alignright size-full wp-image-28314\" style=\"margin: 4px; float: right;\" alt=\"vito mastrovito2 bene comune\" src=\"https:\/\/archiviogioia.lavocedelpaese.info\/wp-content\/uploads\/2012\/10\/vito_mastrovito2_bene_comune.jpg\" height=\"214\" width=\"320\" srcset=\"https:\/\/archiviogioia.lavocedelpaese.info\/wp-content\/uploads\/2012\/10\/vito_mastrovito2_bene_comune.jpg 720w, https:\/\/archiviogioia.lavocedelpaese.info\/wp-content\/uploads\/2012\/10\/vito_mastrovito2_bene_comune-300x201.jpg 300w\" sizes=\"auto, (max-width: 320px) 100vw, 320px\" \/>contribuito in prima persona e di tasca propria al sostegno dei Servizi sociali in uno dei periodi pi\u00f9 dolorosi e disastrati per il terzo settore.<\/p>\n<p style=\"text-align: justify;\">Nei mesi scorsi <b>Mastrovito<\/b> ha abbandonato il silenzio e <b>in una video intervista rilasciata a GioiaNet ha anche svelato i retroscena e le motivazioni che portarono alle \u201cIdi\u201d di ottobre nel 2007<\/b> (<a href=\"politica\/4381-le-verita-di-vito-mastrovito-e-castellaneta-video-.html\"><\/a><a href=\"politica\/4381-le-verita-di-vito-mastrovito-e-castellaneta-video-.html\">http:\/\/www.gioianet.it\/politica\/4381-le-verita-di-vito-mastrovito-e-castellaneta-video-.html<\/a>).<\/p>\n<p style=\"text-align: justify;\"><b><img loading=\"lazy\" decoding=\"async\" class=\" alignleft size-full wp-image-28315\" style=\"margin: 4px; float: left;\" alt=\"bene comune pubblico2\" src=\"https:\/\/archiviogioia.lavocedelpaese.info\/wp-content\/uploads\/2012\/10\/bene_comune_pubblico2.jpg\" height=\"214\" width=\"320\" srcset=\"https:\/\/archiviogioia.lavocedelpaese.info\/wp-content\/uploads\/2012\/10\/bene_comune_pubblico2.jpg 720w, https:\/\/archiviogioia.lavocedelpaese.info\/wp-content\/uploads\/2012\/10\/bene_comune_pubblico2-300x201.jpg 300w\" sizes=\"auto, (max-width: 320px) 100vw, 320px\" \/>\u201cL\u2019azienda ha profitti e utili &#8211; afferma<\/b> <b>Mastrovito<\/b> nel corso del dibattito -, <b>il Comune \u00e8 un\u2019impresa che eroga servizi, non cerca profitto<\/b>. Deve, perci\u00f2, individuare i servizi prioritari, farne una graduatoria e reperire le risorse necessarie per sostenerli ed offrirli. <b>Il passo successivo \u00e8 il controllo rigido della spesa<\/b>, parola senza senso per buona parte della classe politica. Ne \u00e8 esempio l\u2019utilizzo dei <b>35mila euro ricavati da una imposizione secca<\/b> quale \u00e8 l\u2019Irpef, <b>destinati ad una sola persona per consulenze<\/b>. <b>I 100mila euro sottratti alle tasche dei contribuenti <\/b>a basso reddito con questa tassazione,<b> sono serviti per finanziare feste e garantire consulenze, <\/b>e in <img loading=\"lazy\" decoding=\"async\" class=\" alignright size-full wp-image-28316\" style=\"margin: 4px; float: right;\" alt=\"vito mastrovito bene comune\" src=\"https:\/\/archiviogioia.lavocedelpaese.info\/wp-content\/uploads\/2012\/10\/vito_mastrovito_bene_comune.jpg\" height=\"245\" width=\"320\" srcset=\"https:\/\/archiviogioia.lavocedelpaese.info\/wp-content\/uploads\/2012\/10\/vito_mastrovito_bene_comune.jpg 640w, https:\/\/archiviogioia.lavocedelpaese.info\/wp-content\/uploads\/2012\/10\/vito_mastrovito_bene_comune-300x229.jpg 300w\" sizes=\"auto, (max-width: 320px) 100vw, 320px\" \/>tempi di crisi non sono scelte ammissibili<b>.<\/b> Un segnale positivo <b>sarebbe stato <\/b>rinunciare a queste spese e<b> destinare la somma all\u2019assistenza agli anziani, al trasporto, alla mensa&#8230;\u201d.<\/b><\/p>\n<p style=\"text-align: justify;\"><b>\u201c<\/b>Quella attuale \u00e8 la gestione di una Amministrazione che vive alla giornata. L\u2019Ente locale \u00e8 diventato una azienda &#8211; continua <b>Vito Mastrovito<\/b> -, <b>gli azionisti sono i consiglieri che siedono nel Consiglio comunale ed avendoci messo di proprio 200, 300 voti, esigono il profitto per distribuire gli utili.\u201d<\/b><\/p>\n<p style=\"text-align: justify;\">\u201c<b>Se nel \u201995 non avessi pensato di essere stato chiamato ad amministrare la cosa pubblica<\/b> per offrire servizi, non ci saremmo rimboccati <img loading=\"lazy\" decoding=\"async\" class=\" alignleft size-full wp-image-28318\" style=\"margin: 4px; float: left;\" alt=\"paolo covella-de bellis\" src=\"https:\/\/archiviogioia.lavocedelpaese.info\/wp-content\/uploads\/2012\/10\/paolo_covella-de_bellis.jpg\" height=\"214\" width=\"320\" srcset=\"https:\/\/archiviogioia.lavocedelpaese.info\/wp-content\/uploads\/2012\/10\/paolo_covella-de_bellis.jpg 720w, https:\/\/archiviogioia.lavocedelpaese.info\/wp-content\/uploads\/2012\/10\/paolo_covella-de_bellis-300x201.jpg 300w\" sizes=\"auto, (max-width: 320px) 100vw, 320px\" \/>le maniche fissando delle priorit\u00e0 a garanzia degli stessi, utilizzando con oculatezza le entrate previste di 8 miliardi. <b>Non abbiamo n\u00e9 eliminato, n\u00e9 ridotto servizi<\/b>, non abbiamo aumentato le tasse e abbiamo realizzato transazioni per chiudere contenziosi\u2026 e questo si pu\u00f2 fare anche oggi senza spremere come un limone il povero cittadino! <b>E\u2019 pur vero che non avevamo n\u00e9 \u201ccambiali\u201d n\u00e9 \u201cazionisti\u201d in quella situazione debitoria e forse anche per questo in un anno siamo riusciti a tornare in pareggio<\/b>.\u201d<\/p>\n<p style=\"text-align: justify;\">\u201cLa prima regola &#8211; conclude l\u2019ex sindaco &#8211; <b>\u00e8 evitare il superfluo e governare l\u2019entrata<\/b>. L\u2019aumento dell\u2019<b>IMU<\/b> \u00e8 un grosso problema\u2026 le entrate sono in funzione della crescita, <b>se serviranno per spese di rappresentanza, segreterie e consulenze varie<\/b>, s<b><img loading=\"lazy\" decoding=\"async\" class=\" alignright size-full wp-image-26773\" style=\"margin: 4px; float: right;\" alt=\"imu 2012\" src=\"https:\/\/archiviogioia.lavocedelpaese.info\/wp-content\/uploads\/2012\/09\/imu_2012.jpg\" height=\"234\" width=\"250\" srcset=\"https:\/\/archiviogioia.lavocedelpaese.info\/wp-content\/uploads\/2012\/09\/imu_2012.jpg 320w, https:\/\/archiviogioia.lavocedelpaese.info\/wp-content\/uploads\/2012\/09\/imu_2012-300x281.jpg 300w\" sizes=\"auto, (max-width: 250px) 100vw, 250px\" \/><\/b>i \u00e8 alla negazione della funzione dell\u2019Amministrazione.\u201d<\/p>\n<p style=\"text-align: justify;\"><b>Michele Pavone<\/b> ne condivide il pensiero, la sua percezione &#8211; in particolare nel settore dei Servizi sociali &#8211; \u00e8 di grande disorientamento.<\/p>\n<p style=\"text-align: justify;\">\u201cVedo tanta superficialit\u00e0 e confusione! <b>Opposizione e minoranza su questo tema si dovrebbero confrontare, non basta dire \u201cCi sono pochi soldi!\u201d<\/b>. E anche se cos\u00ec fosse, ci sono gli strumenti per assicurare i servizi essenziali. <b>L\u2019aumento delle tasse \u00e8 direttamente proporzionale all\u2019aumento del disagio sociale,<\/b> la proposta pi\u00f9 semplice \u00e8 stanziare una forbice tra il 10 e il 15% di tutte le entrate rivenienti da Irpef e IMU da destinarsi ai Servizi sociali. <b>Occorre poi una programmazione seria, applicare i Piani di zona, usare i fondi regionali, creare luoghi di incontro, formazione e informazione <\/b><b>per le associazioni.<\/b> Pensiamo a qualcosa di nuovo\u2026 Abbiamo tanto criticato Longo in passato per la LUM, destiniamo questa struttura<b><img loading=\"lazy\" decoding=\"async\" class=\" alignleft size-full wp-image-28321\" style=\"margin: 4px; float: left;\" alt=\"carosello e filmato epoca\" src=\"https:\/\/archiviogioia.lavocedelpaese.info\/wp-content\/uploads\/2012\/10\/carosello_e_filmato_epoca.jpg\" height=\"214\" width=\"320\" srcset=\"https:\/\/archiviogioia.lavocedelpaese.info\/wp-content\/uploads\/2012\/10\/carosello_e_filmato_epoca.jpg 720w, https:\/\/archiviogioia.lavocedelpaese.info\/wp-content\/uploads\/2012\/10\/carosello_e_filmato_epoca-300x201.jpg 300w\" sizes=\"auto, (max-width: 320px) 100vw, 320px\" \/><\/b> alla comunit\u00e0.\u201d<\/p>\n<p style=\"text-align: justify;\"><b>Ben altra \u201csperanza\u201d viveva Gioia tra il 17 e 18 agosto del 1963<\/b>, anno in cui un anonimo videoamatore &#8211; probabilmente un gioiese residente altrove ed in vacanza &#8211; registra il filmato proiettato nel corso delle due serate della festa. Un\u2019opera amatoriale inedita, <b>custodita negli archivi della RAI<\/b>, restaurata, sonorizzata e portata a Gioia da <b>Franco Gisotti<\/b>. L\u2019ignoto autore filma la festa di San Rocco e raccoglie testimonianze nel centro storico, in Piazza Plebiscito, via Cavour e in altri angoli di Gioia.<\/p>\n<p style=\"text-align: justify;\">Il video viene inviato negli anni \u201984 e \u201985 a \u201c<b>La nostra vita<\/b>\u201d, trasmissione che ripropone testimonianze amatoriali del passato. <b>In 34 minuti l\u2019autore riesce a racchiudere l\u2019essenza della gioiesit\u00e0.<\/b> Il suo sguardo attento sfiora e \u201caccarezza\u201d volti, strade e borghi<img loading=\"lazy\" decoding=\"async\" class=\" alignright size-full wp-image-28322\" style=\"margin: 4px; float: right;\" alt=\"bene comune pubblico1\" src=\"https:\/\/archiviogioia.lavocedelpaese.info\/wp-content\/uploads\/2012\/10\/bene_comune_pubblico1.jpg\" height=\"214\" width=\"320\" srcset=\"https:\/\/archiviogioia.lavocedelpaese.info\/wp-content\/uploads\/2012\/10\/bene_comune_pubblico1.jpg 720w, https:\/\/archiviogioia.lavocedelpaese.info\/wp-content\/uploads\/2012\/10\/bene_comune_pubblico1-300x201.jpg 300w\" sizes=\"auto, (max-width: 320px) 100vw, 320px\" \/>, sembra quasi voler portar via con s\u00e9, insieme alle immagini, lo spirito della citt\u00e0 per poterne riassaporare la bellezza nei momenti di nostalgia.<\/p>\n<p style=\"text-align: justify;\">Uno sguardo \u201cinnamorato\u201d, silenzioso, senza parole, accompagnato da una musica altrettanto suggestiva e sottotitolato da parole in dialetto suggerite da <b>Seldina Matarrese<\/b> &#8211; autrice con <b>Vito Celiberti<\/b> del libro \u201c<b>Il cuore antico di Gioia del Colle<\/b>\u201d, raccolta di proverbi e detti vari in vernacolo gioiese.<\/p>\n<p style=\"text-align: justify;\"><b>Di questa proiezione<\/b>, grazie al paziente e prezioso impegno di <b>Maria Castellaneta<\/b>, <b>propo<\/b><b>niamo delle foto, un deja-vu che riporter\u00e0 negli anni in cui il miracolo italiano era pi\u00f9 di una speranza e la percezione della citt\u00e0 &#8211; pensata a misura dei cittadini &#8211; era ancora legata ad un forte senso di appartenenza.<\/b><\/p>\n<p><object type=\"application\/x-shockwave-flash\" width=\"660\" height=\"660\" flashvars=\"host=picasaweb.google.com&amp;hl=it&amp;feat=flashalbum&amp;RGB=0x000000&amp;feed=https:\/\/picasaweb.google.com\/data\/feed\/api\/user\/104626251937098962566\/albumid\/5795723796700218753?alt=rss&amp;kind=photo&amp;authkey=Gv1sRgCJfJ7oOMtNySHA&amp;hl=it\" pluginspage=\"http:\/\/www.macromedia.com\/go\/getflashplayer\" data=\"https:\/\/picasaweb.google.com\/s\/c\/bin\/slideshow.swf\"><param name=\"movie\" value=\"https:\/\/picasaweb.google.com\/s\/c\/bin\/slideshow.swf\" \/><\/object> <object type=\"application\/x-shockwave-flash\" width=\"660\" height=\"660\" flashvars=\"host=picasaweb.google.com&amp;hl=it&amp;feat=flashalbum&amp;RGB=0x000000&amp;feed=https:\/\/picasaweb.google.com\/data\/feed\/api\/user\/104626251937098962566\/albumid\/5795719634190119201?alt=rss&amp;kind=photo&amp;authkey=Gv1sRgCKqf-4jMvrWpywE&amp;hl=it\" pluginspage=\"http:\/\/www.macromedia.com\/go\/getflashplayer\" data=\"https:\/\/picasaweb.google.com\/s\/c\/bin\/slideshow.swf\"><param name=\"movie\" value=\"https:\/\/picasaweb.google.com\/s\/c\/bin\/slideshow.swf\" \/><\/object><\/p>\n","protected":false},"excerpt":{"rendered":"","protected":false},"author":1,"featured_media":28311,"comment_status":"open","ping_status":"closed","sticky":false,"template":"","format":"standard","meta":{"colormag_page_container_layout":"default_layout","colormag_page_sidebar_layout":"default_layout","footnotes":""},"categories":[4],"tags":[],"class_list":["post-28325","post","type-post","status-publish","format-standard","has-post-thumbnail","hentry","category-politica"],"_links":{"self":[{"href":"https:\/\/archiviogioia.lavocedelpaese.info\/index.php?rest_route=\/wp\/v2\/posts\/28325","targetHints":{"allow":["GET"]}}],"collection":[{"href":"https:\/\/archiviogioia.lavocedelpaese.info\/index.php?rest_route=\/wp\/v2\/posts"}],"about":[{"href":"https:\/\/archiviogioia.lavocedelpaese.info\/index.php?rest_route=\/wp\/v2\/types\/post"}],"author":[{"embeddable":true,"href":"https:\/\/archiviogioia.lavocedelpaese.info\/index.php?rest_route=\/wp\/v2\/users\/1"}],"replies":[{"embeddable":true,"href":"https:\/\/archiviogioia.lavocedelpaese.info\/index.php?rest_route=%2Fwp%2Fv2%2Fcomments&post=28325"}],"version-history":[{"count":0,"href":"https:\/\/archiviogioia.lavocedelpaese.info\/index.php?rest_route=\/wp\/v2\/posts\/28325\/revisions"}],"wp:featuredmedia":[{"embeddable":true,"href":"https:\/\/archiviogioia.lavocedelpaese.info\/index.php?rest_route=\/wp\/v2\/media\/28311"}],"wp:attachment":[{"href":"https:\/\/archiviogioia.lavocedelpaese.info\/index.php?rest_route=%2Fwp%2Fv2%2Fmedia&parent=28325"}],"wp:term":[{"taxonomy":"category","embeddable":true,"href":"https:\/\/archiviogioia.lavocedelpaese.info\/index.php?rest_route=%2Fwp%2Fv2%2Fcategories&post=28325"},{"taxonomy":"post_tag","embeddable":true,"href":"https:\/\/archiviogioia.lavocedelpaese.info\/index.php?rest_route=%2Fwp%2Fv2%2Ftags&post=28325"}],"curies":[{"name":"wp","href":"https:\/\/api.w.org\/{rel}","templated":true}]}}