{"id":28630,"date":"2012-10-12T04:27:39","date_gmt":"2012-10-12T04:27:39","guid":{"rendered":"https:\/\/archiviogioia.lavocedelpaese.info\/?p=28630"},"modified":"2012-10-12T04:27:39","modified_gmt":"2012-10-12T04:27:39","slug":"marco-addati-a-castellaneta-con-obiettivo-successo","status":"publish","type":"post","link":"https:\/\/archiviogioia.lavocedelpaese.info\/?p=28630","title":{"rendered":"MARCO ADDATI A CASTELLANETA CON \u201cOBIETTIVO SUCCESSO\u201d"},"content":{"rendered":"<p><img loading=\"lazy\" decoding=\"async\" class=\" size-full wp-image-28623\" style=\"margin-right: 2px; margin-left: 2px;\" height=\"150\" alt=\"addati-castellaneta-pp\" src=\"https:\/\/archiviogioia.lavocedelpaese.info\/wp-content\/uploads\/2012\/10\/addati-castellaneta-pp.png\" width=\"320\" srcset=\"https:\/\/archiviogioia.lavocedelpaese.info\/wp-content\/uploads\/2012\/10\/addati-castellaneta-pp.png 640w, https:\/\/archiviogioia.lavocedelpaese.info\/wp-content\/uploads\/2012\/10\/addati-castellaneta-pp-300x141.png 300w\" sizes=\"auto, (max-width: 320px) 100vw, 320px\" \/><\/p>\n<p><!--more--><\/p>\n<p style=\"margin-bottom: 0.0001pt; text-align: justify; line-height: normal;\"><b><img loading=\"lazy\" decoding=\"async\" class=\" alignleft size-full wp-image-28626\" style=\"margin: 4px; float: left;\" height=\"199\" alt=\"mamma mia a irsina2\" src=\"https:\/\/archiviogioia.lavocedelpaese.info\/wp-content\/uploads\/2012\/10\/mamma_mia_a_irsina2.jpg\" width=\"300\" srcset=\"https:\/\/archiviogioia.lavocedelpaese.info\/wp-content\/uploads\/2012\/10\/mamma_mia_a_irsina2.jpg 960w, https:\/\/archiviogioia.lavocedelpaese.info\/wp-content\/uploads\/2012\/10\/mamma_mia_a_irsina2-300x199.jpg 300w, https:\/\/archiviogioia.lavocedelpaese.info\/wp-content\/uploads\/2012\/10\/mamma_mia_a_irsina2-768x509.jpg 768w\" sizes=\"auto, (max-width: 300px) 100vw, 300px\" \/>Cinzia Clemente<\/b>, presidente dell\u2019Accademia \u201c<b>Obiettivo successo<\/b>\u201d, ha designato nei giorni scorsi suo vice presidente il gioiese <b>Marco Addati<\/b> con cui da alcuni mesi \u00e8 in atto una intensa collaborazione tenuta a battesimo&nbsp;da \u201c<b>Federico II in musical<\/b>\u201d (<a href=\"attualita\/5146-federico-ii-musical-di-maddati-aangelillo-e-sclemente.html\"><\/a><a href=\"attualita\/5146-federico-ii-musical-di-maddati-aangelillo-e-sclemente.html\">http:\/\/www.gioianet.it\/attualita\/5146-federico-ii-musical-di-maddati-aangelillo-e-sclemente.html<\/a>).<\/p>\n<p style=\"margin-bottom: 0.0001pt; text-align: justify; line-height: normal;\">Una stagione all\u2019insegna della \u201ccontaminazione\u201d e degli scambi culturali con altre realt\u00e0 della provincia e della regione &#8211; come avvenuto a Laterza (<a href=\"attualita\/5502-associazioni-gioiesi-al-living-history-foto-.html\"><\/a><a href=\"attualita\/5502-associazioni-gioiesi-al-living-history-foto-.html\">http:\/\/www.gioianet.it\/attualita\/5502-associazioni-gioiesi-al-living-history-foto-.html<\/a>) &#8211; che porter\u00e0 il 13 ottobre la compagnia a Castellaneta per sfilare, cantare e inscenare momenti dedicati a re Ruggero, nonno di Federico, nel corteo storico medioevale, in occasione della <b>VI edizione di \u201cCastellaneta \u2013 Citt\u00e0 della Fiera\u201d, <\/b>organizzata dall\u2019associazione \u201c<b>Ribeca<\/b>\u201d.<\/p>\n<p style=\"margin-bottom: 0.0001pt; text-align: justify; line-height: normal;\"><img loading=\"lazy\" decoding=\"async\" class=\" alignright size-full wp-image-28628\" style=\"margin: 4px; float: right;\" height=\"386\" alt=\"addati-castellaneta\" src=\"https:\/\/archiviogioia.lavocedelpaese.info\/wp-content\/uploads\/2012\/10\/addati-castellaneta.jpg\" width=\"270\" srcset=\"https:\/\/archiviogioia.lavocedelpaese.info\/wp-content\/uploads\/2012\/10\/addati-castellaneta.jpg 660w, https:\/\/archiviogioia.lavocedelpaese.info\/wp-content\/uploads\/2012\/10\/addati-castellaneta-209x300.jpg 209w\" sizes=\"auto, (max-width: 270px) 100vw, 270px\" \/>Abbiamo chiesto a <b>Cinzia Clemente<\/b> di parlarci di questo \u201cfatale\u201d incontro con Gioia e le sue realt\u00e0 teatrali.<\/p>\n<p style=\"margin-bottom: 0.0001pt; text-align: justify; line-height: normal;\">\u201cIl primo incontro in assoluto \u00e8 stato proprio con <b>Marco Addati<\/b>, un paio di anni fa, per la messa in scena di &#8220;<b>30 mila ducati &#8211; Briganti<\/b>&#8221; di <b>Giusy De Vivo<\/b> (<a href=\"cultura\/2710-25000-ducati-storie-di-genti-del-sud.html\"><\/a><a href=\"cultura\/2710-25000-ducati-storie-di-genti-del-sud.html\">http:\/\/www.gioianet.it\/cultura\/2710-25000-ducati-storie-di-genti-del-sud.html<\/a>). Ero in veste di attrice e coreografa di questo spettacolo e Marco in veste di attore. Ci siamo sentiti poco, al di fuori di quel progetto, ma successivamente, come &#8220;Obiettivo successo&#8221;, ho pensato di produrre il musical &#8220;<b>Mamma mia<\/b>&#8221; (<a href=\"attualita\/5225-mamma-mia-marco-addati-cinzia-clemente-che-musical.html\"><\/a><a href=\"attualita\/5225-mamma-mia-marco-addati-cinzia-clemente-che-musical.html\">http:\/\/www.gioianet.it\/attualita\/5225-mamma-mia-marco-addati-cinzia-clemente-che-musical.html<\/a>) e Marco e <b>Vincenzo Donvito<\/b> ben si prestavano per due ruoli importanti. Sempre Marco mi ha fatto conoscere <b>Angela Milano e Luana Montone<\/b> che si sono rivelate anche delle ottime scoperte, non solo come cantanti, ma anche come attrici.\u201d<\/p>\n<p style=\"margin-bottom: 0.0001pt; text-align: justify; line-height: normal;\">\u201cAttualmente la nostra sede sar\u00e0 ad Altamura, presso il Laboratorio Urbano Giovanile, mentre per &#8220;Mamma mia&#8221; siamo stati presso la sede di Edon&#8217;\u00e8 a Santeramo e per &#8220;Federico II&#8221; a Gioia del Colle. <b>Non \u00e8 semplice viaggiare, provare, concertare il tutto, ma c&#8217;\u00e8 una forte volont\u00e0 di fondo<\/b>, di voler realizzare qualcosa INSIEME, che ovunque ci sia un posto utile, ci riuniamo, cantiamo, balliamo, decidiamo il nostro futuro. Lo spirito associativo \u00e8 quello, dalla proposta di idee alla messa in pratica.<\/p>\n<p style=\"margin-bottom: 0.0001pt; text-align: justify; line-height: normal;\">\u201c<b>Oggi bisogna solo rimboccarsi le maniche e trovare spazi<\/b> dove poter avere libero sfogo alla propria arte. Una volta il teatro aveva pi\u00f9 successo perch\u00e9 la TV <img loading=\"lazy\" decoding=\"async\" class=\" alignleft size-full wp-image-28629\" style=\"margin: 4px; float: left;\" height=\"387\" alt=\"addati-castellaneta2\" src=\"https:\/\/archiviogioia.lavocedelpaese.info\/wp-content\/uploads\/2012\/10\/addati-castellaneta2.jpg\" width=\"270\" srcset=\"https:\/\/archiviogioia.lavocedelpaese.info\/wp-content\/uploads\/2012\/10\/addati-castellaneta2.jpg 660w, https:\/\/archiviogioia.lavocedelpaese.info\/wp-content\/uploads\/2012\/10\/addati-castellaneta2-209x300.jpg 209w\" sizes=\"auto, (max-width: 270px) 100vw, 270px\" \/>non era cos\u00ec diffusa, c&#8217;erano meno distrazioni&#8230; Ora con la TV si va al cinema, al teatro, si \u00e8 bombardati continuamente. Il teatro oggi deve essere &#8220;portato alla gente&#8221; nelle strade, nelle piazze&#8230; in un certo senso siamo tornati ai tempi dei cantastorie&#8230; se tutti gli attori lo capissero, senza false ipocrisie, la cultura avrebbe un&#8217;impennata in positivo, secondo me.\u201d<\/p>\n<p style=\"margin-bottom: 0.0001pt; text-align: justify; line-height: normal;\"><b>Cinzia Clemente<\/b> ci racconta qualcosa di s\u00e9\u2026<\/p>\n<p style=\"margin-bottom: 0.0001pt; text-align: justify; line-height: normal;\">\u201c<b>Ho iniziato gli studi della danza a 9 anni<\/b>, radio e TV a 13&#8230;. e via, via teatro, foto&#8230; sin da piccola la musa di Tersicore si \u00e8 impossessata di me! Ho vissuto un periodo bellissimo nella <b>Fondazione Piccinni<\/b> di Bari, come ballerina professionista e poi a Napoli, dove ho lasciato anche il mio cuore. L\u00ec ho lavorato a <b>Radio Kiss Kiss Italia<\/b>, a Teatro e presso l&#8217;<b>Accademia Energy Dance <\/b>di <b>Enzo Paolo Turchi<\/b>. Ho sempre respirato l&#8217;odore delle tavole del palcoscenico, come ballerina o come attrice, mi pare quasi di esserci nata! \u201c<b>Obiettivo Successo<\/b>\u201d nasce per creare un nuovo punto di riferimento a dei talenti da formare e da instradare nel mondo del musical, per creare una compagnia che lavorando a livello professionale, possa avere giovani con contributi e cachet, com&#8217;\u00e8 giusto che sia. Ogni allievo che \u00e8 passato per le mie mani (sono il Direttore Artistico, oltre che presidente e docente di alcune materie) \u00e8 come se fosse un po&#8217; mio figlio. Dedico a ciascuno molto tempo ed energia.. Li adoro tutti!\u201d<\/p>\n<p style=\"margin-bottom: 0.0001pt; text-align: justify; line-height: normal;\"><b>A fronte di tanta passione ed entusiasmo<\/b> non possiamo che augurare a Cinzia e Marco un futuro ricco di successo e soddisfazioni!<\/p>\n<p>&nbsp;<\/p>\n","protected":false},"excerpt":{"rendered":"","protected":false},"author":1,"featured_media":28624,"comment_status":"open","ping_status":"closed","sticky":false,"template":"","format":"standard","meta":{"colormag_page_container_layout":"default_layout","colormag_page_sidebar_layout":"default_layout","footnotes":""},"categories":[7],"tags":[],"class_list":["post-28630","post","type-post","status-publish","format-standard","has-post-thumbnail","hentry","category-attualita"],"_links":{"self":[{"href":"https:\/\/archiviogioia.lavocedelpaese.info\/index.php?rest_route=\/wp\/v2\/posts\/28630","targetHints":{"allow":["GET"]}}],"collection":[{"href":"https:\/\/archiviogioia.lavocedelpaese.info\/index.php?rest_route=\/wp\/v2\/posts"}],"about":[{"href":"https:\/\/archiviogioia.lavocedelpaese.info\/index.php?rest_route=\/wp\/v2\/types\/post"}],"author":[{"embeddable":true,"href":"https:\/\/archiviogioia.lavocedelpaese.info\/index.php?rest_route=\/wp\/v2\/users\/1"}],"replies":[{"embeddable":true,"href":"https:\/\/archiviogioia.lavocedelpaese.info\/index.php?rest_route=%2Fwp%2Fv2%2Fcomments&post=28630"}],"version-history":[{"count":0,"href":"https:\/\/archiviogioia.lavocedelpaese.info\/index.php?rest_route=\/wp\/v2\/posts\/28630\/revisions"}],"wp:featuredmedia":[{"embeddable":true,"href":"https:\/\/archiviogioia.lavocedelpaese.info\/index.php?rest_route=\/wp\/v2\/media\/28624"}],"wp:attachment":[{"href":"https:\/\/archiviogioia.lavocedelpaese.info\/index.php?rest_route=%2Fwp%2Fv2%2Fmedia&parent=28630"}],"wp:term":[{"taxonomy":"category","embeddable":true,"href":"https:\/\/archiviogioia.lavocedelpaese.info\/index.php?rest_route=%2Fwp%2Fv2%2Fcategories&post=28630"},{"taxonomy":"post_tag","embeddable":true,"href":"https:\/\/archiviogioia.lavocedelpaese.info\/index.php?rest_route=%2Fwp%2Fv2%2Ftags&post=28630"}],"curies":[{"name":"wp","href":"https:\/\/api.w.org\/{rel}","templated":true}]}}