{"id":28784,"date":"2012-10-15T06:06:54","date_gmt":"2012-10-15T06:06:54","guid":{"rendered":"https:\/\/archiviogioia.lavocedelpaese.info\/?p=28784"},"modified":"2012-10-15T06:06:54","modified_gmt":"2012-10-15T06:06:54","slug":"tanta-commozione-per-il-santo-restituito-alla-citta-foto","status":"publish","type":"post","link":"https:\/\/archiviogioia.lavocedelpaese.info\/?p=28784","title":{"rendered":"COMMOZIONE PER IL \u201cSANTO\u201d RESTITUITO ALLA CITT\u00c1-foto"},"content":{"rendered":"<p><img loading=\"lazy\" decoding=\"async\" class=\" size-full wp-image-28762\" style=\"margin-right: 2px; margin-left: 2px;\" alt=\"san-francesco-restaurato-pp\" src=\"https:\/\/archiviogioia.lavocedelpaese.info\/wp-content\/uploads\/2012\/10\/san-francesco-restaurato-pp.png\" height=\"150\" width=\"320\" srcset=\"https:\/\/archiviogioia.lavocedelpaese.info\/wp-content\/uploads\/2012\/10\/san-francesco-restaurato-pp.png 640w, https:\/\/archiviogioia.lavocedelpaese.info\/wp-content\/uploads\/2012\/10\/san-francesco-restaurato-pp-300x141.png 300w\" sizes=\"auto, (max-width: 320px) 100vw, 320px\" \/><\/p>\n<p><!--more--><\/p>\n<ul style=\"margin-top: 0cm;\">\n<li style=\"margin-bottom: 0.0001pt; text-align: justify; line-height: normal;\"><b>Miracoli di S. Francesco Di Paola<\/b><\/li>\n<\/ul>\n<p style=\"margin-bottom: 0.0001pt; text-align: justify; line-height: normal;\">Nelle parole \u201cco<b><img loading=\"lazy\" decoding=\"async\" class=\" alignleft size-full wp-image-28765\" style=\"margin: 4px; float: left;\" alt=\"063-DSC06727\" src=\"https:\/\/archiviogioia.lavocedelpaese.info\/wp-content\/uploads\/2012\/10\/063-DSC06727.JPG\" height=\"213\" width=\"320\" srcset=\"https:\/\/archiviogioia.lavocedelpaese.info\/wp-content\/uploads\/2012\/10\/063-DSC06727.JPG 900w, https:\/\/archiviogioia.lavocedelpaese.info\/wp-content\/uploads\/2012\/10\/063-DSC06727-300x199.jpg 300w, https:\/\/archiviogioia.lavocedelpaese.info\/wp-content\/uploads\/2012\/10\/063-DSC06727-768x510.jpg 768w\" sizes=\"auto, (max-width: 320px) 100vw, 320px\" \/><\/b>ntemplazione e meditazione\u201d la sintesi estrema di un percorso, quello della <b>Confraternita del SS. Rosario<\/b> iniziato il 22 settembre con il pellegrinaggio a Paola e conclusosi il 7 ottobre con i festeggiamenti della Madonna del Rosario.<\/p>\n<p style=\"margin-bottom: 0.0001pt; text-align: justify; line-height: normal;\">Un percorso tra fede, arte, devozione e storia il cui acme \u00e8 raggiunto in occasione del restauro della statua lapidea di <b>San Francesco di Paola<\/b> commissionato dalla Confraternita di cui \u00e8 priore <b>Andrea Mongelli<\/b>, impresa che &#8211; restando in tema &#8211; ha del \u201cmiracoloso\u201d, tenendo conto che l\u2019intero costo \u00e8 sostenuto dalla stessa Confraternita e dalle offerte dei fedeli.<\/p>\n<p style=\"text-align: justify;\"><b>Il \u201cSan Francesco\u201d restituito alla citt\u00e0 e ai devoti desta <\/b><b>commozione<\/b>. Il suo bastone d\u2019argento e la scritta \u201cCharitas\u201d sul medaglione del suo ordine &#8211; secondo l\u2019agiografia donato dall\u2019Arcangelo Michele &#8211; non rifulgono sotto le luci <img loading=\"lazy\" decoding=\"async\" class=\" alignright size-full wp-image-28768\" style=\"margin: 4px; float: right;\" alt=\"060-DSC06724\" src=\"https:\/\/archiviogioia.lavocedelpaese.info\/wp-content\/uploads\/2012\/10\/060-DSC06724.JPG\" height=\"199\" width=\"300\" srcset=\"https:\/\/archiviogioia.lavocedelpaese.info\/wp-content\/uploads\/2012\/10\/060-DSC06724.JPG 900w, https:\/\/archiviogioia.lavocedelpaese.info\/wp-content\/uploads\/2012\/10\/060-DSC06724-300x199.jpg 300w, https:\/\/archiviogioia.lavocedelpaese.info\/wp-content\/uploads\/2012\/10\/060-DSC06724-768x510.jpg 768w\" sizes=\"auto, (max-width: 300px) 100vw, 300px\" \/>quanto il suo sguardo severo volto ad esortare alla preghiera e al decoro.<\/p>\n<p style=\"text-align: justify;\">Il professor <b>Mario Girardi<\/b> &#8211; Ordinario di Letteratura cristiana antica presso l&#8217;Universit\u00e0 degli Studi \u201cAldo Moro\u201d di Bari &#8211; nelle insolite vesti di presentatore accoglie i presenti davvero numerosi, invita <b>Andrea Mongelli<\/b> ad un saluto, quindi presenta <b>Padre Rocco Benvenuto Toniolo<\/b>, <b>Superiore provinciale dell\u2019Ordine dei Minimi in Puglia, Calabria e Messico<\/b> nonch\u00e9 storico di pregio, di ritorno da Roma. Padre Rocco benedice la statua invitando tutti a raccogliersi in preghiera, quindi traccia un profilo del Santo, della sua vita e dei suoi miracoli attingendo a ricordi, aneddoti e dettagli storici, rievocandone con passione la santit\u00e0.<\/p>\n<ul style=\"margin-top: 0cm;\">\n<li style=\"margin-bottom: 0.0001pt; text-align: justify; line-height: normal;\"><b>La vita di San Francesco di Paola<\/b><\/li>\n<\/ul>\n<p style=\"margin-bottom: 0.0001pt; text-align: justify; line-height: normal;\"><img loading=\"lazy\" decoding=\"async\" class=\" alignleft size-full wp-image-28770\" style=\"margin: 4px; float: left;\" alt=\"079-DSC06743\" src=\"https:\/\/archiviogioia.lavocedelpaese.info\/wp-content\/uploads\/2012\/10\/079-DSC06743.JPG\" height=\"331\" width=\"220\" srcset=\"https:\/\/archiviogioia.lavocedelpaese.info\/wp-content\/uploads\/2012\/10\/079-DSC06743.JPG 598w, https:\/\/archiviogioia.lavocedelpaese.info\/wp-content\/uploads\/2012\/10\/079-DSC06743-199x300.jpg 199w\" sizes=\"auto, (max-width: 220px) 100vw, 220px\" \/>\u201c<b>Il Santo \u00e8 molto venerato in Puglia e nel mondo<\/b> &#8211; racconta padre Rocco che il 4 ottobre ha festeggiato il 25\u00b0 anno di sacerdozio -, lo stessa <b>Padre Pio<\/b> ne porta il nome. La ricca iconografia del Santo \u00e8 nota, meno note sono le sculture, in particolare quelle lapidee. Da alcuni indizi questa statua presenta elementi che potrebbero far risalire il manufatto al tardo \u2018500, anche se andrebbe esaminato il bastone di argento\u2026 San Francesco indossa il cappuccio, il colore del saio \u00e8 naturale, ovvero terra bruciata e la scarsella solitamente posta destra, qui \u00e8 a sinistra. <b>Un Santo umile, che dal suo povero eremo giunge alla Corte di Francia e per buona parte della vita \u00e8 a contatto con uomini potenti al cui destino e decisioni sono affidate le sorti del mondo<\/b>. Potenti che consiglia e spesso rimprovera, esortandoli al rispetto dei pi\u00f9 deboli.\u201d<\/p>\n<p style=\"margin-bottom: 0.0001pt; text-align: justify; line-height: normal;\">\u201cSan Francesco nasce a Paola, vicino Cosenza il 27 marzo del 1416. I suoi genitori sono umili contadini. <b>Un miracolo ne segna l\u2019infanzia: la guarigione da un grave ascesso oculare.<\/b> Poco pi\u00f9 che adolescente entra nel convento dei Frati minori francescani di San Marco Argentano, in cui compie i suoi primi prodigi. <b>Nel 1429, 13enne, sceglier\u00e0 di vivere in solitudine e preghiera per cinque anni in un eremo<\/b>, una grotta scavata nel tufo, decisione maturata dopo aver visto e contestato il lusso in cu<img loading=\"lazy\" decoding=\"async\" class=\" alignright size-full wp-image-28771\" style=\"margin: 4px; float: right;\" alt=\"098-DSC06762\" src=\"https:\/\/archiviogioia.lavocedelpaese.info\/wp-content\/uploads\/2012\/10\/098-DSC06762.JPG\" height=\"213\" width=\"320\" srcset=\"https:\/\/archiviogioia.lavocedelpaese.info\/wp-content\/uploads\/2012\/10\/098-DSC06762.JPG 900w, https:\/\/archiviogioia.lavocedelpaese.info\/wp-content\/uploads\/2012\/10\/098-DSC06762-300x199.jpg 300w, https:\/\/archiviogioia.lavocedelpaese.info\/wp-content\/uploads\/2012\/10\/098-DSC06762-768x510.jpg 768w\" sizes=\"auto, (max-width: 320px) 100vw, 320px\" \/>i vivevano i cardinali e gli alti prelati della Chiesa romana. <b>L\u2019aura di santit\u00e0 splende luminosa, altri frati si uniscono a lui, nasce una piccola comunit\u00e0, gli eremiti di frate Francesco<\/b>, cellula del futuro Ordine dei Minimi, <b>cui il Santo chieder\u00e0 un quarto voto, il quarto nodo sul cinto di corda, ovvero la promessa di una vita in perenne quaresima<\/b>, senza nutrirsi di carne e suoi derivati.\u201d<\/p>\n<p style=\"margin-bottom: 0.0001pt; line-height: normal; text-align: justify;\">\u201cTanti gli eventi prodigiosi che avvengono in quegli anni &#8211; continua padre Rocco -, uno per tutti <b>l\u2019attraversamento dello stretto di Messina sul suo saio<\/b>, in compagnia di due frati, miracolo che lo render\u00e0 Santo protettore dei mari. Francesco ha 67 anni quando il <b>re di Francia Luigi XI<\/b>, gravemente malato e venuto a conoscenza dei suoi poteri taumaturgici, chiede al <b>Papa <img loading=\"lazy\" decoding=\"async\" class=\" alignleft size-full wp-image-28773\" style=\"margin: 4px; float: left;\" alt=\"076-DSC06740\" src=\"https:\/\/archiviogioia.lavocedelpaese.info\/wp-content\/uploads\/2012\/10\/076-DSC06740.JPG\" height=\"199\" width=\"300\" srcset=\"https:\/\/archiviogioia.lavocedelpaese.info\/wp-content\/uploads\/2012\/10\/076-DSC06740.JPG 900w, https:\/\/archiviogioia.lavocedelpaese.info\/wp-content\/uploads\/2012\/10\/076-DSC06740-300x199.jpg 300w, https:\/\/archiviogioia.lavocedelpaese.info\/wp-content\/uploads\/2012\/10\/076-DSC06740-768x510.jpg 768w\" sizes=\"auto, (max-width: 300px) 100vw, 300px\" \/>Sisto IV<\/b> di incontrarlo. Sia pur a malincuore, San Francesco vi si reca nel maggio del 1489 e li rester\u00e0 per 25 anni, fino alla morte. Convincer\u00e0 il re ad accettare la sua malattia e a risolvere le divergenze con la Chiesa, consiglier\u00e0 luminari e potenti affinch\u00e9 non prevarichino i diritti dei pi\u00f9 deboli, rifiuter\u00e0 persino le comodit\u00e0 della corte preferendo dormire nei boschi, a ridosso della reggia. Quando il re di Napoli <b>Ferdinando I di Aragona<\/b> tenta di donargli un piatto di monete d\u2019oro per costruire a Napoli un convento, San Francesco ne spezza una da cui esce del sangue. Riferir\u00e0 al re che \u00e8 quello dei sudditi oppressi che chiede vendetta e non pu\u00f2 usarlo per erigere chiese.<\/p>\n<p style=\"text-align: justify;\"><b>L\u2019umile frate \u00e8 conosciuto in Francia, Spagna e Germania<\/b>, il suo \u00e8 un volto internazionale. Muore nel 1507, a 91 anni, nel 1513 viene beatificato e nel 1519 canonizzato.\u201d<\/p>\n<p>Padre Rocco, quindi, si accomiata invitando tutti il 2 maggio a Paola, per festeggiare insie<b><img loading=\"lazy\" decoding=\"async\" class=\" alignright size-full wp-image-28774\" style=\"margin: 4px; float: right;\" alt=\"090-DSC06754\" src=\"https:\/\/archiviogioia.lavocedelpaese.info\/wp-content\/uploads\/2012\/10\/090-DSC06754.JPG\" height=\"199\" width=\"300\" srcset=\"https:\/\/archiviogioia.lavocedelpaese.info\/wp-content\/uploads\/2012\/10\/090-DSC06754.JPG 900w, https:\/\/archiviogioia.lavocedelpaese.info\/wp-content\/uploads\/2012\/10\/090-DSC06754-300x199.jpg 300w, https:\/\/archiviogioia.lavocedelpaese.info\/wp-content\/uploads\/2012\/10\/090-DSC06754-768x510.jpg 768w\" sizes=\"auto, (max-width: 300px) 100vw, 300px\" \/><\/b>me San Francesco.<\/p>\n<ul>\n<li><b>Il restauro dell\u2019opera<\/b><\/li>\n<\/ul>\n<p style=\"margin-bottom: 0.0001pt; text-align: justify; line-height: normal;\">Per<b> Maria Gaetana Di Capua<\/b> anche questo restauro \u00e8 stato fonte di sorprese, <b>non \u00e8 infatt<\/b><b>i una statua lapidea, <\/b>come ritenuto fino a prima di iniziare i lavori,<b> bens\u00ec un agglomerato rivestito di polvere di malta e calce spen<\/b><b>ta, <\/b>uno stucco alquanto spesso.<\/p>\n<p style=\"text-align: justify;\">\u201cLa statua \u00e8 ancorata alla parete di fondo della nicchia con cocci di carparo e malta. Dietro c\u2019\u00e8 poco spazio, per vederne il retro ho usato lo specchio. Dove mancava lo strato superiore c\u2019era una malta grossolana ed alcune lesioni<b>. In alcuni punti la statua suonava vuota, quasi fosse cava.<\/b> La base non \u00e8 contestuale, poggia su cocci ed \u00e8 modellata all\u2019esterno con malta pi\u00f9 raffinata. La statua si presentava <b>coperta da uno spesso strato di vernice lucida<\/b> che <img loading=\"lazy\" decoding=\"async\" class=\" alignleft size-full wp-image-28776\" style=\"margin: 4px; float: left;\" alt=\"092-DSC06756\" src=\"https:\/\/archiviogioia.lavocedelpaese.info\/wp-content\/uploads\/2012\/10\/092-DSC06756.JPG\" height=\"213\" width=\"320\" srcset=\"https:\/\/archiviogioia.lavocedelpaese.info\/wp-content\/uploads\/2012\/10\/092-DSC06756.JPG 900w, https:\/\/archiviogioia.lavocedelpaese.info\/wp-content\/uploads\/2012\/10\/092-DSC06756-300x199.jpg 300w, https:\/\/archiviogioia.lavocedelpaese.info\/wp-content\/uploads\/2012\/10\/092-DSC06756-768x510.jpg 768w\" sizes=\"auto, (max-width: 320px) 100vw, 320px\" \/>velava la bellezza del modellato della barba. E\u2019 stato laborioso rimuoverla. Era la stessa usata sul Sant\u2019Antonio nella Chiesa di San Francesco, <b>un intervento degli anni \u201960 forse ad opera della stessa persona<\/b>. Tolto lo strato con una soluzione chimica adatta, abbiamo trovato delle lacune. <b>L\u2019uso dello stucco per una scultura a tutto tondo \u00e8 molto interessante, dona levit\u00e0 e preziosit\u00e0<\/b>, rende per\u00f2 difficile azzardare una data o uno scultore. Egizi, Romani, Etruschi e Greci conoscevano i segreti dello stucco fatto con malta e polvere di marmo, per cui non deve stupirci tale uso. In Puglia ritroviamo numerose testimonianze di bassorilievi in stucco e marmolino veneziano\u2026. Sul retro ci sono delle lesioni e anche sul cordone, dopo il secondo nodo, a conferma che la statua ha subito traumi. Forse non era collocata qui, probabilmente era posizionata all\u2019esterno\u2026 conc<b><img loading=\"lazy\" decoding=\"async\" class=\" alignright size-full wp-image-28777\" style=\"margin: 4px; float: right;\" alt=\"108-DSC06772\" src=\"https:\/\/archiviogioia.lavocedelpaese.info\/wp-content\/uploads\/2012\/10\/108-DSC06772.JPG\" height=\"331\" width=\"220\" srcset=\"https:\/\/archiviogioia.lavocedelpaese.info\/wp-content\/uploads\/2012\/10\/108-DSC06772.JPG 598w, https:\/\/archiviogioia.lavocedelpaese.info\/wp-content\/uploads\/2012\/10\/108-DSC06772-199x300.jpg 199w\" sizes=\"auto, (max-width: 220px) 100vw, 220px\" \/><\/b>ordo con Padre Rocco, non \u00e8 una statua da portare in giro<b>. L\u2019aureola \u00e8 di fattura recente<\/b>, dell\u2019ultimo secolo, il bastone tra le mani del Santo potrebbe non essere quello originale.\u201d<\/p>\n<ul style=\"margin-top: 0cm;\">\n<li style=\"margin-bottom: 0.0001pt; text-align: justify; line-height: normal;\"><b>La storia religiosa nell\u2019arte<\/b><\/li>\n<\/ul>\n<p style=\"margin-bottom: 0.0001pt; text-align: justify; line-height: normal;\"><b>Mario Girardi<\/b> riprende la parola per presentare <b>Mariella Donvito<\/b>, docente di Storia dell\u2019Arte e nipote del compianto <b>Antonio Donvito<\/b>, prestigioso storico gioiese venuto a mancare 10 anni fa.<\/p>\n<p style=\"margin-bottom: 0.0001pt; text-align: justify; line-height: normal;\">\u201cPrima di oggi non c\u2019\u00e8 stata l\u2019occasione di invitare Mariella, per molti anni ha vissuto e insegnato nel Nord, oggi l\u2019abbiamo recuperata agli affetti e alla ricerca. <b>Mariella ha realizzato una tesi sull\u2019architettura religiosa di Gioia tra il 16\u00b0 e il 17\u00b0 secolo<\/b> e ci parler\u00e0 di questo aspetto dell\u2019opera.\u201d<\/p>\n<p style=\"margin-bottom: 0.0001pt; text-align: justify; line-height: normal;\"><b>Mariella<\/b> &#8211; nonostante l\u2019evidente emozione davvero competente, coinvolgente e preparata &#8211; <b>si sofferma sul valore devozionale, artigianale e artistico e sull\u2019aspetto documentale<\/b>, iconografico e storico dell\u2019opera, precisando che in soli 15 giorni &#8211; tanti infatti sono stati dedicati alla preparazione dell\u2019incontro &#8211; ha raccolto notizie e riletto documenti da anni nel cassetto, nel poco t<img loading=\"lazy\" decoding=\"async\" class=\" alignleft size-full wp-image-28779\" style=\"margin: 4px; float: left;\" alt=\"087-DSC06751\" src=\"https:\/\/archiviogioia.lavocedelpaese.info\/wp-content\/uploads\/2012\/10\/087-DSC06751.JPG\" height=\"213\" width=\"320\" srcset=\"https:\/\/archiviogioia.lavocedelpaese.info\/wp-content\/uploads\/2012\/10\/087-DSC06751.JPG 900w, https:\/\/archiviogioia.lavocedelpaese.info\/wp-content\/uploads\/2012\/10\/087-DSC06751-300x199.jpg 300w, https:\/\/archiviogioia.lavocedelpaese.info\/wp-content\/uploads\/2012\/10\/087-DSC06751-768x510.jpg 768w\" sizes=\"auto, (max-width: 320px) 100vw, 320px\" \/>empo libero lasciato dal lavoro.<\/p>\n<p style=\"margin-bottom: 0.0001pt; text-align: justify; line-height: normal;\">\u201c<b>La statua risulta collocata nella Chiesa di San Domenico fin dal 1662<\/b>. Una statua lapidea che raffigura il Santo la si trova a Bitonto, nella Chiesa di Santa Maria. <b>Il Santo rappresentato con il cappuccio in testa<\/b>, lo sguardo intenso, traboccante di piet\u00e0, carit\u00e0 cristiana, passione per i poveri, barba fluente e gote scarne, dimostra circa 70 anni. Gli stessi zoccoli alti e consunti, molto rovinati, sono una riproduzione fedele.\u201d<\/p>\n<p style=\"margin-bottom: 0.0001pt; text-align: justify; line-height: normal;\">\u201cDa un confronto con <b>Clara Gelao<\/b>, massima esperta nel settore \u2013 continua Mariella \u2013 ho avuto conferma che la postura e la posizione delle mani poggiate al bastone per sostenersi, confermano l\u2019et\u00e0 avanzata del Santo. Lo stesso <img loading=\"lazy\" decoding=\"async\" class=\" alignright size-full wp-image-28780\" style=\"margin: 4px; float: right;\" alt=\"105-DSC06769\" src=\"https:\/\/archiviogioia.lavocedelpaese.info\/wp-content\/uploads\/2012\/10\/105-DSC06769.JPG\" height=\"200\" width=\"300\" srcset=\"https:\/\/archiviogioia.lavocedelpaese.info\/wp-content\/uploads\/2012\/10\/105-DSC06769.JPG 900w, https:\/\/archiviogioia.lavocedelpaese.info\/wp-content\/uploads\/2012\/10\/105-DSC06769-300x199.jpg 300w, https:\/\/archiviogioia.lavocedelpaese.info\/wp-content\/uploads\/2012\/10\/105-DSC06769-768x510.jpg 768w\" sizes=\"auto, (max-width: 300px) 100vw, 300px\" \/>bastone volto da sinistra a destra indica un manufatto antico. <b>Jean Bourdichon<\/b> ricav\u00f2 una maschera funeraria da cui \u00e8 tratto il volto riportato in molti dipinti, uno di essi fu donato dallo stesso pittore a <b>Papa Leone X<\/b>. <b>L\u2019altro ritratto voluto da <\/b><b>Ferdinando I d\u2019Aragona \u00e8 datato 1483<\/b>, ed \u00e8 questo modello settantenne quello pi\u00f9 diffuso. <b>Altre sue immagini senza cappuccio su legno le troviamo nell\u2019Arco Nardulli<\/b>, dove \u00e8 il primo a sinistra con Santa Sofia e San Filippo ed ancora nella <b>Chiesa di Sant\u2019Andrea<\/b>, nella navata sinistra, in un dipinto della Madonna delle Grazie insieme a San Giuseppe <b>e infine nella Chiesa Madre<\/b>, dove compare in un dipinto del 1821 a firma d<img loading=\"lazy\" decoding=\"async\" class=\" alignleft size-full wp-image-28781\" style=\"margin: 4px; float: left;\" alt=\"050-DSC06713\" src=\"https:\/\/archiviogioia.lavocedelpaese.info\/wp-content\/uploads\/2012\/10\/050-DSC06713.JPG\" height=\"331\" width=\"220\" srcset=\"https:\/\/archiviogioia.lavocedelpaese.info\/wp-content\/uploads\/2012\/10\/050-DSC06713.JPG 598w, https:\/\/archiviogioia.lavocedelpaese.info\/wp-content\/uploads\/2012\/10\/050-DSC06713-199x300.jpg 199w\" sizes=\"auto, (max-width: 220px) 100vw, 220px\" \/>el pittore molfettese <b>Saverio Cal\u00f2<\/b>. Come protettore di citt\u00e0 di mare compaiono suoi quadri a Monopoli, Bari, Taranto, Gallipoli, con un richiamo al miracolo del saio divenuto zattera con il cappuccio per vela nella traversata dello stretto di Messina. <b>La chiesa di San Domenico, costruita nel 1460 era un avamposto latino, propagatore di fede cristiana<\/b> tra il clero greco-bizantino e quello ortodosso-montenegrino, situata a ridosso del borgo albanese e in linea temporale a met\u00e0 strada tra il convento di San Francesco edificato nel 1200 e quello dei Riformati risalente al \u2018600. Ad Acquaviva ho visitato una cappella del \u2018600, oggi all\u2019interno di un condominio privato, sul cui altare maggiore c\u2019\u00e8 un quadro di San Francesco e una teca con gli &#8220;abitini-saio&#8221; devozionali indossati da piccini e anche neonati, alcuni erano neri, in onore al Santo.\u201d<\/p>\n<p style=\"margin-bottom: 0.0001pt; text-align: justify; line-height: normal;\">Tanto ancora vi sarebbe da ricordare\u2026 ma il protrarsi dell\u2019incontro e il rientro di Padre Rocco portano la relatrice ad una sintesi estrema.<\/p>\n<p style=\"margin-bottom: 0.0001pt; text-align: justify; line-height: normal;\"><b>Mario Girardi<\/b> nel ringraziarla ricorda la pi\u00f9 antica testimonianza di culto di San Francesco di <img loading=\"lazy\" decoding=\"async\" class=\" alignright size-full wp-image-28783\" style=\"margin: 4px; float: right;\" alt=\"117-DSC06781\" src=\"https:\/\/archiviogioia.lavocedelpaese.info\/wp-content\/uploads\/2012\/10\/117-DSC06781.JPG\" height=\"199\" width=\"300\" srcset=\"https:\/\/archiviogioia.lavocedelpaese.info\/wp-content\/uploads\/2012\/10\/117-DSC06781.JPG 900w, https:\/\/archiviogioia.lavocedelpaese.info\/wp-content\/uploads\/2012\/10\/117-DSC06781-300x199.jpg 300w, https:\/\/archiviogioia.lavocedelpaese.info\/wp-content\/uploads\/2012\/10\/117-DSC06781-768x510.jpg 768w\" sizes=\"auto, (max-width: 300px) 100vw, 300px\" \/>Paola riferita al 1623.<\/p>\n<p style=\"margin-bottom: 0.0001pt; text-align: justify; line-height: normal;\">\u201c<b>Nella chiesetta rurale dove venne poi costruita la chiesa di <\/b><b>Santa Lucia<\/b> vi era un quadro con raffigurati insieme alla Santa, <b>San Francesco di Paola e Santa Caterina di Alessandria<\/b>, dominati da un affresco dell\u2019Annunciazione.\u201d<\/p>\n<p style=\"margin-bottom: 0.0001pt; text-align: justify; line-height: normal;\"><b>A fine serata<\/b>, prima del saluto di don <b>Tonino Posa<\/b> e del sindaco <b>Sergio Povia<\/b>, \u201cinquilino\u201d del convento di San Domenico, <b>Mario Girardi <\/b><b>legge una preghiera in dialetto molto suggestiva<\/b> recitata ogni sera dalla mamma di Carla, sua moglie. Nella preghiera, donata a Mongelli, <b>si implora il sonno e l\u2019aiuto del Santo<\/b>, circondati da angeli e immagini sacre.<\/p>\n<p style=\"margin-bottom: 0.0001pt; text-align: justify; line-height: normal;\">Scatti fotografici a cura di <strong>Mario Di Giuseppe<\/strong>.<\/p>\n<p><object type=\"application\/x-shockwave-flash\" width=\"660\" height=\"660\" flashvars=\"host=picasaweb.google.com&amp;hl=it&amp;feat=flashalbum&amp;RGB=0x000000&amp;feed=https:\/\/picasaweb.google.com\/data\/feed\/api\/user\/104626251937098962566\/albumid\/5799086546630573985?alt=rss&amp;kind=photo&amp;authkey=Gv1sRgCPTXqfmvvYfzWA&amp;hl=it\" pluginspage=\"http:\/\/www.macromedia.com\/go\/getflashplayer\" data=\"https:\/\/picasaweb.google.com\/s\/c\/bin\/slideshow.swf\"><param name=\"movie\" value=\"https:\/\/picasaweb.google.com\/s\/c\/bin\/slideshow.swf\" \/><\/object><\/p>\n","protected":false},"excerpt":{"rendered":"","protected":false},"author":1,"featured_media":28762,"comment_status":"open","ping_status":"closed","sticky":false,"template":"","format":"standard","meta":{"colormag_page_container_layout":"default_layout","colormag_page_sidebar_layout":"default_layout","footnotes":""},"categories":[7],"tags":[],"class_list":["post-28784","post","type-post","status-publish","format-standard","has-post-thumbnail","hentry","category-attualita"],"_links":{"self":[{"href":"https:\/\/archiviogioia.lavocedelpaese.info\/index.php?rest_route=\/wp\/v2\/posts\/28784","targetHints":{"allow":["GET"]}}],"collection":[{"href":"https:\/\/archiviogioia.lavocedelpaese.info\/index.php?rest_route=\/wp\/v2\/posts"}],"about":[{"href":"https:\/\/archiviogioia.lavocedelpaese.info\/index.php?rest_route=\/wp\/v2\/types\/post"}],"author":[{"embeddable":true,"href":"https:\/\/archiviogioia.lavocedelpaese.info\/index.php?rest_route=\/wp\/v2\/users\/1"}],"replies":[{"embeddable":true,"href":"https:\/\/archiviogioia.lavocedelpaese.info\/index.php?rest_route=%2Fwp%2Fv2%2Fcomments&post=28784"}],"version-history":[{"count":0,"href":"https:\/\/archiviogioia.lavocedelpaese.info\/index.php?rest_route=\/wp\/v2\/posts\/28784\/revisions"}],"wp:featuredmedia":[{"embeddable":true,"href":"https:\/\/archiviogioia.lavocedelpaese.info\/index.php?rest_route=\/wp\/v2\/media\/28762"}],"wp:attachment":[{"href":"https:\/\/archiviogioia.lavocedelpaese.info\/index.php?rest_route=%2Fwp%2Fv2%2Fmedia&parent=28784"}],"wp:term":[{"taxonomy":"category","embeddable":true,"href":"https:\/\/archiviogioia.lavocedelpaese.info\/index.php?rest_route=%2Fwp%2Fv2%2Fcategories&post=28784"},{"taxonomy":"post_tag","embeddable":true,"href":"https:\/\/archiviogioia.lavocedelpaese.info\/index.php?rest_route=%2Fwp%2Fv2%2Ftags&post=28784"}],"curies":[{"name":"wp","href":"https:\/\/api.w.org\/{rel}","templated":true}]}}