{"id":2892,"date":"2010-07-01T05:26:58","date_gmt":"2010-07-01T05:26:58","guid":{"rendered":"https:\/\/archiviogioia.lavocedelpaese.info\/?p=2892"},"modified":"2010-07-01T05:26:58","modified_gmt":"2010-07-01T05:26:58","slug":"operazione-verita-contro-i-tagli-della-finanziaria-in-puglia","status":"publish","type":"post","link":"https:\/\/archiviogioia.lavocedelpaese.info\/?p=2892","title":{"rendered":"OPERAZIONE VERITA\u2019 SUI TAGLI DELLA FINANZIARIA"},"content":{"rendered":"<p><img loading=\"lazy\" decoding=\"async\" class=\" size-full wp-image-2889\" alt=\"operazione-verita-pp\" src=\"https:\/\/archiviogioia.lavocedelpaese.info\/wp-content\/uploads\/2010\/07\/operazione-verita-pp.jpg\" width=\"320\" height=\"150\" srcset=\"https:\/\/archiviogioia.lavocedelpaese.info\/wp-content\/uploads\/2010\/07\/operazione-verita-pp.jpg 320w, https:\/\/archiviogioia.lavocedelpaese.info\/wp-content\/uploads\/2010\/07\/operazione-verita-pp-300x141.jpg 300w\" sizes=\"auto, (max-width: 320px) 100vw, 320px\" \/> <\/p>\n<p><!--more--><\/p>\n<p style=\"text-align: justify;\"><img loading=\"lazy\" decoding=\"async\" class=\" alignleft size-full wp-image-2890\" style=\"margin: 4px; float: left;\" alt=\"manifesto-operazione-verita\" src=\"https:\/\/archiviogioia.lavocedelpaese.info\/wp-content\/uploads\/2010\/07\/manifesto-operazione-verita.jpg\" width=\"289\" height=\"332\" srcset=\"https:\/\/archiviogioia.lavocedelpaese.info\/wp-content\/uploads\/2010\/07\/manifesto-operazione-verita.jpg 509w, https:\/\/archiviogioia.lavocedelpaese.info\/wp-content\/uploads\/2010\/07\/manifesto-operazione-verita-261x300.jpg 261w\" sizes=\"auto, (max-width: 289px) 100vw, 289px\" \/>Questo fine settimana, <strong>sabato 3 e domenica 4 luglio<\/strong>, la direzione regionale del <strong>Partito Democratico<\/strong> <strong>pugliese<\/strong> <strong>ha lanciato una due giorni di mobilitazione straordinaria<\/strong> sulle ricadute in Puglia dei tagli della manovra <strong>finanziaria 2011\/12<\/strong>.<\/p>\n<div style=\"text-align: justify;\"><\/div>\n<p style=\"text-align: justify;\">\u201c<strong>La stretta nel settore socio sanitario<\/strong>, nel settore agricolo, nell\u2019edilizia residenziale pubblica, nelle infrastrutture, nella viabilit\u00e0 \u2013 si legge in una nota preparata dal Segretario regionale PD, <strong>Sergio Blasi <\/strong>&#8211; <strong>metteranno<\/strong> ancora pi\u00f9 <strong>in ginocchio l\u2019economia della nostra terra<\/strong>, gi\u00e0 duramente colpita dalla crisi internazionale\u201d.<\/p>\n<div style=\"text-align: justify;\"><\/div>\n<p style=\"text-align: justify;\"><img loading=\"lazy\" decoding=\"async\" class=\" alignright size-full wp-image-2891\" style=\"margin: 4px; float: right;\" alt=\"partito-democratico_tondo\" src=\"https:\/\/archiviogioia.lavocedelpaese.info\/wp-content\/uploads\/2010\/07\/partito-democratico_tondo.jpg\" width=\"150\" height=\"149\" srcset=\"https:\/\/archiviogioia.lavocedelpaese.info\/wp-content\/uploads\/2010\/07\/partito-democratico_tondo.jpg 190w, https:\/\/archiviogioia.lavocedelpaese.info\/wp-content\/uploads\/2010\/07\/partito-democratico_tondo-150x150.jpg 150w\" sizes=\"auto, (max-width: 150px) 100vw, 150px\" \/>\u201c<strong>Il PD invece propone<\/strong>, tenuto conto della necessit\u00e0 di tenere sotto controllo la spesa, <strong>grandi investimenti nelle opere pubbliche<\/strong>, incentivi per <strong>nuove assunzioni<\/strong>, <strong>investimenti<\/strong> nel settore delle <strong>energie alternative<\/strong>, nel settore della <strong>scuola<\/strong>, della <strong>formazione<\/strong> e <strong>dei saperi<\/strong>, insomma tutti interventi anti-ciclici in linea con le manovre finanziarie degli altri paesi europei\u201d.<\/p>\n<div style=\"text-align: justify;\"><\/div>\n<p style=\"text-align: justify;\"><strong>Una preoccupazione che ha spinto il dirigente regionale a \u201csollecitare le sedi provinciali<\/strong>, con i segretari di circolo, ad <strong>organizzare i banchetti e le manifestazioni pubbliche<\/strong>\u201d, chiedendo \u201cun impegno personale per questo fine settimana, affinch\u00e9 i tagli del Governo nazionale siano smascherati, e le <strong>proposte del PD siano visibili a tutta la cittadinanza pugliese<\/strong>\u201d.<\/p>\n<div style=\"text-align: justify;\"><\/div>\n<p style=\"text-align: justify;\">Un aiuto ritenuto \u201c<strong>fondamentale per costruire il partito<\/strong>\u201d e per \u201crilanciare la nostra attivit\u00e0 dai territori, perch\u00e9 \u00e8 l\u00ec l\u2019avamposto <strong>per tornare al governo del paese<\/strong>\u201d.<\/p>\n","protected":false},"excerpt":{"rendered":"","protected":false},"author":1,"featured_media":2889,"comment_status":"open","ping_status":"closed","sticky":false,"template":"","format":"standard","meta":{"colormag_page_container_layout":"default_layout","colormag_page_sidebar_layout":"default_layout","footnotes":""},"categories":[4],"tags":[],"class_list":["post-2892","post","type-post","status-publish","format-standard","has-post-thumbnail","hentry","category-politica"],"_links":{"self":[{"href":"https:\/\/archiviogioia.lavocedelpaese.info\/index.php?rest_route=\/wp\/v2\/posts\/2892","targetHints":{"allow":["GET"]}}],"collection":[{"href":"https:\/\/archiviogioia.lavocedelpaese.info\/index.php?rest_route=\/wp\/v2\/posts"}],"about":[{"href":"https:\/\/archiviogioia.lavocedelpaese.info\/index.php?rest_route=\/wp\/v2\/types\/post"}],"author":[{"embeddable":true,"href":"https:\/\/archiviogioia.lavocedelpaese.info\/index.php?rest_route=\/wp\/v2\/users\/1"}],"replies":[{"embeddable":true,"href":"https:\/\/archiviogioia.lavocedelpaese.info\/index.php?rest_route=%2Fwp%2Fv2%2Fcomments&post=2892"}],"version-history":[{"count":0,"href":"https:\/\/archiviogioia.lavocedelpaese.info\/index.php?rest_route=\/wp\/v2\/posts\/2892\/revisions"}],"wp:featuredmedia":[{"embeddable":true,"href":"https:\/\/archiviogioia.lavocedelpaese.info\/index.php?rest_route=\/wp\/v2\/media\/2889"}],"wp:attachment":[{"href":"https:\/\/archiviogioia.lavocedelpaese.info\/index.php?rest_route=%2Fwp%2Fv2%2Fmedia&parent=2892"}],"wp:term":[{"taxonomy":"category","embeddable":true,"href":"https:\/\/archiviogioia.lavocedelpaese.info\/index.php?rest_route=%2Fwp%2Fv2%2Fcategories&post=2892"},{"taxonomy":"post_tag","embeddable":true,"href":"https:\/\/archiviogioia.lavocedelpaese.info\/index.php?rest_route=%2Fwp%2Fv2%2Ftags&post=2892"}],"curies":[{"name":"wp","href":"https:\/\/api.w.org\/{rel}","templated":true}]}}