{"id":2896,"date":"2010-07-01T05:45:18","date_gmt":"2010-07-01T05:45:18","guid":{"rendered":"https:\/\/archiviogioia.lavocedelpaese.info\/?p=2896"},"modified":"2010-07-01T05:45:18","modified_gmt":"2010-07-01T05:45:18","slug":"carnevale-di-putignano-estate-le-notti-dei-giganti-di-carta","status":"publish","type":"post","link":"https:\/\/archiviogioia.lavocedelpaese.info\/?p=2896","title":{"rendered":"CARNEVALE PUTIGNANO ESTATE, SFILANO I GIGANTI DI CARTA"},"content":{"rendered":"<p><img loading=\"lazy\" decoding=\"async\" class=\" size-full wp-image-2893\" alt=\"carnevale-putignano-estate-\" src=\"https:\/\/archiviogioia.lavocedelpaese.info\/wp-content\/uploads\/2010\/07\/carnevale-putignano-estate-.jpg\" width=\"320\" height=\"150\" srcset=\"https:\/\/archiviogioia.lavocedelpaese.info\/wp-content\/uploads\/2010\/07\/carnevale-putignano-estate-.jpg 320w, https:\/\/archiviogioia.lavocedelpaese.info\/wp-content\/uploads\/2010\/07\/carnevale-putignano-estate--300x141.jpg 300w\" sizes=\"auto, (max-width: 320px) 100vw, 320px\" \/> <\/p>\n<p><!--more--><\/p>\n<p style=\"text-align: justify;\"><strong><img loading=\"lazy\" decoding=\"async\" class=\" alignright size-full wp-image-404\" style=\"margin: 4px; float: right;\" alt=\"carnevale2\" src=\"https:\/\/archiviogioia.lavocedelpaese.info\/wp-content\/uploads\/2010\/02\/carnevale2.jpg\" width=\"267\" height=\"97\" \/>Il Programma<\/strong><\/p>\n<div style=\"text-align: justify;\"><\/div>\n<p style=\"text-align: justify;\"><strong>2 luglio<\/strong> <strong>ore 22,00 Piazza Aldo Moro<\/strong><\/p>\n<div style=\"text-align: justify;\"><\/div>\n<p style=\"text-align: justify;\"><strong>BANDERVISH<\/strong><\/p>\n<div style=\"text-align: justify;\"><\/div>\n<p style=\"text-align: justify;\"><strong><img loading=\"lazy\" decoding=\"async\" class=\" alignleft size-full wp-image-2894\" style=\"margin: 4px; float: left;\" alt=\"image\" src=\"https:\/\/archiviogioia.lavocedelpaese.info\/wp-content\/uploads\/2010\/07\/image.jpg\" width=\"315\" height=\"141\" \/><\/strong><\/p>\n<p style=\"text-align: justify;\">\u00a0<\/p>\n<p style=\"text-align: justify;\"><strong>Incontro straordinario<\/strong> fra i <strong>RADIODERVISH<\/strong>, una delle pi\u00f9 prestigiose formazioni di word music italiane e la tradizione bandistica pugliese, sotto le influenze rigeneratrici del Jazz. Radiodervish + Banda di Sannicandro G. Verdi &#8211; special guest\u00a0 Roberto Ottaviano, Pino Minafra. Arrangiamenti di Livio Minafra.<\/p>\n<p style=\"text-align: justify;\">\u00a0<\/p>\n<div style=\"text-align: justify;\"><\/div>\n<p style=\"text-align: justify;\">In collaborazione con CONTRORADIO<\/p>\n<div style=\"text-align: justify;\"><\/div>\n<p style=\"text-align: justify;\"><strong>ore 22,30 Piazza Santa Maria<\/strong><\/p>\n<div style=\"text-align: justify;\"><\/div>\n<p style=\"text-align: justify;\"><strong>IL BALLO DI SAN VITO<\/strong><\/p>\n<div style=\"text-align: justify;\"><\/div>\n<p style=\"text-align: justify;\"><strong>Musica dal vivo del quartetto Rebelde per una travolgente maratona di danze popolari<\/strong><br \/> pizzicapizzica tammuriata tarantelladelgargano quadriglia manfrina curenta sbrando ballutundu<\/p>\n<div style=\"text-align: justify;\"><\/div>\n<p style=\"text-align: justify;\"><strong>3 luglio<\/strong><\/p>\n<div style=\"text-align: justify;\"><\/div>\n<p style=\"text-align: justify;\"><strong>ore 18,30 Corso Umberto<\/strong><\/p>\n<div style=\"text-align: justify;\"><\/div>\n<p style=\"text-align: justify;\"><strong>LA RIVOLTA DELLE BICI<\/strong><\/p>\n<div style=\"text-align: justify;\"><\/div>\n<p style=\"text-align: justify;\"><strong>free style acrobatico in bici<\/strong><\/p>\n<div style=\"text-align: justify;\"><\/div>\n<p style=\"text-align: justify;\">Atleti e rampe per sfidare la forza di gravit\u00e0 su due ruote<\/p>\n<div style=\"text-align: justify;\"><\/div>\n<p style=\"text-align: justify;\"><strong>ore 19,30 corso Umberto estramurale via Santa Margherita<\/strong><\/p>\n<div style=\"text-align: justify;\"><\/div>\n<p style=\"text-align: justify;\"><strong>IL CERCHIO DEI GIGANTI DI CARTA<\/strong><\/p>\n<div style=\"text-align: justify;\"><\/div>\n<p style=\"text-align: justify;\"><strong>Un incontro emozionante fatto di cartapesta<\/strong><\/p>\n<div style=\"text-align: justify;\"><\/div>\n<p style=\"text-align: justify;\">I carri del carnevale di Putignano circondano la citt\u00e0 vecchia<\/p>\n<div style=\"text-align: justify;\"><\/div>\n<p style=\"text-align: justify;\"><strong>ore 22,00 Piazza Aldo Moro<\/strong><\/p>\n<div style=\"text-align: justify;\"><\/div>\n<p style=\"text-align: justify;\"><strong>ROY PACI E ARETUSKA<\/strong><\/p>\n<div style=\"text-align: justify;\"><\/div>\n<p style=\"text-align: justify;\"><strong>Un concerto esplosivo<\/strong><\/p>\n<div style=\"text-align: justify;\"><\/div>\n<p style=\"text-align: justify;\">band ska-jazz in salsa caraibica, di sicilianit\u00e0 virata in chiave reggae, di fonemi francesi, spagnoli e arabi che si integrano fra loro e alimentano una miscela irresistibile.<\/p>\n<div style=\"text-align: justify;\"><\/div>\n<p style=\"text-align: justify;\">In collaborazione con CONTRORADIO<\/p>\n<div style=\"text-align: justify;\"><\/div>\n<p style=\"text-align: justify;\"><strong>4 luglio<\/strong><\/p>\n<div style=\"text-align: justify;\"><\/div>\n<p style=\"text-align: justify;\"><strong>ore 18,00 piazza Aldo Moro<\/strong><\/p>\n<div style=\"text-align: justify;\"><\/div>\n<p style=\"text-align: justify;\"><strong>CANTASTORIE<\/strong><\/p>\n<div style=\"text-align: justify;\"><\/div>\n<p style=\"text-align: justify;\"><strong>un percorso animato anche per i pi\u00f9 piccoli<\/strong><\/p>\n<div style=\"text-align: justify;\"><\/div>\n<p style=\"text-align: justify;\">insolita passeggiata per le vie di un bellissimo centro storico che si racconta attraverso personaggi sorprendenti, musici, giocolieri e cantastorie.<\/p>\n<div style=\"text-align: justify;\"><\/div>\n<p style=\"text-align: justify;\"><strong>ore 21,00 Corso Umberto Estramurale via Santa Margherita <\/strong><\/p>\n<div style=\"text-align: justify;\"><\/div>\n<p style=\"text-align: justify;\"><strong>SFILATA DEI CARRI E DELLE MASCHERE<\/strong><strong> <strong>TRAVESTITI E PARTECIPA ANCHE TU!<\/strong><\/strong> <strong>Sfilano i GIGANTI del Carnevale di Putignano<\/strong> in una parata che circumnaviga uno dei centri storici pi\u00f9 belli della Puglia.<\/p>\n<div style=\"text-align: justify;\"><\/div>\n<p style=\"text-align: justify;\">Rappresentanze dei carnevali di Crispiano, Massafra Misterbianco, Tricarico e Villa Literno, gruppi mascherati, maschere libere, maschere di carattere, musica e molto altro ancora. In collaborazione con <strong>CANTIERI CREATIVI<\/strong><\/p>\n<div style=\"text-align: justify;\"><\/div>\n<p style=\"text-align: justify;\"><strong>ore 23,00 LA BATTAGLIA DEI CUSCINI<\/strong><\/p>\n<div style=\"text-align: justify;\"><\/div>\n<p style=\"text-align: justify;\"><strong>portatevi un cuscino e lanciate la vostra sfida<\/strong><\/p>\n<div style=\"text-align: justify;\"><\/div>\n<p style=\"text-align: justify;\">una piazza, dj Calabritta, musica a palla e spazio aperto a chiunque si presenti con il proprio cuscino&#8230; o quello di un amico. Un rito liberatorio per ballare e giocare la fine delle Notti dei Giganti di Carta.<\/p>\n<div style=\"text-align: justify;\"><\/div>\n<p style=\"text-align: justify;\"><strong><img loading=\"lazy\" decoding=\"async\" class=\" alignright size-full wp-image-2895\" style=\"margin: 4px; float: right;\" alt=\"maschera_allegorica\" src=\"https:\/\/archiviogioia.lavocedelpaese.info\/wp-content\/uploads\/2010\/07\/maschera_allegorica.jpg\" width=\"239\" height=\"209\" \/>dal 2 al 4 luglio<\/strong><\/p>\n<div style=\"text-align: justify;\"><\/div>\n<p style=\"text-align: justify;\"><strong>ore 20,00 vie e piazze del borgo antico<\/strong><\/p>\n<div style=\"text-align: justify;\"><\/div>\n<p style=\"text-align: justify;\"><strong>IL BORGO ANIMATO &#8211; PIAZZA DELLA CREATIVITA\u2019<\/strong><\/p>\n<div style=\"text-align: justify;\"><\/div>\n<p style=\"text-align: justify;\"><strong>un itinerario sorprendente fra le architetture della citt\u00e0 vecchia<\/strong><\/p>\n<div style=\"text-align: justify;\"><\/div>\n<p style=\"text-align: justify;\">Un vicolo che racconta storie, l\u2019allestimento in diretta di una PIAZZA FIORITA, la facciata sonora di un palazzo, gli odori di una cantina alcoolica. Piazza Plebiscito che diventa una PIAZZA DELLA CREATIVIT\u00c0 animata dai Cantieri Creativi, mentre piazza Santa Maria diventa PANE E POMODORO e curata da Trullando, vive di musica, artigianato cucina tradizionale e artisti di strada. In gioco artisti di strada e musicisti: Quartetto Rebelde; Giradixie, Reshape, Gi\u00f9 di Circo, Terraross, Klankez, Ivo e Il Cazzasivo, dj Markoska e Ciccio Russo.<\/p>\n<div style=\"text-align: justify;\"><\/div>\n<p style=\"text-align: justify;\"><strong>ore 20,30 (venerd\u00ec e sabato) piazza Aldo Moro<\/strong><\/p>\n<div style=\"text-align: justify;\"><\/div>\n<p style=\"text-align: justify;\"><strong>MONDIALINPIAZZA<\/strong><\/p>\n<div style=\"text-align: justify;\"><\/div>\n<p style=\"text-align: justify;\">FIFA WORLD CUP SU MAXISCHERMO<\/p>\n<div style=\"text-align: justify;\"><\/div>\n<p style=\"text-align: justify;\"><strong>la migliore atmosfera per non perdersi una partita<\/strong><\/p>\n<div style=\"text-align: justify;\"><\/div>\n<p style=\"text-align: justify;\">ovvero come condividere un\u2019emozione in un posto pensato per la convivialit\u00e0 e la festa.<\/p>\n<div style=\"text-align: justify;\"><\/div>\n<p style=\"text-align: justify;\"><strong>dalle 20,00 a notte presi per la gola\u2026..<\/strong><\/p>\n<div style=\"text-align: justify;\"><\/div>\n<p style=\"text-align: justify;\"><strong>LA TAVERNA DEI GIGANTI DI CARTA<\/strong><\/p>\n<div style=\"text-align: justify;\"><\/div>\n<p style=\"text-align: justify;\"><strong>una grande birreria in piazza Aldo Moro<\/strong><\/p>\n<div style=\"text-align: justify;\"><\/div>\n<p style=\"text-align: justify;\">uno spazio destinato alla convivialit\u00e0 dove, dal venerd\u00ec alla domenica, si potr\u00e0 mangiare bere bene, guardare le partite dei mondiali seguire gli spettacoli e godere di una festosa ospitalit\u00e0<\/p>\n<div style=\"text-align: justify;\"><\/div>\n<p style=\"text-align: justify;\"><strong>LA TAVERNA DI SAN LORENZO<\/strong><\/p>\n<div style=\"text-align: justify;\"><\/div>\n<p style=\"text-align: justify;\"><strong>un angolo del borgo antico dedicato alla buona cucina<\/strong><\/p>\n<div style=\"text-align: justify;\"><\/div>\n<p style=\"text-align: justify;\">dove la sapienza del Cantinone si associa alla pioggia di fiori composta da La Mia Fioraia, per animare uno spazio di pregio<\/p>\n<div style=\"text-align: justify;\"><\/div>\n<p style=\"text-align: justify;\"><strong>PANE E POMODORO<\/strong><\/p>\n<div style=\"text-align: justify;\"><\/div>\n<p style=\"text-align: justify;\"><strong>via Santa Maria<\/strong><\/p>\n<div style=\"text-align: justify;\"><\/div>\n<p style=\"text-align: justify;\"><strong>i sapori della tradizione contadina<\/strong><\/p>\n<div style=\"text-align: justify;\"><\/div>\n<p style=\"text-align: justify;\">una piazza, Santa Maria, dedicata alla convivialit\u00e0 pi\u00f9 semplice, a uno stare insieme animato dalle danze della tradizione.<\/p>\n<div style=\"text-align: justify;\"><\/div>\n<p style=\"text-align: justify;\"><strong>Formazione atrio del Palazzo Comunale e Piazza Plebiscito<\/strong><\/p>\n<div style=\"text-align: justify;\"><\/div>\n<p style=\"text-align: justify;\"><strong>LA FABBRICA DEI SOGNI DI CARTA<\/strong><\/p>\n<div style=\"text-align: justify;\"><\/div>\n<p style=\"text-align: justify;\"><strong>due scuole, per un laboratorio aperto<\/strong><\/p>\n<div style=\"text-align: justify;\"><\/div>\n<p style=\"text-align: justify;\">Uno dei pi\u00f9 originali maestri cartapestai di Viareggio, Gilbert Lebigre, conduce un laboratorio sull\u2019uso inusuale della carta nella tradizione del Carnevale, mentre i costumisti siciliani di Misterbianco propongono un percorso per la creazione in diretta di due dei loro abiti monumentali.<\/p>\n<div style=\"text-align: justify;\"><\/div>\n<p style=\"text-align: justify;\">In collaborazione con <strong>CANTIERI CREATIVI<\/strong><\/p>\n<div style=\"text-align: justify;\"><\/div>\n<p style=\"text-align: justify;\">collaborano alle Notti dei Giganti di Carta:BALL, RER I CANT &#8211; IL CANTINONE \u2013 I CINGHIALI DELLA MURGIA &#8211; CIPPONE &amp; DI BITETTO \u2013 GRUPPO RICERCHE CARSICHE &#8211; CONTRORADIO &#8211; ITINERARI E SENTIERI DI DANZA &#8211; LOCAL LAB &#8211; LA MIA FIORAIA &#8211; TERLIZZI IN FIORE \u2013 TRULLANDO<\/p>\n","protected":false},"excerpt":{"rendered":"","protected":false},"author":1,"featured_media":2893,"comment_status":"open","ping_status":"closed","sticky":false,"template":"","format":"standard","meta":{"colormag_page_container_layout":"default_layout","colormag_page_sidebar_layout":"default_layout","footnotes":""},"categories":[7],"tags":[],"class_list":["post-2896","post","type-post","status-publish","format-standard","has-post-thumbnail","hentry","category-attualita"],"_links":{"self":[{"href":"https:\/\/archiviogioia.lavocedelpaese.info\/index.php?rest_route=\/wp\/v2\/posts\/2896","targetHints":{"allow":["GET"]}}],"collection":[{"href":"https:\/\/archiviogioia.lavocedelpaese.info\/index.php?rest_route=\/wp\/v2\/posts"}],"about":[{"href":"https:\/\/archiviogioia.lavocedelpaese.info\/index.php?rest_route=\/wp\/v2\/types\/post"}],"author":[{"embeddable":true,"href":"https:\/\/archiviogioia.lavocedelpaese.info\/index.php?rest_route=\/wp\/v2\/users\/1"}],"replies":[{"embeddable":true,"href":"https:\/\/archiviogioia.lavocedelpaese.info\/index.php?rest_route=%2Fwp%2Fv2%2Fcomments&post=2896"}],"version-history":[{"count":0,"href":"https:\/\/archiviogioia.lavocedelpaese.info\/index.php?rest_route=\/wp\/v2\/posts\/2896\/revisions"}],"wp:featuredmedia":[{"embeddable":true,"href":"https:\/\/archiviogioia.lavocedelpaese.info\/index.php?rest_route=\/wp\/v2\/media\/2893"}],"wp:attachment":[{"href":"https:\/\/archiviogioia.lavocedelpaese.info\/index.php?rest_route=%2Fwp%2Fv2%2Fmedia&parent=2896"}],"wp:term":[{"taxonomy":"category","embeddable":true,"href":"https:\/\/archiviogioia.lavocedelpaese.info\/index.php?rest_route=%2Fwp%2Fv2%2Fcategories&post=2896"},{"taxonomy":"post_tag","embeddable":true,"href":"https:\/\/archiviogioia.lavocedelpaese.info\/index.php?rest_route=%2Fwp%2Fv2%2Ftags&post=2896"}],"curies":[{"name":"wp","href":"https:\/\/api.w.org\/{rel}","templated":true}]}}