{"id":29030,"date":"2012-10-19T05:32:36","date_gmt":"2012-10-19T05:32:36","guid":{"rendered":"https:\/\/archiviogioia.lavocedelpaese.info\/?p=29030"},"modified":"2012-10-19T05:32:36","modified_gmt":"2012-10-19T05:32:36","slug":"il-miracolo-di-trani-la-replica-di-gabriele-pace-3","status":"publish","type":"post","link":"https:\/\/archiviogioia.lavocedelpaese.info\/?p=29030","title":{"rendered":"\u201cIL MIRACOLO DI TRANI\u201d, LA REPLICA DI GABRIELE PACE"},"content":{"rendered":"<p><img loading=\"lazy\" decoding=\"async\" class=\" size-full wp-image-29008\" style=\"margin-right: 2px; margin-left: 2px;\" alt=\"comitato-miracolo-di-trani-pp\" src=\"https:\/\/archiviogioia.lavocedelpaese.info\/wp-content\/uploads\/2012\/10\/comitato-miracolo-di-trani-pp.png\" height=\"150\" width=\"320\" srcset=\"https:\/\/archiviogioia.lavocedelpaese.info\/wp-content\/uploads\/2012\/10\/comitato-miracolo-di-trani-pp.png 640w, https:\/\/archiviogioia.lavocedelpaese.info\/wp-content\/uploads\/2012\/10\/comitato-miracolo-di-trani-pp-300x141.png 300w\" sizes=\"auto, (max-width: 320px) 100vw, 320px\" \/><\/p>\n<p><!--more--><\/p>\n<p style=\"text-align: justify;\"><strong><img loading=\"lazy\" decoding=\"async\" class=\" alignleft size-full wp-image-29009\" style=\"margin: 4px; float: left;\" alt=\"film scene gioia pp\" src=\"https:\/\/archiviogioia.lavocedelpaese.info\/wp-content\/uploads\/2012\/10\/film_scene_gioia_pp.JPG\" height=\"225\" width=\"300\" srcset=\"https:\/\/archiviogioia.lavocedelpaese.info\/wp-content\/uploads\/2012\/10\/film_scene_gioia_pp.JPG 640w, https:\/\/archiviogioia.lavocedelpaese.info\/wp-content\/uploads\/2012\/10\/film_scene_gioia_pp-300x225.jpg 300w\" sizes=\"auto, (max-width: 300px) 100vw, 300px\" \/>Dopo le precisazioni di Giovanni Paradiso circa la realizzazione del film &#8220;Il miracolo di Trani&#8221;<\/strong> (<a href=\"attualita\/5716-il-miracolo-di-trani-parla-johnny-paradiso.html\" class=\"contentpagetitle\">\u201cIL MIRACOLO DI TRANI\u201d &#8211; PARLA JOHNNY PARADISO<\/a>), <strong>giunge puntuale e precisa la replica<\/strong> da parte dello studio legale Regina &amp; Partners, a firma dell&#8217;avv. Domenico P. Regina per conto del suo assistito <strong>Gabriele Pace<\/strong>. Alla stessa si aggiunge un <strong>messaggio di solidariet\u00e0 a firma di Vincenzo de Simola<\/strong>.<\/p>\n<p style=\"text-align: center;\">&#8212;&#8212;&#8212;&#8212;&#8212;&#8212;&#8212;&#8212;&#8212;&#8212;&#8212;&#8212;&#8212;&#8212;&#8212;-<\/p>\n<p style=\"text-align: justify;\"><i>&#8220;Egregio Direttore<\/i><\/p>\n<p style=\"text-align: justify;\">In doverosa replica alla comunicazione del sig. Johnny Giovanni Paradiso da Voi pubblicata in data odierna riguardante l\u2019associazione Obiettivo Trani ed il mio assistito sig. Gabriele Pace ritengo di formulare alcune doverose precisazioni.<\/p>\n<ol style=\"text-align: justify;\">\n<li>1.Non si comprende quali possano essere le \u201ccalunnie\u201d operate in danno del sig. Paradis<strong><img loading=\"lazy\" decoding=\"async\" class=\" alignright size-full wp-image-29010\" style=\"margin: 4px; float: right;\" alt=\"img 0428\" src=\"https:\/\/archiviogioia.lavocedelpaese.info\/wp-content\/uploads\/2012\/10\/img_0428.jpg\" height=\"225\" width=\"300\" srcset=\"https:\/\/archiviogioia.lavocedelpaese.info\/wp-content\/uploads\/2012\/10\/img_0428.jpg 640w, https:\/\/archiviogioia.lavocedelpaese.info\/wp-content\/uploads\/2012\/10\/img_0428-300x225.jpg 300w\" sizes=\"auto, (max-width: 300px) 100vw, 300px\" \/><\/strong>o e chi le avrebbe poste in essere. Il prezioso apporto dei soci dell\u2019associazione Obiettivo Trani, e dei signori Gabriele Pace e Concetta Fabiano oltre ad essere un dato innegabile (e che \u00e8 stato sotto gli occhi di tutti) costituisce la vera genesi dell\u2019intero lavoro del sig. Gropper. L\u2019incontro tra i signori Paradiso &#8211; Pace &#8211; Fabiano ha fatto scaturire l\u2019idea (suggerita dai sig.ri Pace e Fabiano) di raccontare la vera storia dei fatti del settembre del \u201943. Proprio i sig.ri Pace e Fabiano presentano il sig. Francesco Pagano co-autore insieme al sig. Saverio Cortellino del libro \u201cprima,durante e dopo quel 18 settembre 1943 a Trani\u201d al regista Gropper. Il sig. Paradiso non potr\u00e0 negare che il nome del tenente F. Kurtz lo ha rivelato il citato libro dei sig.ri Pagano e Cortellino fulcro dell\u2019intera vicenda. Per questi motivi Il Comune di Trani, gli autori del Libro, coloro che in maniera indefessa hanno collaborato alla realizzazione del docu-film, e coloro che hanno ispirato l\u2019intero Film <b>esigevano<\/b> quanto meno una menzione nei titoli del film stesso.<\/li>\n<\/ol>\n<p style=\"text-align: justify;\">E tutto ci\u00f2 per non violare la legge sul diritto d\u2019autore in nessun caso.<\/p>\n<p style=\"text-align: justify;\"><img loading=\"lazy\" decoding=\"async\" class=\" alignright size-full wp-image-24235\" style=\"margin: 4px; float: right;\" alt=\"film gioia regista\" src=\"https:\/\/archiviogioia.lavocedelpaese.info\/wp-content\/uploads\/2012\/06\/film_gioia_regista.JPG\" height=\"225\" width=\"300\" srcset=\"https:\/\/archiviogioia.lavocedelpaese.info\/wp-content\/uploads\/2012\/06\/film_gioia_regista.JPG 640w, https:\/\/archiviogioia.lavocedelpaese.info\/wp-content\/uploads\/2012\/06\/film_gioia_regista-300x225.jpg 300w\" sizes=\"auto, (max-width: 300px) 100vw, 300px\" \/>E\u2019 appena il caso, infatti, di ricordare che anche la Germania ha un codice del Diritto d\u2019autore che al \u00a797 e seguenti sanziona chi omette di considerare gli aventi diritto.<\/p>\n<p style=\"text-align: justify; margin-left: 30px;\">2. Il sig. Gabriele Pace non ha mai \u201cmillantato\u201d un ruolo di produttore esecutivo nel film e non \u00e8 consentito di sindacare quale esperienza Egli abbia, avendo lo stesso prestato un\u2019opera fondamentale nella realizzazione dello stesso film; Non si capisce, poi, perch\u00e9 avrebbe dovuto prestare la sua opera gratuitamente per il sig. Gropper che evidentemente ne sta usufruendo.<\/p>\n<p style=\"text-align: justify; margin-left: 30px;\">3. Da ultimo ritengo che aver girato diverse scene di un fatto storico accaduto a Trani in un\u2019altra citt\u00e0 ha, al di l\u00e0 della scelta artistica, portato un bel carico di \u201camarezza\u201d in coloro che hanno fortemente voluto l\u2019intera opera legata al territorio e ai protagonisti Tranesi: i ragazzi di Obiettivo Trani.<\/p>\n<p style=\"text-align: justify; margin-left: 30px;\">4. Per tutto il resto non \u00e8 un giornale on line la sede pi\u00f9 opportuna per operare rivendicazioni.<\/p>\n<p style=\"text-align: justify;\">Studio Legale Regina &amp; Partners<\/p>\n<p style=\"text-align: justify;\">Avv. <b>Domenico P. Regina<\/b>&#8220;<\/p>\n<p style=\"text-align: center;\" align=\"center\"><b>&#8212;&#8212;&#8212;&#8212;&#8212;&#8212;&#8212;&#8212;&#8212;&#8212;&#8212;&#8212;&#8212;&#8212;&#8212;&#8212;&#8212;&#8212;<\/b><\/p>\n<p style=\"text-align: justify;\"><b><img loading=\"lazy\" decoding=\"async\" class=\" alignleft size-full wp-image-29011\" style=\"margin: 4px; float: left;\" alt=\"Vincenzo-de-Simola\" src=\"https:\/\/archiviogioia.lavocedelpaese.info\/wp-content\/uploads\/2012\/10\/Vincenzo-de-Simola.jpg\" height=\"220\" width=\"200\" \/><\/b>&#8220;<b>La solidariet\u00e0 al presidente di Obiettivo Trani, Gabriele Pace<\/b><\/p>\n<p style=\"text-align: justify;\">&#8220;In merito al <a href=\"http:\/\/www.radiobombo.it\/news\/53527\/trani\/-il-miracolo-di-trani-la-pronta-replica-di-gabriele-pace-alle-precisazioni-di-giovanni-paradiso\"><span style=\"color: blue;\"><\/span><\/a>caso del docu-film <b>&#8220;Il miracolo di Trani&#8221;<\/b> non posso non esprimere la mia piena solidariet\u00e0 agli amici Gabriele Pace e Concetta Fabiano. Le accuse che vengono loro rivolte a parer mio sono prive di fondamento. Conosco benissimo il loro impegno gratuito all&#8217;interno dell&#8217;Associazione &#8220;Obiettivo Trani&#8221; il loro unico interesse \u00e8 quello di salvaguardare la storia, l&#8217;arte, le bellezze architettoniche, il folklore, gli usi e i costumi della nostra Trani. Mi auguro che al pi\u00f9 presto si chiarisca questa situazione perch\u00e8 \u00e8 giunto il momento di salvaguardare la nostra citt\u00e0 da chi se ne serve per eventuali scopi personali e affinch\u00e8 Trani torni ad avere il ruolo di learderschip culturale nalla zona del nord-barese&#8221;.<\/p>\n<p style=\"text-align: justify;\"><b>Vincenzo de Simola<\/b>&#8220;<\/p>\n<p>&nbsp;<\/p>\n<p>&nbsp;<\/p>\n","protected":false},"excerpt":{"rendered":"","protected":false},"author":1,"featured_media":29008,"comment_status":"open","ping_status":"closed","sticky":false,"template":"","format":"standard","meta":{"colormag_page_container_layout":"default_layout","colormag_page_sidebar_layout":"default_layout","footnotes":""},"categories":[7],"tags":[],"class_list":["post-29030","post","type-post","status-publish","format-standard","has-post-thumbnail","hentry","category-attualita"],"_links":{"self":[{"href":"https:\/\/archiviogioia.lavocedelpaese.info\/index.php?rest_route=\/wp\/v2\/posts\/29030","targetHints":{"allow":["GET"]}}],"collection":[{"href":"https:\/\/archiviogioia.lavocedelpaese.info\/index.php?rest_route=\/wp\/v2\/posts"}],"about":[{"href":"https:\/\/archiviogioia.lavocedelpaese.info\/index.php?rest_route=\/wp\/v2\/types\/post"}],"author":[{"embeddable":true,"href":"https:\/\/archiviogioia.lavocedelpaese.info\/index.php?rest_route=\/wp\/v2\/users\/1"}],"replies":[{"embeddable":true,"href":"https:\/\/archiviogioia.lavocedelpaese.info\/index.php?rest_route=%2Fwp%2Fv2%2Fcomments&post=29030"}],"version-history":[{"count":0,"href":"https:\/\/archiviogioia.lavocedelpaese.info\/index.php?rest_route=\/wp\/v2\/posts\/29030\/revisions"}],"wp:featuredmedia":[{"embeddable":true,"href":"https:\/\/archiviogioia.lavocedelpaese.info\/index.php?rest_route=\/wp\/v2\/media\/29008"}],"wp:attachment":[{"href":"https:\/\/archiviogioia.lavocedelpaese.info\/index.php?rest_route=%2Fwp%2Fv2%2Fmedia&parent=29030"}],"wp:term":[{"taxonomy":"category","embeddable":true,"href":"https:\/\/archiviogioia.lavocedelpaese.info\/index.php?rest_route=%2Fwp%2Fv2%2Fcategories&post=29030"},{"taxonomy":"post_tag","embeddable":true,"href":"https:\/\/archiviogioia.lavocedelpaese.info\/index.php?rest_route=%2Fwp%2Fv2%2Ftags&post=29030"}],"curies":[{"name":"wp","href":"https:\/\/api.w.org\/{rel}","templated":true}]}}