{"id":29192,"date":"2012-10-23T04:21:17","date_gmt":"2012-10-23T04:21:17","guid":{"rendered":"https:\/\/archiviogioia.lavocedelpaese.info\/?p=29192"},"modified":"2012-10-23T04:21:17","modified_gmt":"2012-10-23T04:21:17","slug":"telefono-azzurro-cerca-volontari-su-gioia-2","status":"publish","type":"post","link":"https:\/\/archiviogioia.lavocedelpaese.info\/?p=29192","title":{"rendered":"TELEFONO AZZURRO CERCA VOLONTARI SU GIOIA"},"content":{"rendered":"<p><img loading=\"lazy\" decoding=\"async\" class=\" size-full wp-image-29184\" style=\"margin-right: 2px; margin-left: 2px;\" alt=\"telefono-azzurro-pp\" src=\"https:\/\/archiviogioia.lavocedelpaese.info\/wp-content\/uploads\/2012\/10\/telefono-azzurro-pp.png\" height=\"150\" width=\"320\" srcset=\"https:\/\/archiviogioia.lavocedelpaese.info\/wp-content\/uploads\/2012\/10\/telefono-azzurro-pp.png 320w, https:\/\/archiviogioia.lavocedelpaese.info\/wp-content\/uploads\/2012\/10\/telefono-azzurro-pp-300x141.png 300w\" sizes=\"auto, (max-width: 320px) 100vw, 320px\" \/><\/p>\n<p><!--more--><\/p>\n<p style=\"text-align: justify;\"><b><img loading=\"lazy\" decoding=\"async\" class=\" alignleft size-full wp-image-29186\" style=\"margin: 4px; float: left;\" alt=\"Logo25anniTrasp1\" src=\"https:\/\/archiviogioia.lavocedelpaese.info\/wp-content\/uploads\/2012\/10\/Logo25anniTrasp1.png\" height=\"281\" width=\"220\" srcset=\"https:\/\/archiviogioia.lavocedelpaese.info\/wp-content\/uploads\/2012\/10\/Logo25anniTrasp1.png 291w, https:\/\/archiviogioia.lavocedelpaese.info\/wp-content\/uploads\/2012\/10\/Logo25anniTrasp1-235x300.png 235w\" sizes=\"auto, (max-width: 220px) 100vw, 220px\" \/>\u201cTelefono Azzurro sta organizzando per il&nbsp;17 e&nbsp;18 Novembre una manifestazione nazionale di sensibilizzazione e raccolta fondi<\/b> in 1200 piazze italiane.<\/p>\n<p style=\"text-align: justify;\"><b>Ci piacerebbe essere presenti anche nel Vs comune<\/b>, dove per\u00f2 non disponiamo di nostri volontari, cos\u00ec ci permettiamo di inviarLe un po&#8217; di materiale informativo relativo alla nostra iniziativa perch\u00e8 ci piacerebbe coinvolgerVi in questo progetto.<\/p>\n<p style=\"text-align: justify;\"><b>Le date sono indicative e relative alla campagna nazionale <\/b>di Telefono azzurro per le ipotetiche 1200 piazze che verranno coinvolte in tutta Italia. <b>Il volontario potr\u00e0 distribuire le candele anche in date diverse<\/b> e successive a quelle indicate.<\/p>\n<p style=\"text-align: justify;\"><b>Chiediamo ai volontari&nbsp;la&nbsp;disponibilit\u00e0 anche di una mezza giornata<\/b>, magari nella piazza principale del paese, sul sagrato della chiesa dopo la messa, in occasione di sagre e fiere paesane, mercatini di Natale&#8230;<b>ogni occasione potrebbe essere quella giusta<\/b>.<\/p>\n<p style=\"text-align: justify;\"><b>Le candele inoltre possono essere tenute dai volontari <\/b><img loading=\"lazy\" decoding=\"async\" class=\" alignright size-full wp-image-29187\" style=\"margin: 4px; float: right;\" alt=\"TelefonoAzzurro 25\" src=\"https:\/\/archiviogioia.lavocedelpaese.info\/wp-content\/uploads\/2012\/10\/TelefonoAzzurro_25.png\" height=\"261\" width=\"220\" srcset=\"https:\/\/archiviogioia.lavocedelpaese.info\/wp-content\/uploads\/2012\/10\/TelefonoAzzurro_25.png 355w, https:\/\/archiviogioia.lavocedelpaese.info\/wp-content\/uploads\/2012\/10\/TelefonoAzzurro_25-253x300.png 253w\" sizes=\"auto, (max-width: 220px) 100vw, 220px\" \/><b>per tutto il mese di dicembre<\/b> per continuare la raccolta fondi indipendentemente dalle date previste e dalla presenza in piazza.<\/p>\n<p style=\"text-align: justify;\"><b>Contiamo molto&nbsp;nella collaborazione<\/b> di&nbsp;tutte le persone&nbsp;che possono darci un aiuto.<\/p>\n<p style=\"text-align: justify;\">Cordialmente<\/p>\n<p style=\"text-align: justify;\"><b>Elisa Bergamasco<\/b><\/p>\n<p style=\"text-align: justify;\"><b>Sede operativa di Telefono Azzurro<\/b> &#8211; Tel 0422 609958 &#8211; Fax 0422 609964 &#8211; <a href=\"mailto:&lt;a href=\" mailto:fioridazzurro=\"\" mbox=\"\" sevenlab=\"\" net=\"\">fioridazzurro@mbox.sevenlab.net<\/a>&#8220;.<\/p>\n<p style=\"text-align: justify;\">Scheda <strong>adesione<\/strong> <a href=\"https:\/\/archiviogioia.lavocedelpaese.info\/wp-content\/uploads\/2012\/10\/telefono-azzurro-scheda-di-adesione-candele-12.doc\">clicca qui<\/a>.<\/p>\n<p style=\"text-align: justify;\">Ricerca <strong>nuovi volontari<\/strong> <a href=\"https:\/\/archiviogioia.lavocedelpaese.info\/wp-content\/uploads\/2012\/10\/telefono-azzurro-volontari-new.doc\">clicca qui<\/a>.<\/p>\n<p>&nbsp;<\/p>\n","protected":false},"excerpt":{"rendered":"","protected":false},"author":1,"featured_media":29184,"comment_status":"open","ping_status":"closed","sticky":false,"template":"","format":"standard","meta":{"colormag_page_container_layout":"default_layout","colormag_page_sidebar_layout":"default_layout","footnotes":""},"categories":[7],"tags":[],"class_list":["post-29192","post","type-post","status-publish","format-standard","has-post-thumbnail","hentry","category-attualita"],"_links":{"self":[{"href":"https:\/\/archiviogioia.lavocedelpaese.info\/index.php?rest_route=\/wp\/v2\/posts\/29192","targetHints":{"allow":["GET"]}}],"collection":[{"href":"https:\/\/archiviogioia.lavocedelpaese.info\/index.php?rest_route=\/wp\/v2\/posts"}],"about":[{"href":"https:\/\/archiviogioia.lavocedelpaese.info\/index.php?rest_route=\/wp\/v2\/types\/post"}],"author":[{"embeddable":true,"href":"https:\/\/archiviogioia.lavocedelpaese.info\/index.php?rest_route=\/wp\/v2\/users\/1"}],"replies":[{"embeddable":true,"href":"https:\/\/archiviogioia.lavocedelpaese.info\/index.php?rest_route=%2Fwp%2Fv2%2Fcomments&post=29192"}],"version-history":[{"count":0,"href":"https:\/\/archiviogioia.lavocedelpaese.info\/index.php?rest_route=\/wp\/v2\/posts\/29192\/revisions"}],"wp:featuredmedia":[{"embeddable":true,"href":"https:\/\/archiviogioia.lavocedelpaese.info\/index.php?rest_route=\/wp\/v2\/media\/29184"}],"wp:attachment":[{"href":"https:\/\/archiviogioia.lavocedelpaese.info\/index.php?rest_route=%2Fwp%2Fv2%2Fmedia&parent=29192"}],"wp:term":[{"taxonomy":"category","embeddable":true,"href":"https:\/\/archiviogioia.lavocedelpaese.info\/index.php?rest_route=%2Fwp%2Fv2%2Fcategories&post=29192"},{"taxonomy":"post_tag","embeddable":true,"href":"https:\/\/archiviogioia.lavocedelpaese.info\/index.php?rest_route=%2Fwp%2Fv2%2Ftags&post=29192"}],"curies":[{"name":"wp","href":"https:\/\/api.w.org\/{rel}","templated":true}]}}