{"id":29347,"date":"2012-10-25T04:34:18","date_gmt":"2012-10-25T04:34:18","guid":{"rendered":"https:\/\/archiviogioia.lavocedelpaese.info\/?p=29347"},"modified":"2012-10-25T04:34:18","modified_gmt":"2012-10-25T04:34:18","slug":"pellegrinaggio-san-rocco-amministrazione-assente-foto","status":"publish","type":"post","link":"https:\/\/archiviogioia.lavocedelpaese.info\/?p=29347","title":{"rendered":"PELLEGRINAGGIO SAN ROCCO, \u201cCOMUNE ASSENTE\u201d-foto"},"content":{"rendered":"<p><img loading=\"lazy\" decoding=\"async\" class=\" size-full wp-image-29341\" style=\"margin-right: 2px; margin-left: 2px;\" alt=\"san-rocco-pellegrinaggio-pp\" src=\"https:\/\/archiviogioia.lavocedelpaese.info\/wp-content\/uploads\/2012\/10\/san-rocco-pellegrinaggio-pp.png\" height=\"150\" width=\"320\" srcset=\"https:\/\/archiviogioia.lavocedelpaese.info\/wp-content\/uploads\/2012\/10\/san-rocco-pellegrinaggio-pp.png 640w, https:\/\/archiviogioia.lavocedelpaese.info\/wp-content\/uploads\/2012\/10\/san-rocco-pellegrinaggio-pp-300x141.png 300w\" sizes=\"auto, (max-width: 320px) 100vw, 320px\" \/><\/p>\n<p><!--more--><\/p>\n<p><img loading=\"lazy\" decoding=\"async\" class=\" alignleft size-full wp-image-29344\" style=\"margin: 4px; float: left;\" alt=\"pellegrinaggio san rocco a roma\" src=\"https:\/\/archiviogioia.lavocedelpaese.info\/wp-content\/uploads\/2012\/10\/pellegrinaggio_san_rocco_a_roma.JPG\" height=\"225\" width=\"300\" srcset=\"https:\/\/archiviogioia.lavocedelpaese.info\/wp-content\/uploads\/2012\/10\/pellegrinaggio_san_rocco_a_roma.JPG 640w, https:\/\/archiviogioia.lavocedelpaese.info\/wp-content\/uploads\/2012\/10\/pellegrinaggio_san_rocco_a_roma-300x225.jpg 300w\" sizes=\"auto, (max-width: 300px) 100vw, 300px\" \/>&#8220;Come negli altri anni<b> la Confraternita di San<\/b> <b>Rocco<\/b> di Gioia del Colle <b>ha organizzato un pellegrinaggio a Roma<\/b> nei giorni 19, 20 e 21 u.s. in occasione dell&#8217;incontro annuale di &#8220;<b>Un giorno in preghiera con San Rocco<\/b>&#8220;.<\/p>\n<p style=\"text-align: justify;\"><b>La manifestazione<\/b>, organizzata dalla &#8220;Associazione Europea Amici Di San Rocco&#8221;, <b>sotto la guida<\/b> dell&#8217;instancabile Procuratore di San Rocco fratel <b>Costantino De Bellis<\/b>, <b>ha raccolto<\/b> nella chiesa di San Rocco <b>oltre 50 fra confraternite e associazioni<\/b> amici di San Rocco e 25 sindaci di diverse citt\u00e0 italiane con i rispettivi gonfaloni.<\/p>\n<p style=\"text-align: justify;\"><b>C&#8217;erano delegazioni di quasi tutte le regioni d&#8217;Italia<\/b>.<\/p>\n<p style=\"text-align: justify;\"><b><img loading=\"lazy\" decoding=\"async\" class=\" alignright size-full wp-image-29345\" style=\"margin: 4px; float: right;\" alt=\"pellegrinaggio san rocco2\" src=\"https:\/\/archiviogioia.lavocedelpaese.info\/wp-content\/uploads\/2012\/10\/pellegrinaggio_san_rocco2.JPG\" height=\"216\" width=\"300\" srcset=\"https:\/\/archiviogioia.lavocedelpaese.info\/wp-content\/uploads\/2012\/10\/pellegrinaggio_san_rocco2.JPG 640w, https:\/\/archiviogioia.lavocedelpaese.info\/wp-content\/uploads\/2012\/10\/pellegrinaggio_san_rocco2-300x216.jpg 300w\" sizes=\"auto, (max-width: 300px) 100vw, 300px\" \/>Da Motta D&#8217;affermo<\/b> (Messina) <b>\u00e8 stata portata a Roma un&#8217;immagine di San Rocco<\/b> <b>e un carro trionfale piuttosto pesante che 12 persone hanno portato in processione<\/b> ritmando l&#8217;andatura. La mattina abbiamo assistito alla Santa Messa; il pomeriggio abbiamo partecipato alla processione che \u00e8 arrivata a Piazza del Popolo, ha percorso Via del Babbuino ed \u00e8 ritornata sul piazzale della chiesa dove \u00e8 stata impartita la Benedizione Eucaristica a cui \u00e8 seguito il bacio della Reliquia del Santo.<\/p>\n<p style=\"text-align: justify;\"><b><img loading=\"lazy\" decoding=\"async\" class=\" alignleft size-full wp-image-29346\" style=\"margin: 4px; float: left;\" alt=\"pellegrinaggio san rocco1\" src=\"https:\/\/archiviogioia.lavocedelpaese.info\/wp-content\/uploads\/2012\/10\/pellegrinaggio_san_rocco1.JPG\" height=\"225\" width=\"300\" srcset=\"https:\/\/archiviogioia.lavocedelpaese.info\/wp-content\/uploads\/2012\/10\/pellegrinaggio_san_rocco1.JPG 640w, https:\/\/archiviogioia.lavocedelpaese.info\/wp-content\/uploads\/2012\/10\/pellegrinaggio_san_rocco1-300x225.jpg 300w\" sizes=\"auto, (max-width: 300px) 100vw, 300px\" \/>Una esperienza emozionante per tutti noi della confraternita e dei devoti di Gioia<\/b> che con noi hanno voluto partecipare al pellegrinaggio.<\/p>\n<p style=\"text-align: justify;\">La domenica mattina passeggiata per il centro di Roma. <b>Il pellegrinaggio si \u00e8 concluso con la visita alla Basilica di San Paolo Fuori le Mura e al Santuario del Divino Amore<\/b>.<\/p>\n<p style=\"text-align: justify;\"><b>Un solo rammarico<\/b>: <b>l&#8217;assenza del gonfalone della nostra citt\u00e0 e del rappresentante istituzionale<\/b>&#8220;.<\/p>\n<p style=\"text-align: right;\">(Confraternita di San Rocco)<\/p>\n<p><object type=\"application\/x-shockwave-flash\" width=\"660\" height=\"660\" flashvars=\"host=picasaweb.google.com&amp;hl=it&amp;feat=flashalbum&amp;RGB=0x000000&amp;feed=https:\/\/picasaweb.google.com\/data\/feed\/api\/user\/104626251937098962566\/albumid\/5803124504547661409?alt=rss&amp;kind=photo&amp;authkey=Gv1sRgCO_9_rfcxJbAIg&amp;hl=it\" pluginspage=\"http:\/\/www.macromedia.com\/go\/getflashplayer\" data=\"https:\/\/picasaweb.google.com\/s\/c\/bin\/slideshow.swf\"><param name=\"movie\" value=\"https:\/\/picasaweb.google.com\/s\/c\/bin\/slideshow.swf\" \/><\/object><\/p>\n","protected":false},"excerpt":{"rendered":"","protected":false},"author":1,"featured_media":29341,"comment_status":"open","ping_status":"closed","sticky":false,"template":"","format":"standard","meta":{"colormag_page_container_layout":"default_layout","colormag_page_sidebar_layout":"default_layout","footnotes":""},"categories":[7],"tags":[],"class_list":["post-29347","post","type-post","status-publish","format-standard","has-post-thumbnail","hentry","category-attualita"],"_links":{"self":[{"href":"https:\/\/archiviogioia.lavocedelpaese.info\/index.php?rest_route=\/wp\/v2\/posts\/29347","targetHints":{"allow":["GET"]}}],"collection":[{"href":"https:\/\/archiviogioia.lavocedelpaese.info\/index.php?rest_route=\/wp\/v2\/posts"}],"about":[{"href":"https:\/\/archiviogioia.lavocedelpaese.info\/index.php?rest_route=\/wp\/v2\/types\/post"}],"author":[{"embeddable":true,"href":"https:\/\/archiviogioia.lavocedelpaese.info\/index.php?rest_route=\/wp\/v2\/users\/1"}],"replies":[{"embeddable":true,"href":"https:\/\/archiviogioia.lavocedelpaese.info\/index.php?rest_route=%2Fwp%2Fv2%2Fcomments&post=29347"}],"version-history":[{"count":0,"href":"https:\/\/archiviogioia.lavocedelpaese.info\/index.php?rest_route=\/wp\/v2\/posts\/29347\/revisions"}],"wp:featuredmedia":[{"embeddable":true,"href":"https:\/\/archiviogioia.lavocedelpaese.info\/index.php?rest_route=\/wp\/v2\/media\/29341"}],"wp:attachment":[{"href":"https:\/\/archiviogioia.lavocedelpaese.info\/index.php?rest_route=%2Fwp%2Fv2%2Fmedia&parent=29347"}],"wp:term":[{"taxonomy":"category","embeddable":true,"href":"https:\/\/archiviogioia.lavocedelpaese.info\/index.php?rest_route=%2Fwp%2Fv2%2Fcategories&post=29347"},{"taxonomy":"post_tag","embeddable":true,"href":"https:\/\/archiviogioia.lavocedelpaese.info\/index.php?rest_route=%2Fwp%2Fv2%2Ftags&post=29347"}],"curies":[{"name":"wp","href":"https:\/\/api.w.org\/{rel}","templated":true}]}}