{"id":29450,"date":"2012-10-27T08:11:38","date_gmt":"2012-10-27T08:11:38","guid":{"rendered":"https:\/\/archiviogioia.lavocedelpaese.info\/?p=29450"},"modified":"2012-10-27T08:11:38","modified_gmt":"2012-10-27T08:11:38","slug":"visitilli-educare-anche-alla-vita-alla-felicita-foto-2","status":"publish","type":"post","link":"https:\/\/archiviogioia.lavocedelpaese.info\/?p=29450","title":{"rendered":"VISITILLI: \u201cEDUCARE ANCHE ALLA VITA, ALLA FELICIT\u00c1\u201d-foto"},"content":{"rendered":"<p><img loading=\"lazy\" decoding=\"async\" class=\" size-full wp-image-29443\" style=\"margin-right: 2px; margin-left: 2px;\" alt=\"visitilli-spiega-libro-pp\" src=\"https:\/\/archiviogioia.lavocedelpaese.info\/wp-content\/uploads\/2012\/10\/visitilli-spiega-libro-pp.jpg\" height=\"150\" width=\"320\" srcset=\"https:\/\/archiviogioia.lavocedelpaese.info\/wp-content\/uploads\/2012\/10\/visitilli-spiega-libro-pp.jpg 640w, https:\/\/archiviogioia.lavocedelpaese.info\/wp-content\/uploads\/2012\/10\/visitilli-spiega-libro-pp-300x141.jpg 300w\" sizes=\"auto, (max-width: 320px) 100vw, 320px\" \/><\/p>\n<p><!--more--><\/p>\n<p style=\"margin-bottom: 0.0001pt; text-align: justify; line-height: normal;\"><b><img loading=\"lazy\" decoding=\"async\" class=\" alignleft size-full wp-image-29444\" style=\"margin: 4px; float: left;\" alt=\"visitilli-ragazzi-lettura\" src=\"https:\/\/archiviogioia.lavocedelpaese.info\/wp-content\/uploads\/2012\/10\/visitilli-ragazzi-lettura.jpg\" height=\"225\" width=\"300\" srcset=\"https:\/\/archiviogioia.lavocedelpaese.info\/wp-content\/uploads\/2012\/10\/visitilli-ragazzi-lettura.jpg 641w, https:\/\/archiviogioia.lavocedelpaese.info\/wp-content\/uploads\/2012\/10\/visitilli-ragazzi-lettura-300x225.jpg 300w\" sizes=\"auto, (max-width: 300px) 100vw, 300px\" \/>Gremita di studenti l\u2019aula magna del liceo classico \u201cP.V. Marone\u201d <\/b>nel pomeriggio del 23 ottobre, in occasione della <b>presentazione del libro di Giancarlo Visitilli \u201cE la felicit\u00e0, prof?\u201d<\/b> &#8211; edito Einaudi.<\/p>\n<p style=\"margin-bottom: 0.0001pt; text-align: justify; line-height: normal;\"><b>Docente di lettere<\/b>, <b>giornalista<\/b> per \u201cLa Repubblica\u201d ed <b>educatore<\/b> presso la cooperativa sociale \u201cI bambini di Truffaut\u201d, <b>Visitilli passa al vaglio novecento storie \u201cdifficili\u201d raccontate sulla sua rubrica \u201cIn cattedra\u201d<\/b>, ne seleziona ventinove e le raccoglie in un libro. <b>Sono storie di ragazzi troppo presto messi alla prova dalla vita<\/b>, la cui esistenza ha incrociato quella del giornalista negli anni in cui \u00e8 stato il loro docente.<\/p>\n<p style=\"margin-bottom: 0.0001pt; text-align: justify; line-height: normal;\"><b>A far da sfondo, il contesto di una scuola precaria, ingessata in <img loading=\"lazy\" decoding=\"async\" class=\" alignright size-full wp-image-29445\" style=\"margin: 4px; float: right;\" alt=\"visitilli-procino\" src=\"https:\/\/archiviogioia.lavocedelpaese.info\/wp-content\/uploads\/2012\/10\/visitilli-procino.jpg\" height=\"157\" width=\"320\" srcset=\"https:\/\/archiviogioia.lavocedelpaese.info\/wp-content\/uploads\/2012\/10\/visitilli-procino.jpg 609w, https:\/\/archiviogioia.lavocedelpaese.info\/wp-content\/uploads\/2012\/10\/visitilli-procino-300x147.jpg 300w\" sizes=\"auto, (max-width: 320px) 100vw, 320px\" \/>schematismi<\/b> che vedono nel voto la principale modalit\u00e0 di valutazione di uno studente, vittima di una miopia che non le permette di guardare al di l\u00e0 della meccanica ripartizione in materie del sapere. <b>Una scuola che insegna la letteratura, la matematica, la storia e quant\u2019altro, ma la felicit\u00e0? Cos\u2019\u00e8 la felicit\u00e0? Dov\u2019\u00e8 <\/b>la felicit\u00e0 quando, prossimi alla maturit\u00e0, si scopre una gravidanza indesiderata? O quando si \u00e8 assistito al <img loading=\"lazy\" decoding=\"async\" class=\" alignleft size-full wp-image-29447\" style=\"margin: 4px; float: left;\" alt=\"visitilli-studenti\" src=\"https:\/\/archiviogioia.lavocedelpaese.info\/wp-content\/uploads\/2012\/10\/visitilli-studenti.jpg\" height=\"225\" width=\"300\" srcset=\"https:\/\/archiviogioia.lavocedelpaese.info\/wp-content\/uploads\/2012\/10\/visitilli-studenti.jpg 641w, https:\/\/archiviogioia.lavocedelpaese.info\/wp-content\/uploads\/2012\/10\/visitilli-studenti-300x225.jpg 300w\" sizes=\"auto, (max-width: 300px) 100vw, 300px\" \/>suicidio del proprio padre? O quando si vive l\u2019incubo dell\u2019anoressia?<\/p>\n<p style=\"margin-bottom: 0.0001pt; text-align: justify; line-height: normal;\"><b>Visitilli ascolta le storie dei suoi allievi, partecipe delle loro angosce ma anche delle loro gioie<\/b>, <b>restituendo la voce a ragazzi<\/b> che dalla scuola si aspettano di essere ascoltati. \u201c<b>Sono ragazzi che chiedono non lezioni, ma soluzioni<\/b>\u201d, <b>sostiene la prof.ssa Grazia Procino<\/b> introducendo l\u2019autore.<\/p>\n<p style=\"margin-bottom: 0.0001pt; text-align: justify; line-height: normal;\"><b>Nell\u2019ascoltarli, nel confrontarsi con loro<\/b> sulla visione di un film o sulla lettura di un romanzo, <b>Visitilli scardina il rapporto tradizionalmente gerarchico<\/b> che attribuisce al docente il compito esclusivo di valutare le prestazioni del discente e riflette sulla futile separazione fra la vita del professore e quella dell\u2019allievo.<\/p>\n<p style=\"margin-bottom: 0.0001pt; text-align: justify; line-height: normal;\"><b><img loading=\"lazy\" decoding=\"async\" class=\" alignright size-full wp-image-29448\" style=\"margin: 4px; float: right;\" alt=\"visitilli-interventi\" src=\"https:\/\/archiviogioia.lavocedelpaese.info\/wp-content\/uploads\/2012\/10\/visitilli-interventi.jpg\" height=\"194\" width=\"320\" srcset=\"https:\/\/archiviogioia.lavocedelpaese.info\/wp-content\/uploads\/2012\/10\/visitilli-interventi.jpg 610w, https:\/\/archiviogioia.lavocedelpaese.info\/wp-content\/uploads\/2012\/10\/visitilli-interventi-300x181.jpg 300w\" sizes=\"auto, (max-width: 320px) 100vw, 320px\" \/>Emerge quindi l\u2019esigenza di rinnovare una scuola troppo spesso bistrattata<\/b> <b>da Riforme che poco le hanno giovato negli ultimi anni<\/b>, lasciandola intrappolata nelle sue contraddizioni. Perch\u00e9 non ha senso celebrare la Giornata della Memoria se non si \u00e8 in grado di insegnare ai ragazzi il rispetto per l\u2019altro, lasciando che la scuola diventi sede di violenti comportamenti omofobi.<\/p>\n<p style=\"margin-bottom: 0.0001pt; text-align: justify; line-height: normal;\"><b>Il libro parla anche di questo, dell\u2019identit\u00e0 sessuale <\/b>che insegnanti e allievi sono spesso costretti a soffocare per essere accettati. Visitilli promuove l\u2019idea di una scuola in cui <b>la cultura sia veicolata non solo dalle classiche \u201cmaterie\u201d, ma anche da esperienze di vita condivise con i ragazzi<\/b>, che non sono pezzi di una qualunque catena di montaggio da accogliere, manipolare e avviare alla prossima fase del processo, ma <b>persone da educare alla maturit\u00e0 e alla vita. E, perch\u00e9 no, alla felicit\u00e0<\/b>.<\/p>\n<p><object type=\"application\/x-shockwave-flash\" width=\"660\" height=\"660\" flashvars=\"host=picasaweb.google.com&amp;hl=it&amp;feat=flashalbum&amp;RGB=0x000000&amp;feed=https:\/\/picasaweb.google.com\/data\/feed\/api\/user\/104626251937098962566\/albumid\/5803919637120497857?alt=rss&amp;kind=photo&amp;authkey=Gv1sRgCOLf-KjxpdXQuAE&amp;hl=it\" pluginspage=\"http:\/\/www.macromedia.com\/go\/getflashplayer\" data=\"https:\/\/picasaweb.google.com\/s\/c\/bin\/slideshow.swf\"><param name=\"movie\" value=\"https:\/\/picasaweb.google.com\/s\/c\/bin\/slideshow.swf\" \/><\/object><\/p>\n","protected":false},"excerpt":{"rendered":"","protected":false},"author":1,"featured_media":29443,"comment_status":"open","ping_status":"closed","sticky":false,"template":"","format":"standard","meta":{"colormag_page_container_layout":"default_layout","colormag_page_sidebar_layout":"default_layout","footnotes":""},"categories":[9],"tags":[],"class_list":["post-29450","post","type-post","status-publish","format-standard","has-post-thumbnail","hentry","category-la-voce-del-paese"],"_links":{"self":[{"href":"https:\/\/archiviogioia.lavocedelpaese.info\/index.php?rest_route=\/wp\/v2\/posts\/29450","targetHints":{"allow":["GET"]}}],"collection":[{"href":"https:\/\/archiviogioia.lavocedelpaese.info\/index.php?rest_route=\/wp\/v2\/posts"}],"about":[{"href":"https:\/\/archiviogioia.lavocedelpaese.info\/index.php?rest_route=\/wp\/v2\/types\/post"}],"author":[{"embeddable":true,"href":"https:\/\/archiviogioia.lavocedelpaese.info\/index.php?rest_route=\/wp\/v2\/users\/1"}],"replies":[{"embeddable":true,"href":"https:\/\/archiviogioia.lavocedelpaese.info\/index.php?rest_route=%2Fwp%2Fv2%2Fcomments&post=29450"}],"version-history":[{"count":0,"href":"https:\/\/archiviogioia.lavocedelpaese.info\/index.php?rest_route=\/wp\/v2\/posts\/29450\/revisions"}],"wp:featuredmedia":[{"embeddable":true,"href":"https:\/\/archiviogioia.lavocedelpaese.info\/index.php?rest_route=\/wp\/v2\/media\/29443"}],"wp:attachment":[{"href":"https:\/\/archiviogioia.lavocedelpaese.info\/index.php?rest_route=%2Fwp%2Fv2%2Fmedia&parent=29450"}],"wp:term":[{"taxonomy":"category","embeddable":true,"href":"https:\/\/archiviogioia.lavocedelpaese.info\/index.php?rest_route=%2Fwp%2Fv2%2Fcategories&post=29450"},{"taxonomy":"post_tag","embeddable":true,"href":"https:\/\/archiviogioia.lavocedelpaese.info\/index.php?rest_route=%2Fwp%2Fv2%2Ftags&post=29450"}],"curies":[{"name":"wp","href":"https:\/\/api.w.org\/{rel}","templated":true}]}}