{"id":29494,"date":"2012-10-27T23:59:15","date_gmt":"2012-10-27T23:59:15","guid":{"rendered":"https:\/\/archiviogioia.lavocedelpaese.info\/?p=29494"},"modified":"2012-10-27T23:59:15","modified_gmt":"2012-10-27T23:59:15","slug":"isabella-capozzi-in-storie-del-vecchio-sud","status":"publish","type":"post","link":"https:\/\/archiviogioia.lavocedelpaese.info\/?p=29494","title":{"rendered":"ISABELLA CAPOZZI IN \u201cSTORIE DEL VECCHIO SUD\u201d"},"content":{"rendered":"<p><img loading=\"lazy\" decoding=\"async\" class=\" size-full wp-image-29491\" style=\"margin-right: 2px; margin-left: 2px;\" alt=\"storie-del-vecchio-sud\" src=\"https:\/\/archiviogioia.lavocedelpaese.info\/wp-content\/uploads\/2012\/10\/storie-del-vecchio-sud.png\" height=\"149\" width=\"320\" srcset=\"https:\/\/archiviogioia.lavocedelpaese.info\/wp-content\/uploads\/2012\/10\/storie-del-vecchio-sud.png 320w, https:\/\/archiviogioia.lavocedelpaese.info\/wp-content\/uploads\/2012\/10\/storie-del-vecchio-sud-300x140.png 300w\" sizes=\"auto, (max-width: 320px) 100vw, 320px\" \/><\/p>\n<p><!--more--><\/p>\n<p style=\"text-align: justify;\"><b><img loading=\"lazy\" decoding=\"async\" class=\" alignleft size-full wp-image-29492\" style=\"margin: 4px; float: left;\" alt=\"isabella capozzi2\" src=\"https:\/\/archiviogioia.lavocedelpaese.info\/wp-content\/uploads\/2012\/10\/isabella_capozzi2.jpg\" height=\"435\" width=\"220\" srcset=\"https:\/\/archiviogioia.lavocedelpaese.info\/wp-content\/uploads\/2012\/10\/isabella_capozzi2.jpg 364w, https:\/\/archiviogioia.lavocedelpaese.info\/wp-content\/uploads\/2012\/10\/isabella_capozzi2-152x300.jpg 152w\" sizes=\"auto, (max-width: 220px) 100vw, 220px\" \/>Si terr\u00e0 questa sera<\/b>, alle 21.00 a Bari, in via Buccari, 120, in &#8220;<b>Storie del vecchio sud<\/b>&#8221; <b>un reading poetico a firma di Isabella Capozzi<\/b> (<a href=\"cultura\/2184-isabella-capozzi-quasi-seriamente-a-tempo-damore.html\" target=\"_blank\" rel=\"noopener\"><span style=\"color: blue;\"><\/span><\/a><a href=\"cultura\/2184-isabella-capozzi-quasi-seriamente-a-tempo-damore.html\">http:\/\/www.gioianet.it\/cultura\/2184-isabella-capozzi-quasi-seriamente-a-tempo-damore.html<\/a>).<\/p>\n<p style=\"text-align: justify;\"><b>La poetessa gioiese proporr\u00e0 alcune sue poesie inedite<\/b> recitate dalle attrici <b>Alfia De Marzo<\/b> e <b>Carmen Mazzone<\/b>.<\/p>\n<p style=\"text-align: justify;\"><b>Introdurr\u00e0 la serata Gaetano Vavalle<\/b>, vestir\u00e0 i versi con la magia dei suoi <b>disegni Pompeo Colacicco<\/b>.<\/p>\n<p style=\"text-align: justify;\"><b>Questo l&#8217;invito di Isabella<\/b>:<\/p>\n<p style=\"text-align: justify;\">&#8220;<i>La determinazione, la passione, l&#8217;ostilit\u00e0, la fragilit\u00e0, la dolcezza, l&#8217;ironia, la malinconia&#8230; c&#8217;\u00e8 tutto in questo spettacolo, come c&#8217;\u00e8 tutto in una storia d&#8217;amore. Poesia, musica, illustrazioni&#8230; l&#8217;arte che alimenta l&#8217;arte e avvolge lo spettatore esaltandone ogni senso. Emozioni vi attendono in silenzio. Domenica a Storie del Vecchio Sud. Non potete mancare!<\/i>&#8220;<\/p>\n<p>&nbsp;<\/p>\n","protected":false},"excerpt":{"rendered":"","protected":false},"author":1,"featured_media":29491,"comment_status":"open","ping_status":"closed","sticky":false,"template":"","format":"standard","meta":{"colormag_page_container_layout":"default_layout","colormag_page_sidebar_layout":"default_layout","footnotes":""},"categories":[7],"tags":[],"class_list":["post-29494","post","type-post","status-publish","format-standard","has-post-thumbnail","hentry","category-attualita"],"_links":{"self":[{"href":"https:\/\/archiviogioia.lavocedelpaese.info\/index.php?rest_route=\/wp\/v2\/posts\/29494","targetHints":{"allow":["GET"]}}],"collection":[{"href":"https:\/\/archiviogioia.lavocedelpaese.info\/index.php?rest_route=\/wp\/v2\/posts"}],"about":[{"href":"https:\/\/archiviogioia.lavocedelpaese.info\/index.php?rest_route=\/wp\/v2\/types\/post"}],"author":[{"embeddable":true,"href":"https:\/\/archiviogioia.lavocedelpaese.info\/index.php?rest_route=\/wp\/v2\/users\/1"}],"replies":[{"embeddable":true,"href":"https:\/\/archiviogioia.lavocedelpaese.info\/index.php?rest_route=%2Fwp%2Fv2%2Fcomments&post=29494"}],"version-history":[{"count":0,"href":"https:\/\/archiviogioia.lavocedelpaese.info\/index.php?rest_route=\/wp\/v2\/posts\/29494\/revisions"}],"wp:featuredmedia":[{"embeddable":true,"href":"https:\/\/archiviogioia.lavocedelpaese.info\/index.php?rest_route=\/wp\/v2\/media\/29491"}],"wp:attachment":[{"href":"https:\/\/archiviogioia.lavocedelpaese.info\/index.php?rest_route=%2Fwp%2Fv2%2Fmedia&parent=29494"}],"wp:term":[{"taxonomy":"category","embeddable":true,"href":"https:\/\/archiviogioia.lavocedelpaese.info\/index.php?rest_route=%2Fwp%2Fv2%2Fcategories&post=29494"},{"taxonomy":"post_tag","embeddable":true,"href":"https:\/\/archiviogioia.lavocedelpaese.info\/index.php?rest_route=%2Fwp%2Fv2%2Ftags&post=29494"}],"curies":[{"name":"wp","href":"https:\/\/api.w.org\/{rel}","templated":true}]}}