{"id":29524,"date":"2012-10-28T13:26:01","date_gmt":"2012-10-28T13:26:01","guid":{"rendered":"https:\/\/archiviogioia.lavocedelpaese.info\/?p=29524"},"modified":"2012-10-28T13:26:01","modified_gmt":"2012-10-28T13:26:01","slug":"qun-inverno-cosi-per-il-comodo-di-chiq-foto","status":"publish","type":"post","link":"https:\/\/archiviogioia.lavocedelpaese.info\/?p=29524","title":{"rendered":"&#8220;UN INVERNO COS\u00cd PER IL CO.MO.DO. DI CHI?&#8221;-foto"},"content":{"rendered":"<p><img loading=\"lazy\" decoding=\"async\" class=\" size-full wp-image-29509\" style=\"margin-right: 2px; margin-left: 2px;\" alt=\"chiusura-centro-bici-pp\" src=\"https:\/\/archiviogioia.lavocedelpaese.info\/wp-content\/uploads\/2012\/10\/chiusura-centro-bici-pp.png\" height=\"150\" width=\"320\" srcset=\"https:\/\/archiviogioia.lavocedelpaese.info\/wp-content\/uploads\/2012\/10\/chiusura-centro-bici-pp.png 640w, https:\/\/archiviogioia.lavocedelpaese.info\/wp-content\/uploads\/2012\/10\/chiusura-centro-bici-pp-300x141.png 300w\" sizes=\"auto, (max-width: 320px) 100vw, 320px\" \/><\/p>\n<p><!--more--><\/p>\n<p style=\"text-align: justify;\"><b><img loading=\"lazy\" decoding=\"async\" class=\" alignleft size-full wp-image-29512\" style=\"margin: 4px; float: left;\" alt=\"chiusura centro comitato\" src=\"https:\/\/archiviogioia.lavocedelpaese.info\/wp-content\/uploads\/2012\/10\/chiusura_centro_comitato.JPG\" height=\"241\" width=\"320\" srcset=\"https:\/\/archiviogioia.lavocedelpaese.info\/wp-content\/uploads\/2012\/10\/chiusura_centro_comitato.JPG 640w, https:\/\/archiviogioia.lavocedelpaese.info\/wp-content\/uploads\/2012\/10\/chiusura_centro_comitato-300x226.jpg 300w\" sizes=\"auto, (max-width: 320px) 100vw, 320px\" \/>\u201cUn inverno cos\u00ec per il Co.Mo.Do. di chi?\u201d, questo lo slogan coniato dagli automobilisti<\/b> a seguito della <b>chiusura \u201cpedissequa\u201d del centro storico <\/b>e di tutta la viabilit\u00e0 che ad esso conduce (dettaglio non trascurabile), a seguito di una altrettanto \u201cpedissequa\u201d ordinanza sindacale.<\/p>\n<p style=\"text-align: justify;\"><b>Una chiusura prevista per tutte le domeniche e i giorni festivi<\/b> a partire dal 28 ottobre 2012 dalle 9.00 alle 13.00 e dalle 16.30 alle 20.30, <b>decisa di concerto<\/b> con l\u2019assessore all\u2019Ambiente <b>Giuseppe Lenin Masi<\/b> e al Traffico <b>Maria Antonietta Taranto<\/b>, <b>su sollecitazione di Co.Mo.Do.<\/b> (Comitato Mobilit\u00e0 Dolce) in cui si sono riunite <b>Fiab<\/b>, <b>Gioia in Bici<\/b>, <b>Gioia Running<\/b>, <b>A.so.tu.dis.<\/b>, <b>Ogechi<\/b>, <b>WWF<\/b>, <b>Legambiente<\/b>, <b>Petali di Pietra<\/b>, <b>Fidas<\/b> e <b>Gioia Soccorso<\/b> (<a href=\"politica\/5764-giornate-ecologiche-tutte-le-domeniche-e-festivi-.html\"><\/a><a href=\"politica\/5764-giornate-ecologiche-tutte-le-domeniche-e-festivi-.html\">http:\/\/www.gioianet.it\/politica\/5764-giornate-ecologiche-tutte-le-domeniche-e-festivi-.html<\/a>).<\/p>\n<p style=\"text-align: justify;\"><b><img loading=\"lazy\" decoding=\"async\" class=\" alignright size-full wp-image-29513\" style=\"margin: 4px; float: right;\" alt=\"chiusura bici ingorghi auto\" src=\"https:\/\/archiviogioia.lavocedelpaese.info\/wp-content\/uploads\/2012\/10\/chiusura_bici_ingorghi_auto.JPG\" height=\"241\" width=\"320\" srcset=\"https:\/\/archiviogioia.lavocedelpaese.info\/wp-content\/uploads\/2012\/10\/chiusura_bici_ingorghi_auto.JPG 640w, https:\/\/archiviogioia.lavocedelpaese.info\/wp-content\/uploads\/2012\/10\/chiusura_bici_ingorghi_auto-300x226.jpg 300w\" sizes=\"auto, (max-width: 320px) 100vw, 320px\" \/>Cronaca \u2013 purtroppo &#8211; di un caos annunciato perlomeno nelle giornate di pioggia<\/b>, non \u201cesentate\u201d dall\u2019ordinanza <b>che ha visto un dispiego notevole di risorse umane<\/b> (gli agenti della polizia Municipale dalle 8 di mattina hanno provveduto a far transennare met\u00e0 citt\u00e0 e controllato che non vi fossero infrazioni), <b>di certo non a costo zero per la comunit\u00e0<\/b>, essendo per lo meno dovuti straordinari o riposi compensativi.<\/p>\n<p style=\"text-align: justify;\"><b>Non pochi i disagi per gli automobilisti che non si sono rassegnati a utilizzare la bici<\/b> o muoversi a piedi, <b>\u201cpuniti\u201d con la permanenza in lunghe code<\/b> (mediamente per \u201ccircumnavigare\u201d il centro sono risultati necessari 25 minuti) e con il conseguente spreco di preziosa e costosa benzina.<\/p>\n<p style=\"text-align: justify;\"><b>Una leggera pioggia nel corso della mattina ha complicato il tutto<\/b> e <img loading=\"lazy\" decoding=\"async\" class=\" alignleft size-full wp-image-29515\" style=\"margin: 4px; float: left;\" alt=\"chiusura centro colonne\" src=\"https:\/\/archiviogioia.lavocedelpaese.info\/wp-content\/uploads\/2012\/10\/chiusura_centro_colonne.JPG\" height=\"241\" width=\"320\" srcset=\"https:\/\/archiviogioia.lavocedelpaese.info\/wp-content\/uploads\/2012\/10\/chiusura_centro_colonne.JPG 640w, https:\/\/archiviogioia.lavocedelpaese.info\/wp-content\/uploads\/2012\/10\/chiusura_centro_colonne-300x226.jpg 300w\" sizes=\"auto, (max-width: 320px) 100vw, 320px\" \/>rovinato in parte l\u2019iniziativa.<\/p>\n<p style=\"text-align: justify;\"><b>Colonne di auto hanno, infatti, invaso strade e stradine alla ricerca di un luogo in cui parcheggiare o di un possibile accesso alle strade chiuse<\/b>, in molti provenienti <b>da Santeramo<\/b> <b>e paesi limitrofi <\/b>si sono lamentati per l\u2019impossibilit\u00e0 di raggiungere la destinazione, <b>altri hanno fatto retromarcia<\/b> (quando possibile) e son tornati da dove venivano.<\/p>\n<p style=\"text-align: justify;\"><b>Una conferma per quanti<\/b> &#8211; esercenti e commercianti in primis &#8211; <b>avevano intuito le criticit\u00e0 di una chiusura poco ponderata e soprattutto varata in autunno<\/b> e prolungata nel corso dei mesi invernali, con l\u2019approssimarsi del Natale e del mal tempo <b>davvero poco opportuna<\/b> (<a href=\"politica\/5740-rivolta-delle-bici-alex-protesta-per-chiusura-centro.html\"><\/a><a href=\"politica\/5740-rivolta-delle-bici-alex-protesta-per-chiusura-centro.html\">http:\/\/www.gioianet.it\/politica\/5740-rivolta-delle-bici-alex-protesta-per-chiusura-centro.html<\/a>).<\/p>\n<p style=\"text-align: justify;\"><img loading=\"lazy\" decoding=\"async\" class=\" alignright size-full wp-image-29516\" style=\"margin: 4px; float: right;\" alt=\"chiusura centro vigili\" src=\"https:\/\/archiviogioia.lavocedelpaese.info\/wp-content\/uploads\/2012\/10\/chiusura_centro_vigili.JPG\" height=\"241\" width=\"320\" srcset=\"https:\/\/archiviogioia.lavocedelpaese.info\/wp-content\/uploads\/2012\/10\/chiusura_centro_vigili.JPG 640w, https:\/\/archiviogioia.lavocedelpaese.info\/wp-content\/uploads\/2012\/10\/chiusura_centro_vigili-300x226.jpg 300w\" sizes=\"auto, (max-width: 320px) 100vw, 320px\" \/>\u201c<b>D\u2019estate ero anch\u2019io in bici e mi sono divertito<\/b> &#8211; afferma Giovanni D. &#8211; \u00e8 piacevole e rilassante girare per le strade non dovendosi preoccupare delle auto, specie se ci sono i bambini, <b>ma d\u2019inverno \u00e8 un grosso errore<\/b>. I miei genitori vivono in periferia, la domenica pranzano a casa e dopo messa ci raggiungono\u2026 oggi hanno avuto grossi problemi anche solo per trovare parcheggio. <b>Sono<\/b> <b>anziani, non si pu\u00f2 pretendere che con la pioggia si muovano a piedi\u2026!<\/b>\u201d<\/p>\n<p style=\"text-align: justify;\">\u201c<b>Io sono totalmente contrario a questa chiusura<\/b> &#8211; afferma Anna R. -, <b>ma scherziamo?<\/b> <b>Immaginare la citt\u00e0 bloccata per tutto l\u2019inverno e con il maltempo \u00e8 una assurdit\u00e0<\/b>. Gi\u00e0 Gioia \u00e8 un paese morto in questo periodo, se lo chiudiamo al traffico, neanche i cani randagi troviamo in giro! <b>Ma<\/b> <b>avete fatto un giro ad Acquaviva o negli altri paesi?<\/b> Un conto \u00e8 organizzare ogni tanto una iniziativa che prevede la chiusura, altro \u00e8 renderla obbligatoria. <b>Non c\u2019\u00e8 rispetto di chi abita in periferia e guida, non siamo cittadini di serie B <img loading=\"lazy\" decoding=\"async\" class=\" alignleft size-full wp-image-29518\" style=\"margin: 4px; float: left;\" alt=\"chiusura centro vigili2\" src=\"https:\/\/archiviogioia.lavocedelpaese.info\/wp-content\/uploads\/2012\/10\/chiusura_centro_vigili2.JPG\" height=\"241\" width=\"320\" srcset=\"https:\/\/archiviogioia.lavocedelpaese.info\/wp-content\/uploads\/2012\/10\/chiusura_centro_vigili2.JPG 640w, https:\/\/archiviogioia.lavocedelpaese.info\/wp-content\/uploads\/2012\/10\/chiusura_centro_vigili2-300x226.jpg 300w\" sizes=\"auto, (max-width: 320px) 100vw, 320px\" \/>e paghiamo le tasse come tutti<\/b>\u201d.<\/p>\n<p style=\"text-align: justify;\">\u201c<b>A mio avviso questa iniziativa \u00e8 pregevole<\/b> &#8211; dichiara Tommaso P. &#8211; <b>va per\u00f2 calibrata. Si potrebbe adottare l\u2019ordinanza solo quando c\u2019\u00e8 bel tempo<\/b>, consentendo a malati e disabili di potersi comunque muovere in auto per raggiungere le loro mete. <b>Mi stupisce che questo non sia stato pensato dalle associazioni<\/b> che annoverano iscritti disabili o soccorrono malati. <b>Occorre ripensare anche alle chiusure delle strade che portano al centro<\/b>\u2026 mi rendo conto che se le si lascia aperte ci si ritrova in veri imbuti, da cui diventa difficile uscire, ma bloccando quelle zone si creano paradossi. <b>Ci sono divieti che \u00e8 impossibile rispettare per poter circolare<\/b>. La citt\u00e0 e la sua viabilit\u00e0 vanno pensate guardandole dall\u2019alto e senza pregiudizi di sorta. Perch\u00e9 non rivitalizzare le periferie, oggi poco pi\u00f9 che dormitori, per le <img loading=\"lazy\" decoding=\"async\" class=\" alignright size-full wp-image-29519\" style=\"margin: 4px; float: right;\" alt=\"chiusura centro colonne2\" src=\"https:\/\/archiviogioia.lavocedelpaese.info\/wp-content\/uploads\/2012\/10\/chiusura_centro_colonne2.JPG\" height=\"241\" width=\"320\" srcset=\"https:\/\/archiviogioia.lavocedelpaese.info\/wp-content\/uploads\/2012\/10\/chiusura_centro_colonne2.JPG 640w, https:\/\/archiviogioia.lavocedelpaese.info\/wp-content\/uploads\/2012\/10\/chiusura_centro_colonne2-300x226.jpg 300w\" sizes=\"auto, (max-width: 320px) 100vw, 320px\" \/>domeniche in bici? <b>Sarebbe anche un modo per rivalutare queste zone che versano in stato di abbandono\u2026<\/b>\u201d.<\/p>\n<p style=\"text-align: justify;\">\u201c<b>Secondo me \u00e8 solo un modo per mettersi in mostra<\/b> &#8211; <b>afferma Francesca S<\/b>. &#8211; <b>c\u2019\u00e8 smania di protagonismo a tutti i livelli <\/b>e questo mortifica quei cittadini che sono rispettosi dell\u2019ambiente e che per farsi una passeggiata a piedi o in bici non pretendono che venga bloccata la citt\u00e0 oppure ordinanze di chiusura. <b>E\u2019 un modo prepotente e arrogante di porsi in cui non mi ritrovo e che non mi piace<\/b>. Educhiamoci al rispetto dell\u2019ambiente e della libert\u00e0 di tutti\u2026 <b>non \u00e8 imponendo ma prendendo consapevolezza dei problemi e delle soluzioni che una comunit\u00e0 cresce<\/b>\u201d.<\/p>\n<p style=\"text-align: justify;\">\u201c<b>Ma oggi chi \u00e8 cos\u00ec stupido da girare a vuoto consumando benzina?<\/b> Io mi <img loading=\"lazy\" decoding=\"async\" class=\" alignleft size-full wp-image-29520\" style=\"margin: 4px; float: left;\" alt=\"chiusura centro vigili3\" src=\"https:\/\/archiviogioia.lavocedelpaese.info\/wp-content\/uploads\/2012\/10\/chiusura_centro_vigili3.JPG\" height=\"241\" width=\"320\" srcset=\"https:\/\/archiviogioia.lavocedelpaese.info\/wp-content\/uploads\/2012\/10\/chiusura_centro_vigili3.JPG 640w, https:\/\/archiviogioia.lavocedelpaese.info\/wp-content\/uploads\/2012\/10\/chiusura_centro_vigili3-300x226.jpg 300w\" sizes=\"auto, (max-width: 320px) 100vw, 320px\" \/>muovo a piedi o con la bici da mesi perch\u00e9 non me lo posso pi\u00f9 permettere\u2026 &#8211; <b>afferma Antonio R.<\/b> &#8211; ben gli sta a chi prende l\u2019auto per farsi la passeggiata di farsi ore di coda!\u201d<\/p>\n<p style=\"text-align: justify;\">\u201c<b>Per pochi \u2013 afferma Aldo L. &#8211; soffrono in tanti<\/b>. C\u2019\u00e8 anche chi a piedi non si pu\u00f2 muovere, chi ha problemi, chi \u00e8 anziano\u2026 \u00e8 vergognoso che un anziano debba arrancare per arrivare in Chiesa Madre e sentire una messa. <b>Ho visto con i miei occhi una signora accompagnata dal nipote che inveiva per questa ordinanza<\/b>. Rischiava di cadere e farsi male\u2026 chi paga se succede qualcosa? Chi ne risponde?\u201d<\/p>\n<p style=\"text-align: justify;\">\u201c<b>Secondo me dietro c\u2019\u00e8 una strategia, un piano\u2026 &#8211; pensa Gianni L. motociclista &#8211; stanno cercando di esasperarci e di ingigantire il disagio <img loading=\"lazy\" decoding=\"async\" class=\" alignright size-full wp-image-29521\" style=\"margin: 4px; float: right;\" alt=\"chiusura centro trasporto bici\" src=\"https:\/\/archiviogioia.lavocedelpaese.info\/wp-content\/uploads\/2012\/10\/chiusura_centro_trasporto_bici.JPG\" height=\"241\" width=\"320\" srcset=\"https:\/\/archiviogioia.lavocedelpaese.info\/wp-content\/uploads\/2012\/10\/chiusura_centro_trasporto_bici.JPG 640w, https:\/\/archiviogioia.lavocedelpaese.info\/wp-content\/uploads\/2012\/10\/chiusura_centro_trasporto_bici-300x226.jpg 300w\" sizes=\"auto, (max-width: 320px) 100vw, 320px\" \/>cos\u00ec accetteremo senza proteste un nuovo piano traffico e magari anche i parcheggi a pagamento<\/b>. Se uno non pu\u00f2 andare in auto la deve pur mettere da qualche parte e gli tocca pagare due volte.\u201d<\/p>\n<p style=\"text-align: justify;\"><b>Sull\u2019argomento di certo si torner\u00e0 a parlare<\/b>, <b>sperando che<\/b> il sindaco, assessori e associazioni <b>valutino anche lo scontento di molti<\/b> a fronte della soddisfazione delle esigenze di altri <b>e si possa rimodulare<\/b>, come suggerito in alcuni commenti, <b>la stessa ordinanza<\/b>.<\/p>\n<p style=\"text-align: justify;\"><b>Certo muoversi in macchina per arrivare in piazza con la bici caricata sul portabici, non \u00e8 il massimo del messaggio di mobilit\u00e0 sostenibile da dare ad un automobilista<\/b>. <b>E chiudere<\/b> <b>al traffico<\/b> <b>anche una vasta zona adiacente al centro<\/b> farebbe arrabbiare anche il pi\u00f9 tranquillo e <img loading=\"lazy\" decoding=\"async\" class=\" alignleft size-full wp-image-29522\" style=\"margin: 4px; float: left;\" alt=\"chiusura bici piazza desolata\" src=\"https:\/\/archiviogioia.lavocedelpaese.info\/wp-content\/uploads\/2012\/10\/chiusura_bici_piazza_desolata.JPG\" height=\"241\" width=\"320\" srcset=\"https:\/\/archiviogioia.lavocedelpaese.info\/wp-content\/uploads\/2012\/10\/chiusura_bici_piazza_desolata.JPG 640w, https:\/\/archiviogioia.lavocedelpaese.info\/wp-content\/uploads\/2012\/10\/chiusura_bici_piazza_desolata-300x226.jpg 300w\" sizes=\"auto, (max-width: 320px) 100vw, 320px\" \/>accondiscendente dei guidatori. <b>Vedere per\u00f2 uno spreco di risorse pubbliche considerevoli, dopo aver aumentato in modo sconsiderato l\u2019IMU a tutti i cittadini<\/b>, per far fronte ad un periodo in cui si era pi\u00f9 volte proclamato non c\u2019erano soldi, <b>non solo fa arrabbiare, ma anche pensare<\/b>.<\/p>\n<p style=\"text-align: justify;\"><b>Queste spese sostenute per iniziative che ai pi\u00f9 lasciano il tempo che trovano<\/b>, considerando il periodo climatico non certo favorevole, <b>erano pi\u00f9 urgenti rispetto ad altre importanti problematiche non ancora risolte<\/b> come aumenti delle tasse, rifiuti, strade dissestate, allagamenti, buche, rond\u00f2 sempre pi\u00f9 pericolosi, piscina, sentenze non ottemperate, discariche abusive, amianto, strisce pedonali, e tanto altro ancora?<\/p>\n<p style=\"text-align: justify;\"><b>Oppure<\/b>, come sostiene qualcuno,<b> sindaco in testa, sarebbe un modo come un altro per prepararsi alla \u201crestaurazione\u201d dei parcheggi a pagamento<\/b>, ulteriore balzello sulle spalle dei sempre ignari automobilisti e tramite essi di tutte le famiglie? <b>Ma il sindaco Sergio Povia, a differenza di Longo, in che paese vive?<\/b><\/p>\n<p><object type=\"application\/x-shockwave-flash\" width=\"660\" height=\"660\" flashvars=\"host=picasaweb.google.com&amp;hl=it&amp;feat=flashalbum&amp;RGB=0x000000&amp;feed=https:\/\/picasaweb.google.com\/data\/feed\/api\/user\/104626251937098962566\/albumid\/5804359378402748593?alt=rss&amp;kind=photo&amp;authkey=Gv1sRgCJe78-SatrPOBg&amp;hl=it\" pluginspage=\"http:\/\/www.macromedia.com\/go\/getflashplayer\" data=\"https:\/\/picasaweb.google.com\/s\/c\/bin\/slideshow.swf\"><param name=\"movie\" value=\"https:\/\/picasaweb.google.com\/s\/c\/bin\/slideshow.swf\" \/><\/object><\/p>\n","protected":false},"excerpt":{"rendered":"","protected":false},"author":1,"featured_media":29510,"comment_status":"open","ping_status":"closed","sticky":false,"template":"","format":"standard","meta":{"colormag_page_container_layout":"default_layout","colormag_page_sidebar_layout":"default_layout","footnotes":""},"categories":[4],"tags":[],"class_list":["post-29524","post","type-post","status-publish","format-standard","has-post-thumbnail","hentry","category-politica"],"_links":{"self":[{"href":"https:\/\/archiviogioia.lavocedelpaese.info\/index.php?rest_route=\/wp\/v2\/posts\/29524","targetHints":{"allow":["GET"]}}],"collection":[{"href":"https:\/\/archiviogioia.lavocedelpaese.info\/index.php?rest_route=\/wp\/v2\/posts"}],"about":[{"href":"https:\/\/archiviogioia.lavocedelpaese.info\/index.php?rest_route=\/wp\/v2\/types\/post"}],"author":[{"embeddable":true,"href":"https:\/\/archiviogioia.lavocedelpaese.info\/index.php?rest_route=\/wp\/v2\/users\/1"}],"replies":[{"embeddable":true,"href":"https:\/\/archiviogioia.lavocedelpaese.info\/index.php?rest_route=%2Fwp%2Fv2%2Fcomments&post=29524"}],"version-history":[{"count":0,"href":"https:\/\/archiviogioia.lavocedelpaese.info\/index.php?rest_route=\/wp\/v2\/posts\/29524\/revisions"}],"wp:featuredmedia":[{"embeddable":true,"href":"https:\/\/archiviogioia.lavocedelpaese.info\/index.php?rest_route=\/wp\/v2\/media\/29510"}],"wp:attachment":[{"href":"https:\/\/archiviogioia.lavocedelpaese.info\/index.php?rest_route=%2Fwp%2Fv2%2Fmedia&parent=29524"}],"wp:term":[{"taxonomy":"category","embeddable":true,"href":"https:\/\/archiviogioia.lavocedelpaese.info\/index.php?rest_route=%2Fwp%2Fv2%2Fcategories&post=29524"},{"taxonomy":"post_tag","embeddable":true,"href":"https:\/\/archiviogioia.lavocedelpaese.info\/index.php?rest_route=%2Fwp%2Fv2%2Ftags&post=29524"}],"curies":[{"name":"wp","href":"https:\/\/api.w.org\/{rel}","templated":true}]}}