{"id":29951,"date":"2012-11-03T10:28:13","date_gmt":"2012-11-03T10:28:13","guid":{"rendered":"https:\/\/archiviogioia.lavocedelpaese.info\/?p=29951"},"modified":"2012-11-03T10:28:13","modified_gmt":"2012-11-03T10:28:13","slug":"saldo-imu-piu-caro-del-50-a-gioia-piu-del-73","status":"publish","type":"post","link":"https:\/\/archiviogioia.lavocedelpaese.info\/?p=29951","title":{"rendered":"&#8220;SALDO IMU PI\u00da CARO DEL 50%&#8221;. A GIOIA ANCORA DI PI\u00da, 73%!"},"content":{"rendered":"<p><img loading=\"lazy\" decoding=\"async\" class=\" size-full wp-image-28335\" style=\"margin-right: 2px; margin-left: 2px;\" alt=\"imu-rincari-a-gioia-pp\" src=\"https:\/\/archiviogioia.lavocedelpaese.info\/wp-content\/uploads\/2012\/10\/imu-rincari-a-gioia-pp.jpg\" height=\"150\" width=\"320\" srcset=\"https:\/\/archiviogioia.lavocedelpaese.info\/wp-content\/uploads\/2012\/10\/imu-rincari-a-gioia-pp.jpg 640w, https:\/\/archiviogioia.lavocedelpaese.info\/wp-content\/uploads\/2012\/10\/imu-rincari-a-gioia-pp-300x141.jpg 300w\" sizes=\"auto, (max-width: 320px) 100vw, 320px\" \/><\/p>\n<p><!--more--><\/p>\n<p style=\"text-align: justify;\"><b><img loading=\"lazy\" decoding=\"async\" class=\" alignleft size-full wp-image-26726\" style=\"margin: 4px; float: left;\" alt=\"imu-no-aumento-lamanna-pp\" src=\"https:\/\/archiviogioia.lavocedelpaese.info\/wp-content\/uploads\/2012\/09\/imu-no-aumento-lamanna-pp.png\" height=\"150\" width=\"320\" srcset=\"https:\/\/archiviogioia.lavocedelpaese.info\/wp-content\/uploads\/2012\/09\/imu-no-aumento-lamanna-pp.png 640w, https:\/\/archiviogioia.lavocedelpaese.info\/wp-content\/uploads\/2012\/09\/imu-no-aumento-lamanna-pp-300x141.png 300w\" sizes=\"auto, (max-width: 320px) 100vw, 320px\" \/>Per le aliquote Imu \u00e8 scattata l\u2019ora X<\/b>. <b>E\u2019 scaduto il 31 ottobre<\/b>, <b>termine entro il quale i Comuni erano chiamati a deliberare in via definitiva i prelievi<\/b> della nuova Imposta municipale unica (introdotta dallo scorso gennaio) <b>sui quali bisogner\u00e0 calcolare i versamenti del saldo finale programmato per il 17 dicembre<\/b>.<\/p>\n<p style=\"text-align: justify;\">Nonostante alcune giunte abbiano aspettato fino all\u2019ultimo giorno disponibile per assumere le proprie decisioni, <b>\u00e8 comunque possibile farsi un quadro generale<\/b> (non incoraggiante) <b>sulle tendenze complessive dei prelievi che ci aspettano<\/b>.<\/p>\n<p style=\"text-align: justify;\"><img loading=\"lazy\" decoding=\"async\" class=\" alignright size-full wp-image-13095\" style=\"margin: 4px; float: right;\" alt=\"soldi-denaro\" src=\"https:\/\/archiviogioia.lavocedelpaese.info\/wp-content\/uploads\/2011\/07\/soldi-denaro.jpg\" height=\"167\" width=\"200\" \/>Una panoramica, a questo proposito, \u00e8 offerta <b>dal monitoraggio nazionale elaborato dal <i>Sole 24 Ore<\/i> sui capoluoghi di provincia<\/b>, i cui risultati sono stati riportati sull\u2019edizione di luned\u00ec scorso. <b>In linea generale<\/b>, emerge dal report, <b>il prelievo a saldo coster\u00e0 mediamente il 55% in pi\u00f9 rispetto all\u2019acconto <\/b>(a <strong>Gioia del Colle sar\u00e0 del 73%<\/strong>), che per comodit\u00e0 era stato fatto calcolare sulle aliquote standard disposte dalla manovra Salva-Italia (4 e 7,6 per mille).<\/p>\n<p style=\"text-align: justify;\"><b>L\u2019aumento<\/b>, ovviamente, \u00e8 giustificato <b>dal fatto che i Comuni<\/b>, sulla base dei margini di autonomia concessi dalla manovra stessa, <b>hanno scelto di sfruttare, in molti casi al massimo, la possibilit\u00e0 di rialzare le aliquote nazionali<\/b>. Per la verit\u00e0 la legge introduceva anche la possibilit\u00e0 di abbassare le aliquote, ma alla fine <b>il bisogno impellente di rattoppare i bilanci<\/b> in dissesto o di compensare i tagli sempre pi\u00f9 ingenti sui trasferimenti statali <b>hanno prevalso sulla logica \u201csolidale\u201d<\/b> di tendere una mano ai contribuenti.<\/p>\n<p style=\"text-align: justify;\"><img loading=\"lazy\" decoding=\"async\" class=\" alignleft size-full wp-image-29949\" style=\"margin: 4px; float: left;\" alt=\"Esenzione-Imu-prima-casa\" src=\"https:\/\/archiviogioia.lavocedelpaese.info\/wp-content\/uploads\/2012\/11\/Esenzione-Imu-prima-casa.jpg\" height=\"240\" width=\"320\" srcset=\"https:\/\/archiviogioia.lavocedelpaese.info\/wp-content\/uploads\/2012\/11\/Esenzione-Imu-prima-casa.jpg 533w, https:\/\/archiviogioia.lavocedelpaese.info\/wp-content\/uploads\/2012\/11\/Esenzione-Imu-prima-casa-300x225.jpg 300w\" sizes=\"auto, (max-width: 320px) 100vw, 320px\" \/>Prendendo in esame le diverse tipologie di immobili, sull\u2019abitazione principale la tassazione media complessiva si \u00e8 assestata intorno al 4,5 per mille a Gioia \u00e8 del 5 per mille), con un saldo che <b>per i nuclei senza figli<\/b> (detrazione di 200 euro) <b>sar\u00e0 pi\u00f9 caro mediamente del 50% <\/b>(a<b> Gioia del 63%<\/b>). \u201cNegli altri casi, invece \u2013 specifica il <i>Sole<\/i> \u2013, il maggior valore delle detrazioni agisce come una lente deformante che amplifica l\u2019incremento percentuale\u201d.<\/p>\n<p style=\"text-align: justify;\"><b>Ci sono comunque alcuni casi isolati nei quali il prelievo applicato sull\u2019abitazione principale \u00e8 stato addirittura abbassato rispetto all\u2019acconto di giugno<\/b>: capoluoghi, infatti, come Biella, L\u2019Aquila, Mantova e Nuoro hanno introdotto un\u2019aliquota pi\u00f9 bassa per tutti i possessori di prime case, <b>mentre in altri Comuni lo sconto interesser\u00e0 solo alcune tipologie di immobili o di contribuenti<\/b>. Ad esempio a Milano \u00e8 stata <b>ribassata l\u2019aliquota abbinata alle case accatastate nelle categorie pi\u00f9 povere<\/b>, mentre a Teramo la giunta ha avuto <b>un occhio di riguardo per gli anziani a basso reddito<\/b>.<\/p>\n<p style=\"text-align: justify;\"><img loading=\"lazy\" decoding=\"async\" class=\" alignright size-full wp-image-29950\" style=\"margin: 4px; float: right;\" alt=\"imu casa\" src=\"https:\/\/archiviogioia.lavocedelpaese.info\/wp-content\/uploads\/2012\/11\/imu_casa.jpg\" height=\"258\" width=\"258\" srcset=\"https:\/\/archiviogioia.lavocedelpaese.info\/wp-content\/uploads\/2012\/11\/imu_casa.jpg 258w, https:\/\/archiviogioia.lavocedelpaese.info\/wp-content\/uploads\/2012\/11\/imu_casa-150x150.jpg 150w\" sizes=\"auto, (max-width: 258px) 100vw, 258px\" \/>Al contrario <b>risultano Comuni nei quali il prelievo sulle abitazioni principali ha raggiunto il tetto massimo consentito<\/b>, cio\u00e8 il 6 per mille, e sono Agrigento, Alessandria, Caserta, Catanzaro, Messina, Parma, Rieti e Rovigo. Milano e Catania hanno invece applicato l\u2019aliquota massima per le residenze di pregio.<\/p>\n<p style=\"text-align: justify;\"><b>Allontanandosi poi dalle abitazioni principali, ecco che il prelievo medio si alza al 9,7<\/b> per mille rispetto al 7,6 per mille dell\u2019aliquota ordinaria. In effetti <b>i contribuenti pi\u00f9 colpiti saranno i possessori di seconde abitazioni sfitte<\/b>, i quali, nella maggior parte dei casi, si vedranno applicare l\u2019aliquota massima al 10,6 per mille (come per <strong>Gioia del Colle<\/strong>).<\/p>\n<p style=\"text-align: justify;\"><b>Un po\u2019 pi\u00f9 \u201cfortunati\u201d saranno invece i possessori di immobili d\u2019impresa e di case affittate in regime di libero mercato<\/b>, sulle quali il monitoraggio del <i>Sole<\/i> ha rilevato un prelievo medio del 9,6 per mille. Infine, al di l\u00e0 delle prime case, <b>tra gli immobili sui quali sar\u00e0 possibile beneficiare di un saldo pi\u00f9 basso rispetto all\u2019acconto<\/b>, rientrano anche<b> le nuove imprese, le aziende che assumono giovani, e le abitazioni affittate a canone concordato<\/b>. \u201cIn questi casi \u2013 scrive il <i>Sole<\/i> \u2013 <b>in circa met\u00e0 dei Comuni sono previste riduzioni<\/b> <b>di aliquote<\/b> che abbasseranno il prelievo medio al 6,9 per mille\u201d.<\/p>\n<p style=\"text-align: justify;\">A pochi chilometri dal nostro comune, nel capoluogo barese, <strong>i proprietari di prima casa con reddito personale inferiore a 50mila euro<\/strong> potranno godere di una riduzione di <strong>150 euro<\/strong> sull&#8217;importo revisto, in aggiunta alla detrazione concessa dallo Stato.<\/p>\n<p style=\"text-align: justify;\">Ma Gioia, si sa, \u00e8 il paese del &#8220;Bengodi&#8221;, cui nessuno sconto \u00e8 dovuto, anzi&#8230;!<\/p>\n<p style=\"text-align: justify;\">&nbsp;<\/p>\n<p style=\"text-align: justify;\">&nbsp;<\/p>\n<p>&nbsp;<\/p>\n<p>&nbsp;<\/p>\n","protected":false},"excerpt":{"rendered":"","protected":false},"author":1,"featured_media":28335,"comment_status":"open","ping_status":"closed","sticky":false,"template":"","format":"standard","meta":{"colormag_page_container_layout":"default_layout","colormag_page_sidebar_layout":"default_layout","footnotes":""},"categories":[4],"tags":[],"class_list":["post-29951","post","type-post","status-publish","format-standard","has-post-thumbnail","hentry","category-politica"],"_links":{"self":[{"href":"https:\/\/archiviogioia.lavocedelpaese.info\/index.php?rest_route=\/wp\/v2\/posts\/29951","targetHints":{"allow":["GET"]}}],"collection":[{"href":"https:\/\/archiviogioia.lavocedelpaese.info\/index.php?rest_route=\/wp\/v2\/posts"}],"about":[{"href":"https:\/\/archiviogioia.lavocedelpaese.info\/index.php?rest_route=\/wp\/v2\/types\/post"}],"author":[{"embeddable":true,"href":"https:\/\/archiviogioia.lavocedelpaese.info\/index.php?rest_route=\/wp\/v2\/users\/1"}],"replies":[{"embeddable":true,"href":"https:\/\/archiviogioia.lavocedelpaese.info\/index.php?rest_route=%2Fwp%2Fv2%2Fcomments&post=29951"}],"version-history":[{"count":0,"href":"https:\/\/archiviogioia.lavocedelpaese.info\/index.php?rest_route=\/wp\/v2\/posts\/29951\/revisions"}],"wp:featuredmedia":[{"embeddable":true,"href":"https:\/\/archiviogioia.lavocedelpaese.info\/index.php?rest_route=\/wp\/v2\/media\/28335"}],"wp:attachment":[{"href":"https:\/\/archiviogioia.lavocedelpaese.info\/index.php?rest_route=%2Fwp%2Fv2%2Fmedia&parent=29951"}],"wp:term":[{"taxonomy":"category","embeddable":true,"href":"https:\/\/archiviogioia.lavocedelpaese.info\/index.php?rest_route=%2Fwp%2Fv2%2Fcategories&post=29951"},{"taxonomy":"post_tag","embeddable":true,"href":"https:\/\/archiviogioia.lavocedelpaese.info\/index.php?rest_route=%2Fwp%2Fv2%2Ftags&post=29951"}],"curies":[{"name":"wp","href":"https:\/\/api.w.org\/{rel}","templated":true}]}}