{"id":30158,"date":"2012-11-06T05:00:13","date_gmt":"2012-11-06T05:00:13","guid":{"rendered":"https:\/\/archiviogioia.lavocedelpaese.info\/?p=30158"},"modified":"2012-11-06T05:00:13","modified_gmt":"2012-11-06T05:00:13","slug":"bando-pubblico-per-la-candidatura-di-7-tirocinanti-2","status":"publish","type":"post","link":"https:\/\/archiviogioia.lavocedelpaese.info\/?p=30158","title":{"rendered":"BANDO PUBBLICO PER LA CANDIDATURA DI 7 TIROCINANTI"},"content":{"rendered":"<p><img loading=\"lazy\" decoding=\"async\" class=\" size-full wp-image-30152\" style=\"margin-right: 2px; margin-left: 2px;\" alt=\"tirocini-formativi-pp\" src=\"https:\/\/archiviogioia.lavocedelpaese.info\/wp-content\/uploads\/2012\/11\/tirocini-formativi-pp.png\" height=\"150\" width=\"320\" srcset=\"https:\/\/archiviogioia.lavocedelpaese.info\/wp-content\/uploads\/2012\/11\/tirocini-formativi-pp.png 320w, https:\/\/archiviogioia.lavocedelpaese.info\/wp-content\/uploads\/2012\/11\/tirocini-formativi-pp-300x141.png 300w\" sizes=\"auto, (max-width: 320px) 100vw, 320px\" \/><\/p>\n<p><!--more--><\/p>\n<p style=\"text-align: justify;\"><b><img loading=\"lazy\" decoding=\"async\" class=\" alignleft size-full wp-image-30155\" style=\"margin: 4px; float: left;\" alt=\"Polignano a Mare-Stemma\" src=\"https:\/\/archiviogioia.lavocedelpaese.info\/wp-content\/uploads\/2012\/11\/Polignano_a_Mare-Stemma.png\" height=\"249\" width=\"200\" srcset=\"https:\/\/archiviogioia.lavocedelpaese.info\/wp-content\/uploads\/2012\/11\/Polignano_a_Mare-Stemma.png 401w, https:\/\/archiviogioia.lavocedelpaese.info\/wp-content\/uploads\/2012\/11\/Polignano_a_Mare-Stemma-241x300.png 241w\" sizes=\"auto, (max-width: 200px) 100vw, 200px\" \/>L\u2019attivit\u00e0 formativa consentir\u00e0 ai tirocinanti di svolgere un servizio di apprendimento delle attivit\u00e0<\/b>, sia consolidate che innovative, <b>dell\u2019amministrazione<\/b> comunale.<\/p>\n<p style=\"text-align: justify;\"><b>Le domande<\/b> di partecipazione alla selezione <b>dovranno pervenire entro<\/b> e non oltre <b>le ore 12.00 del 14 novembre 2012<\/b>.<\/p>\n<p style=\"text-align: justify;\">Sede dell\u2019attivit\u00e0 il <b>Comune di Polignano a Mare<\/b>.<\/p>\n<p style=\"text-align: justify;\"><b>Per maggiori informazioni<\/b> consultare il bando pubblico.<\/p>\n<p style=\"text-align: justify;\"><b>Per scaricare<\/b> il bando e la domanda <b>clicca qui<\/b> sotto:<\/p>\n<p style=\"margin: 0cm 0cm 0.0001pt; text-align: justify;\"><a href=\"http:\/\/www.confsalvvfbari.it\/media\/Bando%20Tirocinio_Comune%20di%20Polignano.pdf\">Bando di concorso<\/a>&nbsp;<\/p>\n<p style=\"margin: 0cm 0cm 0.0001pt; text-align: justify;\"><a href=\"http:\/\/www.confsalvvfbari.it\/media\/Domanda%20di%20candidatura.pdf\">Domanda di partecipazione<\/a><\/p>\n<p>&nbsp;<\/p>\n","protected":false},"excerpt":{"rendered":"","protected":false},"author":1,"featured_media":30152,"comment_status":"open","ping_status":"closed","sticky":false,"template":"","format":"standard","meta":{"colormag_page_container_layout":"default_layout","colormag_page_sidebar_layout":"default_layout","footnotes":""},"categories":[7],"tags":[],"class_list":["post-30158","post","type-post","status-publish","format-standard","has-post-thumbnail","hentry","category-attualita"],"_links":{"self":[{"href":"https:\/\/archiviogioia.lavocedelpaese.info\/index.php?rest_route=\/wp\/v2\/posts\/30158","targetHints":{"allow":["GET"]}}],"collection":[{"href":"https:\/\/archiviogioia.lavocedelpaese.info\/index.php?rest_route=\/wp\/v2\/posts"}],"about":[{"href":"https:\/\/archiviogioia.lavocedelpaese.info\/index.php?rest_route=\/wp\/v2\/types\/post"}],"author":[{"embeddable":true,"href":"https:\/\/archiviogioia.lavocedelpaese.info\/index.php?rest_route=\/wp\/v2\/users\/1"}],"replies":[{"embeddable":true,"href":"https:\/\/archiviogioia.lavocedelpaese.info\/index.php?rest_route=%2Fwp%2Fv2%2Fcomments&post=30158"}],"version-history":[{"count":0,"href":"https:\/\/archiviogioia.lavocedelpaese.info\/index.php?rest_route=\/wp\/v2\/posts\/30158\/revisions"}],"wp:featuredmedia":[{"embeddable":true,"href":"https:\/\/archiviogioia.lavocedelpaese.info\/index.php?rest_route=\/wp\/v2\/media\/30152"}],"wp:attachment":[{"href":"https:\/\/archiviogioia.lavocedelpaese.info\/index.php?rest_route=%2Fwp%2Fv2%2Fmedia&parent=30158"}],"wp:term":[{"taxonomy":"category","embeddable":true,"href":"https:\/\/archiviogioia.lavocedelpaese.info\/index.php?rest_route=%2Fwp%2Fv2%2Fcategories&post=30158"},{"taxonomy":"post_tag","embeddable":true,"href":"https:\/\/archiviogioia.lavocedelpaese.info\/index.php?rest_route=%2Fwp%2Fv2%2Ftags&post=30158"}],"curies":[{"name":"wp","href":"https:\/\/api.w.org\/{rel}","templated":true}]}}