{"id":30247,"date":"2012-11-08T05:33:29","date_gmt":"2012-11-08T05:33:29","guid":{"rendered":"https:\/\/archiviogioia.lavocedelpaese.info\/?p=30247"},"modified":"2012-11-08T05:33:29","modified_gmt":"2012-11-08T05:33:29","slug":"mitico-concerto-di-joey-defrancesco-a-ueffilo-foto-2","status":"publish","type":"post","link":"https:\/\/archiviogioia.lavocedelpaese.info\/?p=30247","title":{"rendered":"MITICO CONCERTO DI JOEY DEFRANCESCO A U\u00c8FFILO-foto"},"content":{"rendered":"<p><img loading=\"lazy\" decoding=\"async\" class=\" size-full wp-image-30233\" style=\"margin-right: 2px; margin-left: 2px;\" height=\"150\" alt=\"ueffilo-1a-serata-2012-pp\" src=\"https:\/\/archiviogioia.lavocedelpaese.info\/wp-content\/uploads\/2012\/11\/ueffilo-1a-serata-2012-pp.png\" width=\"320\" srcset=\"https:\/\/archiviogioia.lavocedelpaese.info\/wp-content\/uploads\/2012\/11\/ueffilo-1a-serata-2012-pp.png 640w, https:\/\/archiviogioia.lavocedelpaese.info\/wp-content\/uploads\/2012\/11\/ueffilo-1a-serata-2012-pp-300x141.png 300w\" sizes=\"auto, (max-width: 320px) 100vw, 320px\" \/><\/p>\n<p><!--more--><\/p>\n<p style=\"text-align: justify;\"><img loading=\"lazy\" decoding=\"async\" class=\" alignleft size-full wp-image-30235\" style=\"margin: 4px; float: left;\" height=\"213\" alt=\"ueffilo serata inaugurale\" src=\"https:\/\/archiviogioia.lavocedelpaese.info\/wp-content\/uploads\/2012\/11\/ueffilo_serata_inaugurale.jpg\" width=\"320\" srcset=\"https:\/\/archiviogioia.lavocedelpaese.info\/wp-content\/uploads\/2012\/11\/ueffilo_serata_inaugurale.jpg 480w, https:\/\/archiviogioia.lavocedelpaese.info\/wp-content\/uploads\/2012\/11\/ueffilo_serata_inaugurale-300x199.jpg 300w\" sizes=\"auto, (max-width: 320px) 100vw, 320px\" \/>Per <b>Joey DeFrancesco<\/b> in trio con <b>Paul Bollenback<\/b> alla chitarra e <b>Jeremy Thomas<\/b> alla batteria, un doppio set da brivido il 4 novembre a <b>U\u00e8ffilo, uno dei Jazz Club pi\u00f9 rinomati d\u2019Italia<\/b>.<\/p>\n<p style=\"text-align: justify;\"><strong>Una data che passer\u00e0 alla storia come primo \u201capprodo\u201d in provincia di Bari del musicista<\/strong>, definito non a caso e in tutti i sensi il pi\u00f9 grande organista jazz al mondo.<\/p>\n<p style=\"text-align: justify;\"><strong>Solo quattro date nel tour italiano<\/strong> (Perugia, Lamezia Terme, <b>Gioia del Colle<\/b> e Foggia), motivo per cui il botteghino del Jazz Club \u00e8 stato letteralmente preso d\u2019assalto da chi non poteva rinunciare all\u2019<b>ascolto<i> live<\/i> di un mito vivente<\/b>.<b><img loading=\"lazy\" decoding=\"async\" class=\" alignright size-full wp-image-30236\" style=\"margin: 4px; float: right;\" height=\"331\" alt=\"249340 485981831433065 35202600 n\" src=\"https:\/\/archiviogioia.lavocedelpaese.info\/wp-content\/uploads\/2012\/11\/249340_485981831433065_35202600_n.jpg\" width=\"220\" srcset=\"https:\/\/archiviogioia.lavocedelpaese.info\/wp-content\/uploads\/2012\/11\/249340_485981831433065_35202600_n.jpg 479w, https:\/\/archiviogioia.lavocedelpaese.info\/wp-content\/uploads\/2012\/11\/249340_485981831433065_35202600_n-200x300.jpg 200w\" sizes=\"auto, (max-width: 220px) 100vw, 220px\" \/><\/b><\/p>\n<p style=\"text-align: justify;\">La capacit\u00e0 di<b> sovrapporre ed esprimere<\/b><b> timbriche e ritmi diversi mantenendo altissimo il livello melodico di tensione emotiva, <\/b>\u00e8 uno dei \u201cdoni\u201d di<b> DeFrancesco.&nbsp;<\/b><\/p>\n<p style=\"text-align: justify;\">Il musicista<b> intercett<\/b><b>a in un metafisico limbo dell\u2019anima le note da trasmettere via etere e le trasforma in rune di alfabeti melodici con cui comporre armonia<\/b>.<\/p>\n<p style=\"text-align: justify;\">Un linguaggio originale e mai scontato, <b>con \u201ctrascritture\u201d su pentagrammi tesi tra mente, cuore e orecchio assoluto<\/b>, di grande impatto emozionale\u2026 definirlo improvvisazione sarebbe riduttivo. E\u2019 pura creazione, genesi Jazz di altissima qualit\u00e0.<\/p>\n<p style=\"text-align: justify;\"><b>Le architetture \u201cgotiche\u201d dell\u2019hammond vengono lambite dalla ritmica insinuante, a tratti ipnotica<\/b> di <b>Thomas<\/b> sostenute e accarezzate dagli arpeggi di <b>Bollenback<\/b>, <b>linee melodiche che si intrecciano e sovrappongono senza mai realmente fondersi, tese in un vibrante ed euforico wireless emozionale, metafora di armonia assolu<\/b><b>ta nel rispetto dell\u2019unicit\u00e0 di ogni strumento che solo la musica sa esaltare nell\u2019alchimia del suo amalgam<\/b><img loading=\"lazy\" decoding=\"async\" class=\" alignleft size-full wp-image-30237\" style=\"margin: 4px; float: left;\" height=\"213\" alt=\"542611 486698671361381 1046303317 n\" src=\"https:\/\/archiviogioia.lavocedelpaese.info\/wp-content\/uploads\/2012\/11\/542611_486698671361381_1046303317_n.jpg\" width=\"320\" srcset=\"https:\/\/archiviogioia.lavocedelpaese.info\/wp-content\/uploads\/2012\/11\/542611_486698671361381_1046303317_n.jpg 700w, https:\/\/archiviogioia.lavocedelpaese.info\/wp-content\/uploads\/2012\/11\/542611_486698671361381_1046303317_n-300x200.jpg 300w\" sizes=\"auto, (max-width: 320px) 100vw, 320px\" \/><b>a.<\/b><\/p>\n<p style=\"text-align: justify;\">Il brio dell\u2019artista emerge prorompente nel trio di recente formazione con il serafico <b>Paul Bollenback<\/b> alla chitarra ed il giovanissimo <b>Jeremy Thomas<\/b> alle percussioni. <b>Indimenticabile la sua sonata con la tromba nella destra, sui bassi dell\u2019Hammond con la sinistra e a pieno ritmo sulla pedaliera<\/b>\u2026 non solo classe ma pura genialit\u00e0 mentale e cinetica essendo <b>ogni movimento a se stante e dissociato dall\u2019altro<\/b> in perfetta asincronia. Visualizzare tre diverse menti all\u2019opera in un\u2019unica \u201cforza della natura\u201d potrebbe rendere appena l\u2019idea di quel che ha scatenato nel pubblico stupore, applausi fragorosi e <img loading=\"lazy\" decoding=\"async\" class=\" alignright size-full wp-image-30238\" style=\"margin: 4px; float: right;\" height=\"213\" alt=\"21744 485988161432432 486825924 n\" src=\"https:\/\/archiviogioia.lavocedelpaese.info\/wp-content\/uploads\/2012\/11\/21744_485988161432432_486825924_n.jpg\" width=\"320\" srcset=\"https:\/\/archiviogioia.lavocedelpaese.info\/wp-content\/uploads\/2012\/11\/21744_485988161432432_486825924_n.jpg 720w, https:\/\/archiviogioia.lavocedelpaese.info\/wp-content\/uploads\/2012\/11\/21744_485988161432432_486825924_n-300x200.jpg 300w\" sizes=\"auto, (max-width: 320px) 100vw, 320px\" \/>sincere acclamazioni inneggianti alla stand ovation.<\/p>\n<p style=\"text-align: justify;\"><b>Joey DeFrancesco<\/b> &#8211; classe 1971 -, \u00e8 per antonomasia re del funky jazz, titolo conquistato componendo sui tasti dell\u2019Hammond creazioni e improvvisazioni jazz eccezionali, tanto da essere annoverato con <b>Jimmy Smith<\/b> il miglior organista del mondo. Suona dall&#8217;et\u00e0 di quattro anni, a cinque esegue senza errori brani di Smith, a dieci suona nella Banda di Philadelphia. A diciassette con la <b>Columbia Records<\/b>, realizza il suo primo disco &#8220;<b>All of me<\/b>&#8220;, un successo che porter\u00e0 l\u2019Hammond tra i miti del Jazz. Poco pi\u00f9 che adolescente \u00e8 in un tour europeo con <b>Miles Davis<\/b>, conquistato dalla bravura <img loading=\"lazy\" decoding=\"async\" class=\" alignleft size-full wp-image-30239\" style=\"margin: 4px; float: left;\" height=\"330\" alt=\"ueffilo batteria\" src=\"https:\/\/archiviogioia.lavocedelpaese.info\/wp-content\/uploads\/2012\/11\/ueffilo_batteria.jpg\" width=\"220\" srcset=\"https:\/\/archiviogioia.lavocedelpaese.info\/wp-content\/uploads\/2012\/11\/ueffilo_batteria.jpg 341w, https:\/\/archiviogioia.lavocedelpaese.info\/wp-content\/uploads\/2012\/11\/ueffilo_batteria-200x300.jpg 200w\" sizes=\"auto, (max-width: 220px) 100vw, 220px\" \/>dello strumentista, suona anch\u2019egli la tromba.<\/p>\n<p style=\"text-align: justify;\">A diciotto anni con un suo quartetto intraprende il suo primo tour, a ventidue anni, con <b>John McLaughlin e Dennis Chambers<\/b> d\u00e0 vita ai &#8220;<b>Free Spirits<\/b>&#8220;.<\/p>\n<p style=\"text-align: justify;\">Per sette anni di seguito dal 2002 vince il <b>Down Beat Award<\/b> (il pi\u00f9 prestigioso premio internazionale per il jazz), suo anche il <b>Jazz Journalist Award<\/b>. Nel 2004 ha una nomination al <b>Grammy Award<\/b> per il suo disco &#8220;<b>Falling in love again<\/b>&#8220;, un\u2019altra nel 2010 per &#8220;<b>Never can say goodbye<\/b>&#8221; ed \u00e8&nbsp;numero uno anche nel 2012 <strong>Downbeat Readers Poll.<\/strong> Al suo attivo ha trenta lavori discografici, cento registrazioni in studio e oltre duecento concerti in tutto il mondo.<\/p>\n<p style=\"text-align: justify;\">Il concerto portato a Gioia dal direttore artistico nonch\u00e9 mente e cuore di&nbsp;<b>Jazzitalia<\/b>, <b>Marco Losavio<\/b>, ha aperto la nuova stagione di <b>U\u00e8ffilo<\/b> affidato alle cure gestionali di <b>Angelo Calculli<\/b>, <img loading=\"lazy\" decoding=\"async\" class=\" alignright size-full wp-image-30241\" style=\"margin: 4px; float: right;\" height=\"212\" alt=\"ueffilo dippolito\" src=\"https:\/\/archiviogioia.lavocedelpaese.info\/wp-content\/uploads\/2012\/11\/ueffilo_dippolito.JPG\" width=\"282\" srcset=\"https:\/\/archiviogioia.lavocedelpaese.info\/wp-content\/uploads\/2012\/11\/ueffilo_dippolito.JPG 640w, https:\/\/archiviogioia.lavocedelpaese.info\/wp-content\/uploads\/2012\/11\/ueffilo_dippolito-300x226.jpg 300w\" sizes=\"auto, (max-width: 282px) 100vw, 282px\" \/>manager della \u201c<b>Coop U\u00e8ffilo Media Entertainment<\/b>\u201d di cui fanno parte <b>Maddalena Teofilo<\/b>, <b>Luciano Di Benedetto<\/b>, e <b>Pino Olivieri<\/b>.<\/p>\n<p style=\"text-align: justify;\">Un look totalmente rinnovato accoglie gli avventori. All\u2019ingresso in marsina <b>Dino D\u2019Ippolito accompagna<\/b> all\u2019interno. L\u2019ingresso presenta <b>il pavi<\/b><b>mento in pietra verniciato di nero, le pareti viola e le storiche foto disposte anche <\/b><b>sugli archi, un effetto \u201cdark\u201d che crea suggestioni Jazz anche a microfoni spenti<\/b> e senza audio. La saletta che porta al giardino \u00e8 totalmente rivestita e \u201craccontata\u201d dai manifesti in nero e bianco &#8211; brand di <b>Filippo Cazzolla<\/b>, oggi diretto<b><img loading=\"lazy\" decoding=\"async\" class=\" alignleft size-full wp-image-30242\" style=\"margin: 4px; float: left;\" height=\"219\" alt=\"ueffilo staff\" src=\"https:\/\/archiviogioia.lavocedelpaese.info\/wp-content\/uploads\/2012\/11\/ueffilo_staff.JPG\" width=\"292\" srcset=\"https:\/\/archiviogioia.lavocedelpaese.info\/wp-content\/uploads\/2012\/11\/ueffilo_staff.JPG 640w, https:\/\/archiviogioia.lavocedelpaese.info\/wp-content\/uploads\/2012\/11\/ueffilo_staff-300x226.jpg 300w\" sizes=\"auto, (max-width: 292px) 100vw, 292px\" \/><\/b>re storico del Club &#8211; che hanno promosso con successo i concerti di questi otto anni.<\/p>\n<p style=\"text-align: justify;\">Lungo le scale lanterne e lumini&#8230; Totalmente rivisitato anche il piano inferiore: parquet sui pavimenti con ben due gradini degradanti verso il palco, una ringhiera per suddividere lo spazio scenico e la <b>scritta U\u00e8ffilo<\/b> di un bel <b>rosa elettrico<\/b>.<\/p>\n<p style=\"text-align: justify;\"><b>Sul palcoscenico pianoforte e batteria sono gli stessi, memoria dei fasti del passato di cui conservano l\u2019imprinting insieme ad una malinconica patina di vissuto successo.<\/b><\/p>\n<p style=\"text-align: justify;\"><img loading=\"lazy\" decoding=\"async\" class=\" alignright size-full wp-image-30243\" style=\"margin: 4px; float: right;\" height=\"241\" alt=\"ueffilo schermo\" src=\"https:\/\/archiviogioia.lavocedelpaese.info\/wp-content\/uploads\/2012\/11\/ueffilo_schermo.JPG\" width=\"320\" srcset=\"https:\/\/archiviogioia.lavocedelpaese.info\/wp-content\/uploads\/2012\/11\/ueffilo_schermo.JPG 640w, https:\/\/archiviogioia.lavocedelpaese.info\/wp-content\/uploads\/2012\/11\/ueffilo_schermo-300x226.jpg 300w\" sizes=\"auto, (max-width: 320px) 100vw, 320px\" \/>Sul caminetto della saletta food <b>un imponente schermo<\/b> riporta le immagini dei musicisti per coloro che non hanno trovato spazio o hanno deciso di cenare. L\u2019effetto \u00e8 piacevolmente sorprendente: si pu\u00f2 ascoltare dal vivo (la distanza \u00e8 minima), vedere come se si fosse in prima fila e \u201crubare\u201d un autografo ai musicisti costretti a passare davanti agli avventori per rifugiarsi a fine serata dietro il separ\u00e8.<\/p>\n<p style=\"text-align: justify;\"><b>Filippo osserva con sguardo colmo di orgoglio \u201cpaterno\u201d il luogo cui ha dedicato tanti anni della sua vita<\/b>, consapevole che <b>in ogni cambiamento vi \u00e8 sempre un faticoso processo di crescita ed evoluzione<\/b>. L\u2019entusiasmo di <b>Angelo Calculli<\/b>, l\u2019emozione dei suoi amici e l\u2019efficienza dei camerieri che <img loading=\"lazy\" decoding=\"async\" class=\" alignleft size-full wp-image-30244\" style=\"margin: 4px; float: left;\" height=\"240\" alt=\"inaugurazione 2\" src=\"https:\/\/archiviogioia.lavocedelpaese.info\/wp-content\/uploads\/2012\/11\/inaugurazione_2.jpg\" width=\"320\" srcset=\"https:\/\/archiviogioia.lavocedelpaese.info\/wp-content\/uploads\/2012\/11\/inaugurazione_2.jpg 960w, https:\/\/archiviogioia.lavocedelpaese.info\/wp-content\/uploads\/2012\/11\/inaugurazione_2-300x225.jpg 300w, https:\/\/archiviogioia.lavocedelpaese.info\/wp-content\/uploads\/2012\/11\/inaugurazione_2-768x576.jpg 768w\" sizes=\"auto, (max-width: 320px) 100vw, 320px\" \/>scivolano tra il pubblico per portare piatti e bevande senza arrecare alcun disturbo n\u00e9 interrompere la magia del concerto, confermano la voglia di far bene e crescere insieme.<\/p>\n<p style=\"text-align: justify;\">Nel corso della serata inaugurale del 3 novembre si sono esibiti <b>Mimmo Campanale<\/b>, storico batterista di casa a U\u00e8ffilo, <b>Pietro Vincenti<\/b> al pianoforte, <b>Liviana Ferri<\/b> alla batteria, <b>Francesco Angiuli<\/b> al basso e <b>Stefania Dipierro<\/b>, incantevole Jazz vocalist.<\/p>\n<p style=\"text-align: justify;\">La stagione si presenta sin dalle prime battute, varia ed alternativa. Venerd\u00ec 9 novembre cuciner\u00e0 sul palco uno chef d\u2019eccezione: <b>Andy Luotto<\/b>, e numerosi artisti daranno vita agli <b>after hours music<\/b>, non ancora istituzionalizzati ma gi\u00e0 in auge nelle precedenti stagioni.<img loading=\"lazy\" decoding=\"async\" class=\" alignright size-full wp-image-30245\" style=\"margin: 4px; float: right;\" height=\"295\" alt=\"inaugurazione 3\" src=\"https:\/\/archiviogioia.lavocedelpaese.info\/wp-content\/uploads\/2012\/11\/inaugurazione_3.jpg\" width=\"220\" srcset=\"https:\/\/archiviogioia.lavocedelpaese.info\/wp-content\/uploads\/2012\/11\/inaugurazione_3.jpg 717w, https:\/\/archiviogioia.lavocedelpaese.info\/wp-content\/uploads\/2012\/11\/inaugurazione_3-224x300.jpg 224w\" sizes=\"auto, (max-width: 220px) 100vw, 220px\" \/><\/p>\n<p style=\"text-align: justify;\"><strong>Non era infatti insolito che artisti ospitati in concerto<\/strong> &#8211; molti dei quali icone mondiali del Jazz -, a fine serata dessero vita a coinvolgenti ed emozionanti fuori programma interagendo con i ritardatari e il personale del U\u00e8ffilo, instancabili anche dopo due sconvolgenti set.<\/p>\n<p style=\"text-align: justify;\">A <b>U\u00e8ffilo<\/b> e ai suoi \u201cangeli jazz\u201d la redazione augura successo e gloria!<\/p>\n<p style=\"text-align: justify;\">Un grazie ai fotografi <b>Antonio Lionetti<\/b> e <b>C. Picardi <\/b>che hanno \u201cteletrasportato\u201d i lettori sul palco insieme al<b> Joey DeFrancesco Trio.<\/b><\/p>\n<p style=\"text-align: justify;\"><b><br \/><\/b><\/p>\n<p style=\"text-align: justify;\"><b><br \/><\/b><\/p>\n<p style=\"text-align: justify;\"><b><br \/><\/b><\/p>\n<p style=\"text-align: justify;\">&nbsp;<\/p>\n<p><object type=\"application\/x-shockwave-flash\" width=\"660\" height=\"660\" flashvars=\"host=picasaweb.google.com&amp;hl=it&amp;feat=flashalbum&amp;RGB=0x000000&amp;feed=https:\/\/picasaweb.google.com\/data\/feed\/api\/user\/104626251937098962566\/albumid\/5808399425202079681?alt=rss&amp;kind=photo&amp;authkey=Gv1sRgCKaT85zuxK--kQE&amp;hl=it\" pluginspage=\"http:\/\/www.macromedia.com\/go\/getflashplayer\" data=\"https:\/\/picasaweb.google.com\/s\/c\/bin\/slideshow.swf\"><param name=\"movie\" value=\"https:\/\/picasaweb.google.com\/s\/c\/bin\/slideshow.swf\" \/><\/object><\/p>\n","protected":false},"excerpt":{"rendered":"","protected":false},"author":1,"featured_media":30233,"comment_status":"open","ping_status":"closed","sticky":false,"template":"","format":"standard","meta":{"colormag_page_container_layout":"default_layout","colormag_page_sidebar_layout":"default_layout","footnotes":""},"categories":[7],"tags":[],"class_list":["post-30247","post","type-post","status-publish","format-standard","has-post-thumbnail","hentry","category-attualita"],"_links":{"self":[{"href":"https:\/\/archiviogioia.lavocedelpaese.info\/index.php?rest_route=\/wp\/v2\/posts\/30247","targetHints":{"allow":["GET"]}}],"collection":[{"href":"https:\/\/archiviogioia.lavocedelpaese.info\/index.php?rest_route=\/wp\/v2\/posts"}],"about":[{"href":"https:\/\/archiviogioia.lavocedelpaese.info\/index.php?rest_route=\/wp\/v2\/types\/post"}],"author":[{"embeddable":true,"href":"https:\/\/archiviogioia.lavocedelpaese.info\/index.php?rest_route=\/wp\/v2\/users\/1"}],"replies":[{"embeddable":true,"href":"https:\/\/archiviogioia.lavocedelpaese.info\/index.php?rest_route=%2Fwp%2Fv2%2Fcomments&post=30247"}],"version-history":[{"count":0,"href":"https:\/\/archiviogioia.lavocedelpaese.info\/index.php?rest_route=\/wp\/v2\/posts\/30247\/revisions"}],"wp:featuredmedia":[{"embeddable":true,"href":"https:\/\/archiviogioia.lavocedelpaese.info\/index.php?rest_route=\/wp\/v2\/media\/30233"}],"wp:attachment":[{"href":"https:\/\/archiviogioia.lavocedelpaese.info\/index.php?rest_route=%2Fwp%2Fv2%2Fmedia&parent=30247"}],"wp:term":[{"taxonomy":"category","embeddable":true,"href":"https:\/\/archiviogioia.lavocedelpaese.info\/index.php?rest_route=%2Fwp%2Fv2%2Fcategories&post=30247"},{"taxonomy":"post_tag","embeddable":true,"href":"https:\/\/archiviogioia.lavocedelpaese.info\/index.php?rest_route=%2Fwp%2Fv2%2Ftags&post=30247"}],"curies":[{"name":"wp","href":"https:\/\/api.w.org\/{rel}","templated":true}]}}