{"id":30600,"date":"2012-11-12T06:30:09","date_gmt":"2012-11-12T06:30:09","guid":{"rendered":"https:\/\/archiviogioia.lavocedelpaese.info\/?p=30600"},"modified":"2012-11-12T06:30:09","modified_gmt":"2012-11-12T06:30:09","slug":"assunzione-apprendisti-in-arrivo-sgravi-contributivi-3","status":"publish","type":"post","link":"https:\/\/archiviogioia.lavocedelpaese.info\/?p=30600","title":{"rendered":"ASSUNZIONE APPRENDISTI: IN ARRIVO SGRAVI CONTRIBUTIVI"},"content":{"rendered":"<p><img loading=\"lazy\" decoding=\"async\" class=\" size-full wp-image-30580\" style=\"margin: 4px;\" alt=\"inps-sgravi-contributivi-pp\" src=\"https:\/\/archiviogioia.lavocedelpaese.info\/wp-content\/uploads\/2012\/11\/inps-sgravi-contributivi-pp.png\" height=\"150\" width=\"320\" srcset=\"https:\/\/archiviogioia.lavocedelpaese.info\/wp-content\/uploads\/2012\/11\/inps-sgravi-contributivi-pp.png 640w, https:\/\/archiviogioia.lavocedelpaese.info\/wp-content\/uploads\/2012\/11\/inps-sgravi-contributivi-pp-300x141.png 300w\" sizes=\"auto, (max-width: 320px) 100vw, 320px\" \/><\/p>\n<p><!--more--><\/p>\n<p style=\"text-align: justify;\"><b><img loading=\"lazy\" decoding=\"async\" class=\" alignleft size-full wp-image-30583\" style=\"margin: 4px; float: left;\" alt=\"Apprendisti-300x198\" src=\"https:\/\/archiviogioia.lavocedelpaese.info\/wp-content\/uploads\/2012\/11\/Apprendisti-300x198.jpg\" height=\"198\" width=\"300\" srcset=\"https:\/\/archiviogioia.lavocedelpaese.info\/wp-content\/uploads\/2012\/11\/Apprendisti-300x198.jpg 587w, https:\/\/archiviogioia.lavocedelpaese.info\/wp-content\/uploads\/2012\/11\/Apprendisti-300x198-300x198.jpg 300w\" sizes=\"auto, (max-width: 300px) 100vw, 300px\" \/>Dal 2 novembre scorso<\/b>, con la circolare 128, <b>l\u2019Inps attiva gli sgravi contributivi per le assunzioni degli apprendisti nel periodo 2012-2016<\/b>. Si tratta di un passo importante perch\u00e9 nell\u2019ambito della <b>riforma del lavoro<\/b> ci si attende che questa forma contrattuale diventi lo <b>strumento principale per l\u2019ingresso nel settore produttivo<\/b>.<\/p>\n<p style=\"text-align: justify;\"><b>Gli aspetti centrali <\/b>di questa nuova norma <b>sono sostanzialmente due<\/b>:<\/p>\n<p style=\"text-align: justify;\">&#8211; <b>Sgravi contributivi. <\/b>Per quanto riguarda <b>l\u2019azzeramento degli oneri a carico del datore di lavoro nel periodo 1 gennaio 2012-31 dicembre 2016<\/b>, l\u2019Inps precisa che la misura si applica <b>solo alle aziende con al massimo nove dipendenti<\/b> e purch\u00e9 siano rispettate le disposizi<img loading=\"lazy\" decoding=\"async\" class=\" alignright size-full wp-image-30585\" style=\"margin: 4px; float: right;\" alt=\"apprendistato\" src=\"https:\/\/archiviogioia.lavocedelpaese.info\/wp-content\/uploads\/2012\/11\/apprendistato.jpg\" height=\"224\" width=\"300\" srcset=\"https:\/\/archiviogioia.lavocedelpaese.info\/wp-content\/uploads\/2012\/11\/apprendistato.jpg 450w, https:\/\/archiviogioia.lavocedelpaese.info\/wp-content\/uploads\/2012\/11\/apprendistato-300x224.jpg 300w\" sizes=\"auto, (max-width: 300px) 100vw, 300px\" \/>oni comunitarie in materia di aiuti minori (cosiddetto \u201cde minimis\u201d). Per accedere al beneficio <b>gli imprenditori dovranno dichiarare all\u2019Inps di averne diritto<\/b>. La dichiarazione deve essere presentata da chi ha gi\u00e0 effettuato assunzioni e applicato sgravi, anche se non erano ancora state diffuse indicazioni precise in merito.<\/p>\n<p style=\"text-align: justify;\">&#8211; <b>Assunzione apprendisti iscritti alle liste di mobilit\u00e0<\/b>. Per ragazzi che non superano i 29 anni d\u2019et\u00e0, questa possibilit\u00e0 \u00e8 invece subordinata all\u2019inserimento del contratto di lavoro una clausola con cui <b>le due parti rinunciano alla facolt\u00e0 di recesso al termine del periodo di formazione<\/b>. In caso contrario si applicher\u00e0 la regolamentazione ordinaria, <b>senza riduzione della contribuzione a carico del datore di lavoro<\/b>. Uno stratagemma che vuole ottenere che il contratto di apprendistato sia davvero utilizzato per inserire nuove persone in ambito lavorativo e non solo per agevolare degli sgravi.<\/p>\n<p style=\"text-align: right;\">(f<em><span style=\"font-style: normal;\">onte: ilsole24ore)<\/span><\/em><\/p>\n<p>&nbsp;<\/p>\n","protected":false},"excerpt":{"rendered":"","protected":false},"author":1,"featured_media":30580,"comment_status":"open","ping_status":"closed","sticky":false,"template":"","format":"standard","meta":{"colormag_page_container_layout":"default_layout","colormag_page_sidebar_layout":"default_layout","footnotes":""},"categories":[7],"tags":[],"class_list":["post-30600","post","type-post","status-publish","format-standard","has-post-thumbnail","hentry","category-attualita"],"_links":{"self":[{"href":"https:\/\/archiviogioia.lavocedelpaese.info\/index.php?rest_route=\/wp\/v2\/posts\/30600","targetHints":{"allow":["GET"]}}],"collection":[{"href":"https:\/\/archiviogioia.lavocedelpaese.info\/index.php?rest_route=\/wp\/v2\/posts"}],"about":[{"href":"https:\/\/archiviogioia.lavocedelpaese.info\/index.php?rest_route=\/wp\/v2\/types\/post"}],"author":[{"embeddable":true,"href":"https:\/\/archiviogioia.lavocedelpaese.info\/index.php?rest_route=\/wp\/v2\/users\/1"}],"replies":[{"embeddable":true,"href":"https:\/\/archiviogioia.lavocedelpaese.info\/index.php?rest_route=%2Fwp%2Fv2%2Fcomments&post=30600"}],"version-history":[{"count":0,"href":"https:\/\/archiviogioia.lavocedelpaese.info\/index.php?rest_route=\/wp\/v2\/posts\/30600\/revisions"}],"wp:featuredmedia":[{"embeddable":true,"href":"https:\/\/archiviogioia.lavocedelpaese.info\/index.php?rest_route=\/wp\/v2\/media\/30580"}],"wp:attachment":[{"href":"https:\/\/archiviogioia.lavocedelpaese.info\/index.php?rest_route=%2Fwp%2Fv2%2Fmedia&parent=30600"}],"wp:term":[{"taxonomy":"category","embeddable":true,"href":"https:\/\/archiviogioia.lavocedelpaese.info\/index.php?rest_route=%2Fwp%2Fv2%2Fcategories&post=30600"},{"taxonomy":"post_tag","embeddable":true,"href":"https:\/\/archiviogioia.lavocedelpaese.info\/index.php?rest_route=%2Fwp%2Fv2%2Ftags&post=30600"}],"curies":[{"name":"wp","href":"https:\/\/api.w.org\/{rel}","templated":true}]}}