{"id":30734,"date":"2012-11-14T05:15:14","date_gmt":"2012-11-14T05:15:14","guid":{"rendered":"https:\/\/archiviogioia.lavocedelpaese.info\/?p=30734"},"modified":"2012-11-14T05:15:14","modified_gmt":"2012-11-14T05:15:14","slug":"gremito-convegno-prevenzione-tumore-al-seno-foto-4","status":"publish","type":"post","link":"https:\/\/archiviogioia.lavocedelpaese.info\/?p=30734","title":{"rendered":"GREMITO CONVEGNO \u201cPREVENZIONE TUMORE SENO\u201d"},"content":{"rendered":"<p><img loading=\"lazy\" decoding=\"async\" class=\" size-full wp-image-30700\" style=\"margin-right: 2px; margin-left: 2px;\" alt=\"cancro-al-seno-conferenza-pp\" src=\"https:\/\/archiviogioia.lavocedelpaese.info\/wp-content\/uploads\/2012\/11\/cancro-al-seno-conferenza-pp.jpg\" height=\"150\" width=\"320\" srcset=\"https:\/\/archiviogioia.lavocedelpaese.info\/wp-content\/uploads\/2012\/11\/cancro-al-seno-conferenza-pp.jpg 640w, https:\/\/archiviogioia.lavocedelpaese.info\/wp-content\/uploads\/2012\/11\/cancro-al-seno-conferenza-pp-300x141.jpg 300w\" sizes=\"auto, (max-width: 320px) 100vw, 320px\" \/><\/p>\n<p><!--more--><\/p>\n<p style=\"text-align: justify;\"><b><img loading=\"lazy\" decoding=\"async\" class=\" alignleft size-full wp-image-30701\" style=\"margin: 4px; float: left;\" alt=\"cancro al seno lattanzio tavolo\" src=\"https:\/\/archiviogioia.lavocedelpaese.info\/wp-content\/uploads\/2012\/11\/cancro_al_seno_lattanzio_tavolo.JPG\" height=\"215\" width=\"320\" srcset=\"https:\/\/archiviogioia.lavocedelpaese.info\/wp-content\/uploads\/2012\/11\/cancro_al_seno_lattanzio_tavolo.JPG 636w, https:\/\/archiviogioia.lavocedelpaese.info\/wp-content\/uploads\/2012\/11\/cancro_al_seno_lattanzio_tavolo-300x202.jpg 300w\" sizes=\"auto, (max-width: 320px) 100vw, 320px\" \/>\u201cPrevenzione del tumore al seno: attualit\u00e0 e prospettive\u201d: questo il tema trattato dal prof. Vincenzo Lattanzio<\/b> \u2013 direttore del Servizio Autonomo di Radiologia ad Indirizzo Senologico del policlinico di Bari &#8211; durante il <b>convegno tenutosi sabato, 10 novembre<\/b>, al liceo classico \u201cP.V. Marone\u201d, <b>organizzato dall\u2019associazione \u201cIl Faro\u201d<\/b>.<\/p>\n<p style=\"margin-bottom: 0.0001pt; text-align: justify; line-height: normal;\">Introdotto dal presidente<b> Vincenzo Lamanna <\/b>e dalla socia e amica<b> Maria Teresa Tracquilio<\/b>, <b>il prof. Lattanzio ha fornito un puntuale resoconto<\/b> sulle modalit\u00e0 della diagnostica senologica, tenendo a sottolineare l\u2019importanza della diagnosi preventiva nel debellare <b>una patologia che colpisce una donna su nove ogni anno<\/b>. A fronte di un\u2019incidenza molto elevata, si colloca un sempre <b>minor tasso di mortalit\u00e0<\/b>, grazie ai sofisticati mezzi a disposizione dei medici <img loading=\"lazy\" decoding=\"async\" class=\" alignright size-full wp-image-30703\" style=\"margin: 4px; float: right;\" alt=\"cancro al seno lattanzio\" src=\"https:\/\/archiviogioia.lavocedelpaese.info\/wp-content\/uploads\/2012\/11\/cancro_al_seno_lattanzio.JPG\" height=\"199\" width=\"300\" srcset=\"https:\/\/archiviogioia.lavocedelpaese.info\/wp-content\/uploads\/2012\/11\/cancro_al_seno_lattanzio.JPG 720w, https:\/\/archiviogioia.lavocedelpaese.info\/wp-content\/uploads\/2012\/11\/cancro_al_seno_lattanzio-300x199.jpg 300w\" sizes=\"auto, (max-width: 300px) 100vw, 300px\" \/>radiologi per <b>fare la miglior prevenzione possibile<\/b>.<\/p>\n<p style=\"margin-bottom: 0.0001pt; text-align: justify; line-height: normal;\"><b>La mammografia<\/b>, prima analogica e poi digitale, <b>ha rivoluzionato il modo di diagnosticare e di curare il cancro<\/b>, poich\u00e9 permette uno studio accurato della mammella. Fondamentale nella diagnosi preventiva di carcinoma, presenta tuttavia una percentuale di fallibilit\u00e0, per cui <b>si consiglia di ripetere l\u2019esame annualmente al di sopra dei quarant\u2019anni<\/b>. Sotto questa soglia, nello specifico dai trenta ai trentanove anni, \u00e8 sufficiente eseguire periodicamente un\u2019ecografia. Eventuali <b>indagini di approfondimento<\/b> possono comprendere la <b>risonanza magnetica<\/b> <b>o l\u2019agoaspirazione<\/b> di noduli mammari, con esame citologico del prelievo.<\/p>\n<p style=\"margin-bottom: 0.0001pt; text-align: justify; line-height: normal;\"><b><img loading=\"lazy\" decoding=\"async\" class=\" alignleft size-full wp-image-30704\" style=\"margin: 4px; float: left;\" alt=\"cancro al seno conferenza2\" src=\"https:\/\/archiviogioia.lavocedelpaese.info\/wp-content\/uploads\/2012\/11\/cancro_al_seno_conferenza2.JPG\" height=\"216\" width=\"320\" srcset=\"https:\/\/archiviogioia.lavocedelpaese.info\/wp-content\/uploads\/2012\/11\/cancro_al_seno_conferenza2.JPG 640w, https:\/\/archiviogioia.lavocedelpaese.info\/wp-content\/uploads\/2012\/11\/cancro_al_seno_conferenza2-300x202.jpg 300w\" sizes=\"auto, (max-width: 320px) 100vw, 320px\" \/>Le donne possono decidere volontariamente<\/b> di sottoporsi all\u2019esame clinico strumentale, <b>svolgendo in un\u2019unica seduta la visita senologica, l\u2019ecografia e la mammografia<\/b>, o aderire allo <b>screening promosso dalla A.S.L<\/b> di riferimento, che periodicamente le invita ad effettuare una mammografia e, qualora si rivelassero necessari, le indirizza ai successivi approfondimenti e trattamenti.<\/p>\n<p style=\"margin-bottom: 0.0001pt; text-align: justify; line-height: normal;\"><b>\u201cLo screening\u201d<\/b>, sostiene Lattanzio, \u201cpur avendo l\u2019indubbio merito di aver fatto capire alle donne l\u2019importanza della prevenzione, <b>appare ormai uno strumento superato\u201d<\/b>. I controlli \u201ca tappe\u201d, infatti, <b>allungano i tempi<\/b> di una diagnosi la cui tempestivit\u00e0 \u00e8 decisiva. Paradossalmente, inoltre, <b>restano fuori dallo screening le donne dai quaranta ai quarantanove anni<\/b> ed \u00e8 proprio questa la fascia d\u2019et\u00e0 <b>in cui si concentra<\/b> <b>ben il 30% delle diagnosi di <img loading=\"lazy\" decoding=\"async\" class=\" alignright size-full wp-image-30707\" style=\"margin: 4px; float: right;\" alt=\"cancro al seno pubblico\" src=\"https:\/\/archiviogioia.lavocedelpaese.info\/wp-content\/uploads\/2012\/11\/cancro_al_seno_pubblico.JPG\" height=\"212\" width=\"320\" srcset=\"https:\/\/archiviogioia.lavocedelpaese.info\/wp-content\/uploads\/2012\/11\/cancro_al_seno_pubblico.JPG 720w, https:\/\/archiviogioia.lavocedelpaese.info\/wp-content\/uploads\/2012\/11\/cancro_al_seno_pubblico-300x199.jpg 300w\" sizes=\"auto, (max-width: 320px) 100vw, 320px\" \/>tumore<\/b>.<\/p>\n<p style=\"margin-bottom: 0.0001pt; text-align: justify; line-height: normal;\">Infine, <b>circa un terzo delle donne invitate dalle A.S.L<\/b>. a sottoporsi ai controlli, <b>non aderisce all\u2019iniziativa<\/b>. Il che significa che si sta continuando a finanziare uno strumento che va interamente ripensato.<\/p>\n<p style=\"margin-bottom: 0.0001pt; text-align: justify; line-height: normal;\"><b>Richiamando l\u2019attenzione sui dati pugliesi, Lattanzio evidenzia la discrepanza<\/b> fra il numero delle donne comprese nella fascia d\u2019et\u00e0 da sottoporre a regolari controlli \u2013 pi\u00f9 di settecentomila \u2013 e il numero dei <b>medici radiologi a loro disposizione<\/b> \u2013 <b>appena novantadue<\/b>. Conclude affermando che accogliere le pazienti in strutture efficienti e mettere a loro disposizione le proprie competenze e la propria umanit\u00e0 \u00e8 un dovere morale.<\/p>\n<p style=\"margin-bottom: 0.0001pt; text-align: justify; line-height: normal;\"><b><img loading=\"lazy\" decoding=\"async\" class=\" alignleft size-full wp-image-30701\" style=\"margin: 4px; float: left;\" alt=\"cancro al seno lattanzio tavolo\" src=\"https:\/\/archiviogioia.lavocedelpaese.info\/wp-content\/uploads\/2012\/11\/cancro_al_seno_lattanzio_tavolo.JPG\" height=\"215\" width=\"320\" srcset=\"https:\/\/archiviogioia.lavocedelpaese.info\/wp-content\/uploads\/2012\/11\/cancro_al_seno_lattanzio_tavolo.JPG 636w, https:\/\/archiviogioia.lavocedelpaese.info\/wp-content\/uploads\/2012\/11\/cancro_al_seno_lattanzio_tavolo-300x202.jpg 300w\" sizes=\"auto, (max-width: 320px) 100vw, 320px\" \/>Il disagio psicologico provocato da una diagnosi di carcinoma alla mammella<\/b>, infatti, <b>pu\u00f2 essere <\/b>particolarmente<b> notevole<\/b>, sia perch\u00e9 questo male \u00e8 quasi sempre asintomatico, quindi la diagnosi pu\u00f2 arrivare inaspettata \u2013 <b>di qui l\u2019importanza di sottoporsi regolarmente ai controlli<\/b>, <b>anche se in assenza di sintomi<\/b> \u2013 sia perch\u00e9 interessa una parte del corpo fondamentale nella definizione dell\u2019identit\u00e0 della donna, perch\u00e9 emblema della femminilit\u00e0, della sessualit\u00e0 e della maternit\u00e0.<\/p>\n<p style=\"margin-bottom: 0.0001pt; text-align: justify; line-height: normal;\">Scatti fotografici a cura <strong>Mario Di Giuseppe<\/strong>.<\/p>\n<p><object type=\"application\/x-shockwave-flash\" width=\"660\" height=\"660\" flashvars=\"host=picasaweb.google.com&amp;hl=it&amp;feat=flashalbum&amp;RGB=0x000000&amp;feed=https:\/\/picasaweb.google.com\/data\/feed\/api\/user\/104626251937098962566\/albumid\/5810565997281843105?alt=rss&amp;kind=photo&amp;authkey=Gv1sRgCIK2rJ2L8Nb37AE&amp;hl=it\" pluginspage=\"http:\/\/www.macromedia.com\/go\/getflashplayer\" data=\"https:\/\/picasaweb.google.com\/s\/c\/bin\/slideshow.swf\"><param name=\"movie\" value=\"https:\/\/picasaweb.google.com\/s\/c\/bin\/slideshow.swf\" \/><\/object><\/p>\n","protected":false},"excerpt":{"rendered":"","protected":false},"author":1,"featured_media":30700,"comment_status":"open","ping_status":"closed","sticky":false,"template":"","format":"standard","meta":{"colormag_page_container_layout":"default_layout","colormag_page_sidebar_layout":"default_layout","footnotes":""},"categories":[7],"tags":[],"class_list":["post-30734","post","type-post","status-publish","format-standard","has-post-thumbnail","hentry","category-attualita"],"_links":{"self":[{"href":"https:\/\/archiviogioia.lavocedelpaese.info\/index.php?rest_route=\/wp\/v2\/posts\/30734","targetHints":{"allow":["GET"]}}],"collection":[{"href":"https:\/\/archiviogioia.lavocedelpaese.info\/index.php?rest_route=\/wp\/v2\/posts"}],"about":[{"href":"https:\/\/archiviogioia.lavocedelpaese.info\/index.php?rest_route=\/wp\/v2\/types\/post"}],"author":[{"embeddable":true,"href":"https:\/\/archiviogioia.lavocedelpaese.info\/index.php?rest_route=\/wp\/v2\/users\/1"}],"replies":[{"embeddable":true,"href":"https:\/\/archiviogioia.lavocedelpaese.info\/index.php?rest_route=%2Fwp%2Fv2%2Fcomments&post=30734"}],"version-history":[{"count":0,"href":"https:\/\/archiviogioia.lavocedelpaese.info\/index.php?rest_route=\/wp\/v2\/posts\/30734\/revisions"}],"wp:featuredmedia":[{"embeddable":true,"href":"https:\/\/archiviogioia.lavocedelpaese.info\/index.php?rest_route=\/wp\/v2\/media\/30700"}],"wp:attachment":[{"href":"https:\/\/archiviogioia.lavocedelpaese.info\/index.php?rest_route=%2Fwp%2Fv2%2Fmedia&parent=30734"}],"wp:term":[{"taxonomy":"category","embeddable":true,"href":"https:\/\/archiviogioia.lavocedelpaese.info\/index.php?rest_route=%2Fwp%2Fv2%2Fcategories&post=30734"},{"taxonomy":"post_tag","embeddable":true,"href":"https:\/\/archiviogioia.lavocedelpaese.info\/index.php?rest_route=%2Fwp%2Fv2%2Ftags&post=30734"}],"curies":[{"name":"wp","href":"https:\/\/api.w.org\/{rel}","templated":true}]}}