{"id":30892,"date":"2012-11-17T08:07:36","date_gmt":"2012-11-17T08:07:36","guid":{"rendered":"https:\/\/archiviogioia.lavocedelpaese.info\/?p=30892"},"modified":"2012-11-17T08:07:36","modified_gmt":"2012-11-17T08:07:36","slug":"confine-rossini-anteprima-capace-di-emozionare-foto","status":"publish","type":"post","link":"https:\/\/archiviogioia.lavocedelpaese.info\/?p=30892","title":{"rendered":"\u201cConFine &#8211; ROSSINI\u201d, ANTEPRIMA CAPACE DI EMOZIONARE-foto"},"content":{"rendered":"<p><img loading=\"lazy\" decoding=\"async\" class=\" size-full wp-image-30880\" style=\"margin-right: 2px; margin-left: 2px;\" alt=\"confine-teatro-rossini-pp\" src=\"https:\/\/archiviogioia.lavocedelpaese.info\/wp-content\/uploads\/2012\/11\/confine-teatro-rossini-pp.jpg\" height=\"150\" width=\"320\" srcset=\"https:\/\/archiviogioia.lavocedelpaese.info\/wp-content\/uploads\/2012\/11\/confine-teatro-rossini-pp.jpg 640w, https:\/\/archiviogioia.lavocedelpaese.info\/wp-content\/uploads\/2012\/11\/confine-teatro-rossini-pp-300x141.jpg 300w\" sizes=\"auto, (max-width: 320px) 100vw, 320px\" \/><\/p>\n<p><!--more--><\/p>\n<p style=\"margin-bottom: 0.0001pt; text-align: justify; line-height: normal;\"><b><img loading=\"lazy\" decoding=\"async\" class=\" alignleft size-full wp-image-30884\" style=\"margin: 4px; float: left;\" alt=\"confine-de-giorgi\" src=\"https:\/\/archiviogioia.lavocedelpaese.info\/wp-content\/uploads\/2012\/11\/confine-de-giorgi.jpg\" height=\"236\" width=\"220\" srcset=\"https:\/\/archiviogioia.lavocedelpaese.info\/wp-content\/uploads\/2012\/11\/confine-de-giorgi.jpg 706w, https:\/\/archiviogioia.lavocedelpaese.info\/wp-content\/uploads\/2012\/11\/confine-de-giorgi-280x300.jpg 280w\" sizes=\"auto, (max-width: 220px) 100vw, 220px\" \/>\u00c8 sulla parola \u2018conFine\u2019 che l\u2019assessore alla cultura, Piera De Giorgi, si sofferma<\/b>. Confine come limite per poter andare oltre. Come limite per poter cercare l\u2019altrove. Confine come fine, finalit\u00e0, obiettivo \u2026 Scopo che si risolve nel momento dell\u2019incontro. Confine come \u2018ConFine \u2013 Rossini\u2019, <b>titolo della stagione teatrale 2012-2013, diretta dalla \u2018ResExtensa\u2019<\/b> \u2013 compagnia teatrale che abiter\u00e0 il teatro comunale \u2018Rossini\u2019 \u2013, <b>inaugurata nella serata di mercoled\u00ec 14 novembre<\/b>.<\/p>\n<p style=\"margin-bottom: 0.0001pt; text-align: justify; line-height: normal;\"><b>Una stagione che mira ad una rinascita<\/b>, ad un nuovo percorso di crescita, e di confronto. Che mira <b>alla cura del dettaglio<\/b>: \u201c[\u2026] Mi piacerebbe <b>riportare il teatro Rossini all\u2019attenzione della stagione teatrale<\/b> \u2018<b>La cura dell\u2019orlo<\/b>\u2019\u201d, in questi termini si esprime, nel suo discorso introduttivo, un\u2019emozionata Piera De Giorni.<\/p>\n<p style=\"margin-bottom: 0.0001pt; text-align: justify; line-height: normal;\"><b><img loading=\"lazy\" decoding=\"async\" class=\" alignright size-full wp-image-30886\" style=\"margin: 4px; float: right;\" alt=\"confine-attrice\" src=\"https:\/\/archiviogioia.lavocedelpaese.info\/wp-content\/uploads\/2012\/11\/confine-attrice.jpg\" height=\"248\" width=\"220\" srcset=\"https:\/\/archiviogioia.lavocedelpaese.info\/wp-content\/uploads\/2012\/11\/confine-attrice.jpg 672w, https:\/\/archiviogioia.lavocedelpaese.info\/wp-content\/uploads\/2012\/11\/confine-attrice-267x300.jpg 267w\" sizes=\"auto, (max-width: 220px) 100vw, 220px\" \/>E il viaggio, all\u2019insegna della cultura, inizia con un\u2019affascinante p\u00ecece<\/b>, data dall\u2019essenziale regia <b>di Carlo Bruni<\/b>, e interpretata dalla straordinaria <b>Nunzia Antonino<\/b>, accompagnata dalla raffinatezza musicale di <b>Paolo D\u2019Ascanio<\/b>.<\/p>\n<p style=\"margin-bottom: 0.0001pt; text-align: justify; line-height: normal;\"><b>Al centro la potenza espressiva delle parole<\/b>. Parole <b>piene e consistenti<\/b> \u2026 <b>Parole amare che parlano di un Italia che non \u00e8 capace di accogliere<\/b>, che parla della difesa della nostra identit\u00e0, fautrice di battaglie contro i kebab, ma promotrice, per paradosso, di patatine fritte e cheeseburger. Fautrice di una politica xenofoba che fa s\u00ec che la meravigliosa attrice affermi: \u201c[\u2026] <b>salviamo l\u2019Italia ormai priva di anima<\/b>\u201d.<\/p>\n<p style=\"margin-bottom: 0.0001pt; text-align: justify; line-height: normal;\"><b>E per redimerla, i libri, la poesia, la letteratura \u2026 la bellezza delle cose<\/b>. Guardare gli occhi che vi guardano e vi amano, guardare un bambino, per ricordare che \u201cQuando il bambino <img loading=\"lazy\" decoding=\"async\" class=\" alignleft size-full wp-image-30887\" style=\"margin: 4px; float: left;\" alt=\"confine-2-paolo\" src=\"https:\/\/archiviogioia.lavocedelpaese.info\/wp-content\/uploads\/2012\/11\/confine-2-paolo.jpg\" height=\"237\" width=\"220\" srcset=\"https:\/\/archiviogioia.lavocedelpaese.info\/wp-content\/uploads\/2012\/11\/confine-2-paolo.jpg 701w, https:\/\/archiviogioia.lavocedelpaese.info\/wp-content\/uploads\/2012\/11\/confine-2-paolo-278x300.jpg 278w\" sizes=\"auto, (max-width: 220px) 100vw, 220px\" \/>era bambino,\/ se ne andava a braccia appese. \/Voleva che il ruscello fosse un fiume,\/ il fiume un torrente,\/ e questa pozza il mare\u201d. Che: \u201cQuando il bambino era bambino,\/ era l\u2019epoca di queste domande:\/ Perch\u00e9 io sono io, e perch\u00e9 non sei tu?\u201d. E che: \u201c[\u2026] non riusciva ad immaginare il nulla,\/ ed oggi rabbrividisce al suo pensiero. [\u2026] Aveva timore davanti ad ogni estraneo,\/ e continua ad averne\u201d. E che infine: \u201cQuando il bambino era bambino,\/ lanciava contro l\u2019albero un bastone, come fosse una lancia.\/ E ancora continua a vibrare.\u201d, (P. Handke).<\/p>\n<p style=\"margin-bottom: 0.0001pt; text-align: justify; line-height: normal;\"><b>\u00c9 un viaggio nella memoria<\/b>, <b>quando i ricordi si fanno ombre lunghe del nostro breve corpo<\/b> \u2026 quando le rimembranze aiutano l\u2019attrice a capire che in un angolo del suo cervello c\u2019\u00e8 il tocco delicato di suo nonno, il quale le diceva sempre: \u201c[\u2026] <b>Ogn<\/b><b><img loading=\"lazy\" decoding=\"async\" class=\" alignright size-full wp-image-30889\" style=\"margin: 4px; float: right;\" alt=\"confine-2-paolo2\" src=\"https:\/\/archiviogioia.lavocedelpaese.info\/wp-content\/uploads\/2012\/11\/confine-2-paolo2.jpg\" height=\"252\" width=\"220\" srcset=\"https:\/\/archiviogioia.lavocedelpaese.info\/wp-content\/uploads\/2012\/11\/confine-2-paolo2.jpg 660w, https:\/\/archiviogioia.lavocedelpaese.info\/wp-content\/uploads\/2012\/11\/confine-2-paolo2-262x300.jpg 262w\" sizes=\"auto, (max-width: 220px) 100vw, 220px\" \/><\/b><b>uno deve lasciarsi dietro qualcosa<\/b>, in modo che qualcosa di buono porti l\u2019impronta del nostro passaggio\u201d. Perch\u00e9 <b>l\u2019appartenenza<\/b>, detta con Gaber, <b>non \u00e8 un insieme casuale di persone, ma \u00e8 avere gli altri dentro di s\u00e9<\/b>. Trattasi di un viaggio iniziatico, nel quale la meravigliosa attrice afferma che, in fondo, \u201ccadere per lei non \u00e8 mai stato un evento speciale\u201d.<\/p>\n<p style=\"margin-bottom: 0.0001pt; text-align: justify; line-height: normal;\"><b>Nell\u2019inciampo stonato, nel vuoto imprudente di un crollo interiore, ci si accorge che siamo noi ad avere nella nostra testa un muro<\/b>, e che avremmo tutto ci\u00f2 che occorre per essere felici, ma continua a mancarci sempre qualcosa.<\/p>\n<p style=\"margin-bottom: 0.0001pt; text-align: justify; line-height: normal;\"><b>E cos\u00ec tra gli eventi, le emozioni, i sentimenti<\/b>, di una vita che ha in s\u00e9 la forza dell\u2019universale, <b>si ritorna alle parole, ai libri, che ci offrono un riparo<\/b>. Alla loro forza salvifica. A Leopardi. A Montale. A quei versi che raccontano l\u2019amore: \u201c[\u2026] Ho sceso milioni di scale dandoti il braccio\/ non gi\u00e0 perch\u00e9 forse con quattr\u2019occhi si vede di pi\u00f9.\/ Con te le ho <img loading=\"lazy\" decoding=\"async\" class=\" alignleft size-full wp-image-30890\" style=\"margin: 4px; float: left;\" alt=\"confine-saluti\" src=\"https:\/\/archiviogioia.lavocedelpaese.info\/wp-content\/uploads\/2012\/11\/confine-saluti.jpg\" height=\"252\" width=\"300\" srcset=\"https:\/\/archiviogioia.lavocedelpaese.info\/wp-content\/uploads\/2012\/11\/confine-saluti.jpg 756w, https:\/\/archiviogioia.lavocedelpaese.info\/wp-content\/uploads\/2012\/11\/confine-saluti-300x252.jpg 300w\" sizes=\"auto, (max-width: 300px) 100vw, 300px\" \/>scese perch\u00e9 sapevo che di noi due\/ le sole vere pupille, sebbene tanto offuscate\/ erano le tue\u201d.<\/p>\n<p style=\"margin-bottom: 0.0001pt; text-align: justify; line-height: normal;\"><b>All\u2019augurio finale<\/b>, fattoci dagli stessi Nunzia Antonino e Paolo D\u2019Ascanio, <b>di una rivoluzione sentimentale nella quale riuscire ad essere liberi<\/b>. <b>E la libert\u00e0 di opinione<\/b>, di scelta, e di azione <b>cresce anche in un teatro intelligente<\/b>.<\/p>\n<p style=\"margin-bottom: 0.0001pt; text-align: justify; line-height: normal;\"><b>Un\u2019anteprima degna di nota<\/b>, capace di offrire molteplici spunti di riflessione. <b>Capace di emozionare<\/b>.<\/p>\n<p><object type=\"application\/x-shockwave-flash\" width=\"660\" height=\"660\" flashvars=\"host=picasaweb.google.com&amp;hl=it&amp;feat=flashalbum&amp;RGB=0x000000&amp;feed=https:\/\/picasaweb.google.com\/data\/feed\/api\/user\/104626251937098962566\/albumid\/5811782940041962609?alt=rss&amp;kind=photo&amp;authkey=Gv1sRgCJra1cna4_3fwAE&amp;hl=it\" pluginspage=\"http:\/\/www.macromedia.com\/go\/getflashplayer\" data=\"https:\/\/picasaweb.google.com\/s\/c\/bin\/slideshow.swf\"><param name=\"movie\" value=\"https:\/\/picasaweb.google.com\/s\/c\/bin\/slideshow.swf\" \/><\/object><\/p>\n","protected":false},"excerpt":{"rendered":"","protected":false},"author":1,"featured_media":30880,"comment_status":"open","ping_status":"closed","sticky":false,"template":"","format":"standard","meta":{"colormag_page_container_layout":"default_layout","colormag_page_sidebar_layout":"default_layout","footnotes":""},"categories":[6],"tags":[],"class_list":["post-30892","post","type-post","status-publish","format-standard","has-post-thumbnail","hentry","category-cultura"],"_links":{"self":[{"href":"https:\/\/archiviogioia.lavocedelpaese.info\/index.php?rest_route=\/wp\/v2\/posts\/30892","targetHints":{"allow":["GET"]}}],"collection":[{"href":"https:\/\/archiviogioia.lavocedelpaese.info\/index.php?rest_route=\/wp\/v2\/posts"}],"about":[{"href":"https:\/\/archiviogioia.lavocedelpaese.info\/index.php?rest_route=\/wp\/v2\/types\/post"}],"author":[{"embeddable":true,"href":"https:\/\/archiviogioia.lavocedelpaese.info\/index.php?rest_route=\/wp\/v2\/users\/1"}],"replies":[{"embeddable":true,"href":"https:\/\/archiviogioia.lavocedelpaese.info\/index.php?rest_route=%2Fwp%2Fv2%2Fcomments&post=30892"}],"version-history":[{"count":0,"href":"https:\/\/archiviogioia.lavocedelpaese.info\/index.php?rest_route=\/wp\/v2\/posts\/30892\/revisions"}],"wp:featuredmedia":[{"embeddable":true,"href":"https:\/\/archiviogioia.lavocedelpaese.info\/index.php?rest_route=\/wp\/v2\/media\/30880"}],"wp:attachment":[{"href":"https:\/\/archiviogioia.lavocedelpaese.info\/index.php?rest_route=%2Fwp%2Fv2%2Fmedia&parent=30892"}],"wp:term":[{"taxonomy":"category","embeddable":true,"href":"https:\/\/archiviogioia.lavocedelpaese.info\/index.php?rest_route=%2Fwp%2Fv2%2Fcategories&post=30892"},{"taxonomy":"post_tag","embeddable":true,"href":"https:\/\/archiviogioia.lavocedelpaese.info\/index.php?rest_route=%2Fwp%2Fv2%2Ftags&post=30892"}],"curies":[{"name":"wp","href":"https:\/\/api.w.org\/{rel}","templated":true}]}}