{"id":31261,"date":"2012-11-24T06:02:44","date_gmt":"2012-11-24T06:02:44","guid":{"rendered":"https:\/\/archiviogioia.lavocedelpaese.info\/?p=31261"},"modified":"2012-11-24T06:02:44","modified_gmt":"2012-11-24T06:02:44","slug":"vittorio-giannico-minaccia-il-suicidio-videofoto","status":"publish","type":"post","link":"https:\/\/archiviogioia.lavocedelpaese.info\/?p=31261","title":{"rendered":"VITTORIO GIANNICO MINACCIA IL SUICIDIO-video\/foto"},"content":{"rendered":"<p><img loading=\"lazy\" decoding=\"async\" class=\" size-full wp-image-31254\" style=\"margin-right: 2px; margin-left: 2px;\" alt=\"vittorio-giannico-la-sua-reggia-pp\" src=\"https:\/\/archiviogioia.lavocedelpaese.info\/wp-content\/uploads\/2012\/11\/vittorio-giannico-la-sua-reggia-pp.png\" height=\"150\" width=\"320\" srcset=\"https:\/\/archiviogioia.lavocedelpaese.info\/wp-content\/uploads\/2012\/11\/vittorio-giannico-la-sua-reggia-pp.png 640w, https:\/\/archiviogioia.lavocedelpaese.info\/wp-content\/uploads\/2012\/11\/vittorio-giannico-la-sua-reggia-pp-300x141.png 300w\" sizes=\"auto, (max-width: 320px) 100vw, 320px\" \/><\/p>\n<p><!--more--><\/p>\n<p style=\"text-align: justify;\"><b><img loading=\"lazy\" decoding=\"async\" class=\" alignleft size-full wp-image-31255\" style=\"margin: 4px; float: left;\" alt=\"vittorio-giannico-la-sua-reggia2\" src=\"https:\/\/archiviogioia.lavocedelpaese.info\/wp-content\/uploads\/2012\/11\/vittorio-giannico-la-sua-reggia2.JPG\" height=\"241\" width=\"320\" srcset=\"https:\/\/archiviogioia.lavocedelpaese.info\/wp-content\/uploads\/2012\/11\/vittorio-giannico-la-sua-reggia2.JPG 640w, https:\/\/archiviogioia.lavocedelpaese.info\/wp-content\/uploads\/2012\/11\/vittorio-giannico-la-sua-reggia2-300x226.jpg 300w\" sizes=\"auto, (max-width: 320px) 100vw, 320px\" \/>Giunge a poche ore dalla video-intervista rilasciata da Vittorio Giannico un comunicato<\/b> a firma di <strong>Leonardo D\u2019Erasmo<\/strong> nel quale si accenna ad una nota dei Servizi Sociali indirizzata alle Caritas parrocchiali e al <strong>Centro di Ascolto<\/strong> <b>per \u201csensibilizzare le comunit\u00e0 parrocchiali<\/b> <b>per reperire un alloggio per<\/b> alcuni cittadini che si trovano in particolari condizioni di disagio\u201d.<\/p>\n<p style=\"text-align: justify;\">\u201c\u2026<b>Persone sole, senza una rete familiare intorno, prive di mezzi di sostentamento o con entrate minime<\/b>, frutto di brevi lavori occasionali, desiderose di avere un semplice locale dove poter vivere pi\u00f9 dignitosamente, considerato che attualmente vivono in luoghi di fortuna, qualche rudere nelle campagne limitrofe o nella sala di aspetto della stazione ferroviaria e <b>che non possono o non vogliono accedere al dormitorio<\/b> gestito dal Centro di Ascolto\u201d.<\/p>\n<p style=\"text-align: justify;\"><b>Parrebbe l\u2019identikit di Vittorio Giannico, 43 anni <\/b>&#8211; tanti problemi familiari, <img loading=\"lazy\" decoding=\"async\" class=\" alignright size-full wp-image-31257\" style=\"margin: 4px; float: right;\" alt=\"vittorio-giannico-la-sua-reggia3\" src=\"https:\/\/archiviogioia.lavocedelpaese.info\/wp-content\/uploads\/2012\/11\/vittorio-giannico-la-sua-reggia3.JPG\" height=\"241\" width=\"320\" srcset=\"https:\/\/archiviogioia.lavocedelpaese.info\/wp-content\/uploads\/2012\/11\/vittorio-giannico-la-sua-reggia3.JPG 640w, https:\/\/archiviogioia.lavocedelpaese.info\/wp-content\/uploads\/2012\/11\/vittorio-giannico-la-sua-reggia3-300x226.jpg 300w\" sizes=\"auto, (max-width: 320px) 100vw, 320px\" \/>giudiziari e psicologici anestetizzati con l\u2019alcool, tanto da compromettere ulteriormente la salute.<\/p>\n<p style=\"text-align: justify;\"><b>Vittorio non ha strumenti per leggere quel che scriviamo o ascoltarsi, nel tugurio &#8211; per scelta o per destino &#8211; cui \u00e8 stato confinato<\/b>. Intorno le macerie di una vita colma di errori e scelte sbagliate, per amici scarafaggi e topi, <b>il futuro colmo di incognite<\/b>, proiettato sulle rotaie di un treno.<\/p>\n<p style=\"text-align: justify;\"><b>Un personaggio suo malgrado \u201cmediatico\u201d<\/b>, conosciuto dalle forze dell\u2019ordine e <b>salito agli \u201conori della cronaca\u201d nel 2008<\/b>, in occasione di un episodio costatogli l\u2019accusa di lesioni personali e minaccia aggravata nello stesso luogo in cui <b>vive oggi da \u201csorvegliato speciale\u201d<\/b>, la stazione ferroviaria, rifugio di homeless e sbandati.<\/p>\n<p style=\"text-align: justify;\">Ed \u00e8 ancora sui giornali a inizio novembre, <b>pronto a denunciare a gran voce il suo disagio e a lamentare la scarsa attenzione delle istituzioni<\/b> e dei <img loading=\"lazy\" decoding=\"async\" class=\" alignleft size-full wp-image-31258\" style=\"margin: 4px; float: left;\" alt=\"vittorio-giannico-la-sua-reggia4\" src=\"https:\/\/archiviogioia.lavocedelpaese.info\/wp-content\/uploads\/2012\/11\/vittorio-giannico-la-sua-reggia4.JPG\" height=\"241\" width=\"320\" srcset=\"https:\/\/archiviogioia.lavocedelpaese.info\/wp-content\/uploads\/2012\/11\/vittorio-giannico-la-sua-reggia4.JPG 640w, https:\/\/archiviogioia.lavocedelpaese.info\/wp-content\/uploads\/2012\/11\/vittorio-giannico-la-sua-reggia4-300x226.jpg 300w\" sizes=\"auto, (max-width: 320px) 100vw, 320px\" \/>Servizi sociali a chi versa nel suo stato.<\/p>\n<p style=\"text-align: justify;\"><b>Due volte la settimana, il marted\u00ec e il venerd\u00ec, \u00e8 ospite della mensa del Centro di Ascolto<\/b>, nei restanti giorni vive di carit\u00e0 ed espedienti.<\/p>\n<p style=\"text-align: justify;\"><b>Ospitarlo presso \u201dUn tetto per vivere\u201d<\/b>, anche a seguito di un episodio poco felice avvenuto in estate, prima del ricovero presso la struttura di Gravina, <b>non \u00e8 davvero possibile, cos\u00ec come non \u00e8 facile trovare chi ne abbia cura, anche \u201cpagando\u201d una retta<\/b>.<\/p>\n<p style=\"text-align: justify;\">Che si tratti di <b>una personalit\u00e0 problematica, non ci sono dubbi<\/b>, <b>che debba vivere da \u201crandagio\u201d per questo motivo<\/b> e che nessuno possa prendersene in carico le responsabilit\u00e0, <b>un po\u2019 meno<\/b>.<\/p>\n<p style=\"text-align: justify;\"><b>Nel comunicato leggiamo che il Comune \u00e8 alla ricerca di \u201calloggi minimi<\/b>, di vani a livello stradale, <b>purch\u00e9 dotati di servizi igienici e con canoni di <img loading=\"lazy\" decoding=\"async\" class=\" alignright size-full wp-image-31259\" style=\"margin: 4px; float: right;\" alt=\"vittorio-giannico-la-sua-reggia6\" src=\"https:\/\/archiviogioia.lavocedelpaese.info\/wp-content\/uploads\/2012\/11\/vittorio-giannico-la-sua-reggia6.JPG\" height=\"241\" width=\"320\" srcset=\"https:\/\/archiviogioia.lavocedelpaese.info\/wp-content\/uploads\/2012\/11\/vittorio-giannico-la-sua-reggia6.JPG 640w, https:\/\/archiviogioia.lavocedelpaese.info\/wp-content\/uploads\/2012\/11\/vittorio-giannico-la-sua-reggia6-300x226.jpg 300w\" sizes=\"auto, (max-width: 320px) 100vw, 320px\" \/>locazione accessibili<\/b>, ai quali, e solo a questi, provvederebbe il Comune individuando il pagamento per la formula pi\u00f9 tutelante per il proprietario\u201d.<\/p>\n<p style=\"text-align: justify;\"><b>Perch\u00e9 poi si siano messe anche in questi giorni all\u2019incanto, in dismissione, abitazioni di propriet\u00e0 comunale donate da benefattori proprio per usi \u201csociali\u201d, alcune con le identiche caratteristiche, svendute per poche migliaia di euro, resta un mistero<\/b>. Difficilmente, infatti, chi possiede locali idonei li mette a disposizione di chi demolisce porte ed in preda ai fumi dell\u2019alcool si abbandona a gesti inconsulti.<\/p>\n<p style=\"text-align: justify;\"><b>Il problema resta, ed \u00e8 un problema sociale che potrebbe generare ulteriori criticit\u00e0<\/b>\u2026 una soluzione, con l\u2019avvicinarsi dell\u2019inverno va trovata. Magari un camper dotato di minimi confort, un buono pasto e un buono settimanale per la lavanderia potrebbero sopperire all\u2019urgenza del momento in attesa di soluzioni migliori. <b>Un pasto caldo non lo si nega a nessuno, se necessario anche mutuato dalla mensa scolastica<\/b>, affidando al Sert, per quanto di competenza, le cure necessarie mai risolutive senza l\u2019apporto di una forte volont\u00e0 a contrasto della dipendenza da alcool, la pi\u00f9 devastante delle tossicodipendenze.<\/p>\n<p style=\"text-align: justify;\"><b>Lasciamo a Vittorio, alle immagini girate nella sua \u201ccasa\u201d la parola<\/b>.<\/p>\n<p><object width=\"640\" height=\"360\" data=\"https:\/\/www.youtube.com\/v\/ChbhUSZ_3w8?version=3&amp;hl=it_IT&amp;rel=0\" type=\"application\/x-shockwave-flash\"><param name=\"movie\" value=\"https:\/\/www.youtube.com\/v\/ChbhUSZ_3w8?version=3&amp;hl=it_IT&amp;rel=0\" \/><param name=\"allowFullScreen\" value=\"true\" \/><param name=\"allowscriptaccess\" value=\"always\" \/><\/object> <object type=\"application\/x-shockwave-flash\" width=\"660\" height=\"660\" flashvars=\"host=picasaweb.google.com&amp;hl=it&amp;feat=flashalbum&amp;RGB=0x000000&amp;feed=https:\/\/picasaweb.google.com\/data\/feed\/api\/user\/104626251937098962566\/albumid\/5813642102775557729?alt=rss&amp;kind=photo&amp;authkey=Gv1sRgCKKt-IWkwd37lgE&amp;hl=it\" pluginspage=\"http:\/\/www.macromedia.com\/go\/getflashplayer\" data=\"https:\/\/picasaweb.google.com\/s\/c\/bin\/slideshow.swf\"><param name=\"movie\" value=\"https:\/\/picasaweb.google.com\/s\/c\/bin\/slideshow.swf\" \/><\/object><\/p>\n","protected":false},"excerpt":{"rendered":"","protected":false},"author":1,"featured_media":31254,"comment_status":"open","ping_status":"closed","sticky":false,"template":"","format":"standard","meta":{"colormag_page_container_layout":"default_layout","colormag_page_sidebar_layout":"default_layout","footnotes":""},"categories":[4],"tags":[],"class_list":["post-31261","post","type-post","status-publish","format-standard","has-post-thumbnail","hentry","category-politica"],"_links":{"self":[{"href":"https:\/\/archiviogioia.lavocedelpaese.info\/index.php?rest_route=\/wp\/v2\/posts\/31261","targetHints":{"allow":["GET"]}}],"collection":[{"href":"https:\/\/archiviogioia.lavocedelpaese.info\/index.php?rest_route=\/wp\/v2\/posts"}],"about":[{"href":"https:\/\/archiviogioia.lavocedelpaese.info\/index.php?rest_route=\/wp\/v2\/types\/post"}],"author":[{"embeddable":true,"href":"https:\/\/archiviogioia.lavocedelpaese.info\/index.php?rest_route=\/wp\/v2\/users\/1"}],"replies":[{"embeddable":true,"href":"https:\/\/archiviogioia.lavocedelpaese.info\/index.php?rest_route=%2Fwp%2Fv2%2Fcomments&post=31261"}],"version-history":[{"count":0,"href":"https:\/\/archiviogioia.lavocedelpaese.info\/index.php?rest_route=\/wp\/v2\/posts\/31261\/revisions"}],"wp:featuredmedia":[{"embeddable":true,"href":"https:\/\/archiviogioia.lavocedelpaese.info\/index.php?rest_route=\/wp\/v2\/media\/31254"}],"wp:attachment":[{"href":"https:\/\/archiviogioia.lavocedelpaese.info\/index.php?rest_route=%2Fwp%2Fv2%2Fmedia&parent=31261"}],"wp:term":[{"taxonomy":"category","embeddable":true,"href":"https:\/\/archiviogioia.lavocedelpaese.info\/index.php?rest_route=%2Fwp%2Fv2%2Fcategories&post=31261"},{"taxonomy":"post_tag","embeddable":true,"href":"https:\/\/archiviogioia.lavocedelpaese.info\/index.php?rest_route=%2Fwp%2Fv2%2Ftags&post=31261"}],"curies":[{"name":"wp","href":"https:\/\/api.w.org\/{rel}","templated":true}]}}