{"id":31331,"date":"2012-11-24T05:45:24","date_gmt":"2012-11-24T05:45:24","guid":{"rendered":"https:\/\/archiviogioia.lavocedelpaese.info\/?p=31331"},"modified":"2012-11-24T05:45:24","modified_gmt":"2012-11-24T05:45:24","slug":"giovani-a-sudest-giornata-ricca-di-riflessioni-foto","status":"publish","type":"post","link":"https:\/\/archiviogioia.lavocedelpaese.info\/?p=31331","title":{"rendered":"\u201cGIOVANI A SUDEST\u201d, GIORNATA RICCA DI RIFLESSIONI-foto"},"content":{"rendered":"<p><img loading=\"lazy\" decoding=\"async\" class=\" size-full wp-image-31325\" style=\"margin-right: 2px; margin-left: 2px;\" height=\"150\" alt=\"giovani-a-sudest-2-parte\" src=\"https:\/\/archiviogioia.lavocedelpaese.info\/wp-content\/uploads\/2012\/11\/giovani-a-sudest-2-parte.png\" width=\"320\" srcset=\"https:\/\/archiviogioia.lavocedelpaese.info\/wp-content\/uploads\/2012\/11\/giovani-a-sudest-2-parte.png 640w, https:\/\/archiviogioia.lavocedelpaese.info\/wp-content\/uploads\/2012\/11\/giovani-a-sudest-2-parte-300x141.png 300w\" sizes=\"auto, (max-width: 320px) 100vw, 320px\" \/><\/p>\n<p><!--more--><\/p>\n<p style=\"margin-bottom: 0.0001pt; text-align: justify; line-height: normal;\"><b><img loading=\"lazy\" decoding=\"async\" class=\" alignleft size-full wp-image-30947\" style=\"margin: 4px; float: left;\" height=\"240\" alt=\"pino aprile giovani\" src=\"https:\/\/archiviogioia.lavocedelpaese.info\/wp-content\/uploads\/2012\/11\/pino_aprile_giovani.JPG\" width=\"320\" srcset=\"https:\/\/archiviogioia.lavocedelpaese.info\/wp-content\/uploads\/2012\/11\/pino_aprile_giovani.JPG 2048w, https:\/\/archiviogioia.lavocedelpaese.info\/wp-content\/uploads\/2012\/11\/pino_aprile_giovani-300x225.jpg 300w, https:\/\/archiviogioia.lavocedelpaese.info\/wp-content\/uploads\/2012\/11\/pino_aprile_giovani-1024x768.jpg 1024w, https:\/\/archiviogioia.lavocedelpaese.info\/wp-content\/uploads\/2012\/11\/pino_aprile_giovani-768x576.jpg 768w, https:\/\/archiviogioia.lavocedelpaese.info\/wp-content\/uploads\/2012\/11\/pino_aprile_giovani-1536x1152.jpg 1536w\" sizes=\"auto, (max-width: 320px) 100vw, 320px\" \/>Inizia con la presentazione del libro \u2018Mai pi\u00f9 terroni\u2019<\/b>, il pomeriggio nell\u2019ambito della manifestazione culturale \u2018<b>Giovani a SudEst: idee e politiche in movimento<\/b>\u2019, nata da un\u2019idea di <b>Giovanna Magistro<\/b>, vicepresidente della Meters Studi, in collaborazione con l\u2019assessorato alle politiche giovanili, nella persona di <b>Giuseppe Lenin Masi<\/b>, e le associazioni gioiesi: WWF, Ombre, Meridiana, Petali di Pietra, Murex e Laboratorio Urbano Bande\u00e0part.<\/p>\n<p style=\"margin-bottom: 0.0001pt; text-align: justify; line-height: normal;\">Ed \u00e8 Giovanna Magistro a presentare <b>l\u2019ultima fatica letteraria del gioiese Pino Aprile, \u2018Mai pi\u00f9 terroni\u2019<\/b>, edito Piemme nell\u2019anno corrente, che sembra <b>concludere un percorso che va da \u2018Terroni\u2019, best seller del 2010, passando da \u2018Gi\u00f9 a Sud\u2019<\/b>, per arrivare a quest\u2019ultimo.<\/p>\n<p style=\"margin-bottom: 0.0001pt; text-align: justify; line-height: normal;\">\u201c<b>Con Terroni ho voluto dimostrare ci\u00f2 che gi\u00e0 si sapeva<\/b>, e cio\u00e8 che la questione meridionale non viene risolta, perch\u00e9 \u00e8 funzionale all\u2019economia\u201d, cos\u00ec <img loading=\"lazy\" decoding=\"async\" class=\" alignright size-full wp-image-31327\" style=\"margin: 4px; float: right;\" height=\"240\" alt=\"giovani a sudest\" src=\"https:\/\/archiviogioia.lavocedelpaese.info\/wp-content\/uploads\/2012\/11\/giovani_a_sudest.JPG\" width=\"320\" srcset=\"https:\/\/archiviogioia.lavocedelpaese.info\/wp-content\/uploads\/2012\/11\/giovani_a_sudest.JPG 640w, https:\/\/archiviogioia.lavocedelpaese.info\/wp-content\/uploads\/2012\/11\/giovani_a_sudest-300x225.jpg 300w\" sizes=\"auto, (max-width: 320px) 100vw, 320px\" \/>si esprime l\u2019autore sul suo excursus letterario e storico. E aggiunge: \u201c<b>Non \u00e8 una questione irrisolvibile<\/b>, e questo l\u2019ha dimostrato la Germania che \u00e8 riuscita a sconfiggere la sua interna divisione tra est e ovest\u201d. Un muro che sembrava insormontabile, per loro; e una linea immaginaria per noi che sempre pi\u00f9 si fa sentire e che divide costantemente il nord e sud.<\/p>\n<p style=\"margin-bottom: 0.0001pt; text-align: justify; line-height: normal;\"><b>In \u2018Terroni\u2019 c\u2019\u00e8 la rabbia di chi sa che i meridionali non hanno saputo ribellarsi<\/b> nel momento in cui c\u2019era da ribellarsi, accumunata all\u2019esigenza di raccontare l\u2019Unit\u00e0 d\u2019Italia dalla prospettiva meridionale, perch\u00e9, in fondo <b>il modo in cui \u00e8 stata fatta l\u2019Italia, pesa ancora sul nostro sud<\/b>. Si sofferma sui mezzi di trasporto, e in particolare su Trenitalia, che offrono l\u2019alta velocit\u00e0 al nord, e treni lentissimi al sud. L\u2019alta velocit\u00e0 consentita persino ai quadrupedi <img loading=\"lazy\" decoding=\"async\" class=\" alignleft size-full wp-image-31328\" style=\"margin: 4px; float: left;\" height=\"240\" alt=\"giovani a sudest pino aprile\" src=\"https:\/\/archiviogioia.lavocedelpaese.info\/wp-content\/uploads\/2012\/11\/giovani_a_sudest_pino_aprile.JPG\" width=\"320\" srcset=\"https:\/\/archiviogioia.lavocedelpaese.info\/wp-content\/uploads\/2012\/11\/giovani_a_sudest_pino_aprile.JPG 640w, https:\/\/archiviogioia.lavocedelpaese.info\/wp-content\/uploads\/2012\/11\/giovani_a_sudest_pino_aprile-300x225.jpg 300w\" sizes=\"auto, (max-width: 320px) 100vw, 320px\" \/>di grossa taglia, ma non ai meridionali.<\/p>\n<p style=\"margin-bottom: 0.0001pt; text-align: justify; line-height: normal;\"><b>Di seguito passa a \u2018Gi\u00f9 al Sud\u2019, nel quale i cosiddetti terroni hanno preso coscienza della loro condizione<\/b>, perch\u00e9 \u00e8 il punto in cui i meridionali capiscono che la libert\u00e0 non viene data da nessuno, ma che va \u201cconquistata, strappata, tolta a chi non vuole prendertela [\u2026]\u201d.<\/p>\n<p style=\"margin-bottom: 0.0001pt; text-align: justify; line-height: normal;\">E continua: \u201c<b>In Mai pi\u00f9 terroni, infine, racconto, che finisce la questione meridionale, e finisce grazie ai giovani<\/b>\u201d. Importante \u00e8 la Rivoluzione informatica, perch\u00e9 <b>il computer \u00e8 quel luogo in cui non si ha n\u00e9 tempo n\u00e9 spazio<\/b> che riesce ad annullare le distanze. \u201c<b>E se non hai spazio, non esiste la geografia, non c\u2019\u00e8 n\u00e9 nord n\u00e9 sud: sei alla pari con chiunque<\/b>\u201d.<\/p>\n<p style=\"margin-bottom: 0.0001pt; text-align: justify; line-height: normal;\"><b>Guglielmo Minervini<\/b> \u2013 assessore regionale alle politiche giovanili \u2013, invece, <img loading=\"lazy\" decoding=\"async\" class=\" alignright size-full wp-image-31281\" style=\"margin: 4px; float: right;\" height=\"240\" alt=\"giovani a sudest4\" src=\"https:\/\/archiviogioia.lavocedelpaese.info\/wp-content\/uploads\/2012\/11\/giovani_a_sudest4.JPG\" width=\"320\" srcset=\"https:\/\/archiviogioia.lavocedelpaese.info\/wp-content\/uploads\/2012\/11\/giovani_a_sudest4.JPG 640w, https:\/\/archiviogioia.lavocedelpaese.info\/wp-content\/uploads\/2012\/11\/giovani_a_sudest4-300x225.jpg 300w\" sizes=\"auto, (max-width: 320px) 100vw, 320px\" \/>pone l\u2019attenzione sul fatto che sebbene ci sia la rivoluzione informatica, <b>c\u2019\u00e8 il dato di fatto che siamo in due Italia completamente differenti<\/b>. \u201cRispetto a queste due realt\u00e0, sono mancate due battaglie politiche differenti [\u2026]. C\u2019\u00e8 stata una schietta volont\u00e0 politica di realizzare condizioni differenti\u201d, cos\u00ec si esprime l\u2019assessore regionale.<\/p>\n<p style=\"margin-bottom: 0.0001pt; text-align: justify; line-height: normal;\"><b>Ricorda un significativo progetto di Bollenti Spiriti dal titolo \u2018Secondi a nessuno\u2019<\/b>, e di quanto la politica di Bollenti Spiriti sia stata la dimostrazione concreta di come le risorse giovani ci siano anche al sud.<\/p>\n<p style=\"margin-bottom: 0.0001pt; text-align: justify; line-height: normal;\"><b>Annibale D\u2019Elia<\/b>, nello staff di Bollenti Spiriti della regione Puglia, <b>sostiene che la forza di Bollenti Spiriti risiede nel fatto di essere una politica capace di produrre storie<\/b>, non solo di raccontarle. In riguardo <b>Vito Peragine<\/b>, docente di Economia e Finanza presso l\u2019Universit\u00e0 degli Studi di Bari, <b>afferma: \u201cRiconoscere il merito innalza ancora di pi\u00f9 le barriere esistenti. <img loading=\"lazy\" decoding=\"async\" class=\" alignleft size-full wp-image-31329\" style=\"margin: 4px; float: left;\" height=\"240\" alt=\"giovani a sudest alcool\" src=\"https:\/\/archiviogioia.lavocedelpaese.info\/wp-content\/uploads\/2012\/11\/giovani_a_sudest_alcool.JPG\" width=\"320\" srcset=\"https:\/\/archiviogioia.lavocedelpaese.info\/wp-content\/uploads\/2012\/11\/giovani_a_sudest_alcool.JPG 640w, https:\/\/archiviogioia.lavocedelpaese.info\/wp-content\/uploads\/2012\/11\/giovani_a_sudest_alcool-300x225.jpg 300w\" sizes=\"auto, (max-width: 320px) 100vw, 320px\" \/>Riflettere sul merito significa riflettere sulle circostanze, perch\u00e9 la diseguaglianza \u00e8 dovuta alla situazione di contesto\u201d<\/b>.<\/p>\n<p style=\"margin-bottom: 0.0001pt; text-align: justify; line-height: normal;\"><b>E la disuguaglianza \u00e8 alla base della scarsa mobilit\u00e0 sociale<\/b>: \u201cOggi stiamo attraversando un difficile momento storico \u2026 Uno spartiacque, <b>dopo il quale niente sar\u00e0 pi\u00f9 come prima, sar\u00e0 tutto diverso<\/b>. [\u2026] L\u2019Italia che sta reagendo alla crisi \u00e8 caratterizzata da una grande apertura\u201d, cos\u00ec si esprime Guglielmo Minervini. <b>Uno spartiacque dal quale dovrebbero nascere idee nuove<\/b>, perch\u00e9, come lo stesso aggiunge: \u201c<b>L\u2019innovazione nasce sempre dalla capacit\u00e0 di guardare con occhi diversi le cose<\/b> <b>che ci sono dinanzi<\/b>\u201d.<\/p>\n<p style=\"margin-bottom: 0.0001pt; text-align: justify; line-height: normal;\"><b>E sull\u2019innovazione e la valorizzazione delle nuove risorse verte il momento serale<\/b> di \u2018Giovani a SudEst: idee e politiche in movimento\u2019 data dalla chiamata alle arti \u2013 <b>mostra organizzata dall\u2019estro artistico di Pleroo<\/b>, che ha anche creato il singolare allestimento del chiostro stesso, <b>e Mario Pugliese<\/b> \u2013 di giovani artisti talentuosi.<\/p>\n<p><object width=\"640\" height=\"360\" data=\"https:\/\/www.youtube.com\/v\/QoYLkBTrXlw?version=3&amp;hl=it_IT&amp;rel=0\" type=\"application\/x-shockwave-flash\"><param name=\"movie\" value=\"https:\/\/www.youtube.com\/v\/QoYLkBTrXlw?version=3&amp;hl=it_IT&amp;rel=0\" \/><param name=\"allowFullScreen\" value=\"true\" \/><param name=\"allowscriptaccess\" value=\"always\" \/><\/object><\/p>\n<p><object type=\"application\/x-shockwave-flash\" width=\"660\" height=\"660\" flashvars=\"host=picasaweb.google.com&amp;hl=it&amp;feat=flashalbum&amp;RGB=0x000000&amp;feed=https:\/\/picasaweb.google.com\/data\/feed\/api\/user\/104626251937098962566\/albumid\/5814355572379442705?alt=rss&amp;kind=photo&amp;authkey=Gv1sRgCOPSnp7Jkanzfg&amp;hl=it\" pluginspage=\"http:\/\/www.macromedia.com\/go\/getflashplayer\" data=\"https:\/\/picasaweb.google.com\/s\/c\/bin\/slideshow.swf\"><param name=\"movie\" value=\"https:\/\/picasaweb.google.com\/s\/c\/bin\/slideshow.swf\" \/><\/object><\/p>\n","protected":false},"excerpt":{"rendered":"","protected":false},"author":1,"featured_media":31325,"comment_status":"open","ping_status":"closed","sticky":false,"template":"","format":"standard","meta":{"colormag_page_container_layout":"default_layout","colormag_page_sidebar_layout":"default_layout","footnotes":""},"categories":[4],"tags":[],"class_list":["post-31331","post","type-post","status-publish","format-standard","has-post-thumbnail","hentry","category-politica"],"_links":{"self":[{"href":"https:\/\/archiviogioia.lavocedelpaese.info\/index.php?rest_route=\/wp\/v2\/posts\/31331","targetHints":{"allow":["GET"]}}],"collection":[{"href":"https:\/\/archiviogioia.lavocedelpaese.info\/index.php?rest_route=\/wp\/v2\/posts"}],"about":[{"href":"https:\/\/archiviogioia.lavocedelpaese.info\/index.php?rest_route=\/wp\/v2\/types\/post"}],"author":[{"embeddable":true,"href":"https:\/\/archiviogioia.lavocedelpaese.info\/index.php?rest_route=\/wp\/v2\/users\/1"}],"replies":[{"embeddable":true,"href":"https:\/\/archiviogioia.lavocedelpaese.info\/index.php?rest_route=%2Fwp%2Fv2%2Fcomments&post=31331"}],"version-history":[{"count":0,"href":"https:\/\/archiviogioia.lavocedelpaese.info\/index.php?rest_route=\/wp\/v2\/posts\/31331\/revisions"}],"wp:featuredmedia":[{"embeddable":true,"href":"https:\/\/archiviogioia.lavocedelpaese.info\/index.php?rest_route=\/wp\/v2\/media\/31325"}],"wp:attachment":[{"href":"https:\/\/archiviogioia.lavocedelpaese.info\/index.php?rest_route=%2Fwp%2Fv2%2Fmedia&parent=31331"}],"wp:term":[{"taxonomy":"category","embeddable":true,"href":"https:\/\/archiviogioia.lavocedelpaese.info\/index.php?rest_route=%2Fwp%2Fv2%2Fcategories&post=31331"},{"taxonomy":"post_tag","embeddable":true,"href":"https:\/\/archiviogioia.lavocedelpaese.info\/index.php?rest_route=%2Fwp%2Fv2%2Ftags&post=31331"}],"curies":[{"name":"wp","href":"https:\/\/api.w.org\/{rel}","templated":true}]}}