{"id":31533,"date":"2012-11-27T05:20:11","date_gmt":"2012-11-27T05:20:11","guid":{"rendered":"https:\/\/archiviogioia.lavocedelpaese.info\/?p=31533"},"modified":"2012-11-27T05:20:11","modified_gmt":"2012-11-27T05:20:11","slug":"liceo-noi-studenti-siamo-confinati-in-una-bolla-4","status":"publish","type":"post","link":"https:\/\/archiviogioia.lavocedelpaese.info\/?p=31533","title":{"rendered":"LICEO: \u201cNOI STUDENTI SIAMO CONFINATI IN UNA \u2018BOLLA\u2019\u2026.\u201d"},"content":{"rendered":"<p><img loading=\"lazy\" decoding=\"async\" class=\" size-full wp-image-1444\" style=\"margin-right: 2px; margin-left: 2px;\" alt=\"liceo-classico\" src=\"https:\/\/archiviogioia.lavocedelpaese.info\/wp-content\/uploads\/2010\/04\/liceo-classico.jpg\" height=\"150\" width=\"320\" srcset=\"https:\/\/archiviogioia.lavocedelpaese.info\/wp-content\/uploads\/2010\/04\/liceo-classico.jpg 320w, https:\/\/archiviogioia.lavocedelpaese.info\/wp-content\/uploads\/2010\/04\/liceo-classico-300x141.jpg 300w\" sizes=\"auto, (max-width: 320px) 100vw, 320px\" \/><\/p>\n<p style=\"text-align: justify;\">\n<!--more-->\n<\/p>\n<p style=\"text-align: justify;\"><strong>Riceviamo e pubblichiamo una misssiva inviata in Redazione da uno studente del Liceo Classico<\/strong> Publio Virgilio Marone, in cui <strong>si analizza lo &#8220;stato di salute&#8221;<\/strong> del pi\u00f9 prestigioso Istituto scolastico gioiese e <strong>i malesseri che pervadono gli stessi studenti<\/strong>. Un istituto in cui, a detta dello scrivente, <strong>gli studenti vivono<\/strong><span><strong> &#8220;in una &#8216;bolla&#8217;<\/strong>, in una dimensione quasi extratemporale e parallela <strong>dove parlare di ci\u00f2 che accade al di fuori rasenta il tab\u00f9<\/strong>&#8230;&#8221;. Buona lettura a tutti.<\/span><\/p>\n<p style=\"text-align: center;\"><span>&nbsp;<\/span> &#8212;&#8212;&#8212;&#8212;&#8212;&#8212;&#8212;&#8212;&#8212;&#8212;&#8212;&#8212;&#8212;<\/p>\n<p style=\"text-align: justify;\">Gentile Redazione di Gioia Net,<\/p>\n<p style=\"text-align: justify;\">\u00e8 con piacere che ho potuto constatare l\u2019interesse del vostro giornale in merito alle condizioni ignominiose della struttura del Liceo Classico Publio Virgilio Marone. Accolgo quindi la gentile proposta avanzataci dalla Redazione, allorquando &#8211; in un commento relativo al crollo del soffitto del secondo piano &#8211; siamo stati invitati in qualit\u00e0 di studenti a fornire le nostre osservazioni.<\/p>\n<p style=\"text-align: justify;\">A mio modesto avviso, l\u2019episodio di pochi giorni fa non \u00e8 soltanto indice dell\u2019incuria in cui il Virgilio Marone versa, tanto da essere un edificio pressoch\u00e9 inagibile; al contrario, esso \u00e8 sintomo di una decadenza sempre pi\u00f9 generalizzata, che concerne solo in minima parte la struttura in s\u00e9. Il \u201cmale\u201d che corrode il Liceo Classico dall\u2019interno possiede una cos\u00ec vasta fisionomia da non poter essere descritto in maniera univoca. Certo \u00e8 che si manifesta per mezzo di una grande variet\u00e0 di sintomi, non ultimo la paralisi che pare investire, pur con le debite eccezioni, il corpo docenti.<\/p>\n<p style=\"text-align: justify;\">Il problema edilizio, emerso di recente cos\u00ec tanto prepotentemente, ha portato in superficie l\u2019inedia di buona parte di una docenza gi\u00e0 debilitata da accenti individualistici: la linea di demarcazione tra alcuni di\u201cloro\u201d e noi si traduce in quell\u2019incomunicabilit\u00e0 che alimenta un clima asfittico, anzich\u00e9 di crescita personale. Non mancano gli insegnanti che riversano sui giovani le proprie ansie e frustrazioni, rifuggendo volontariamente la predisposizione alla cooperazione che sarebbe salvifica per ambo le parti.<\/p>\n<p style=\"text-align: justify;\">Noi &nbsp;alunni siamo adulti in divenire, e prenderemo il loro posto nella societ\u00e0 del futuro, in un contesto che gi\u00e0 si prospetta tutt\u2019altro che roseo: teoricamente spetterebbe a loro (dovrebbe essere un imperativo morale) darci i mezzi per decodificare la realt\u00e0, contribuire alla nostra formazione ideologica con nozioni che esulino dal mero nozionismo. Io credo che la (pur necessaria) maratona di voti, compiti in classe ed interrogazioni abbia relegato sullo sfondo il vero scopo dell\u2019istruzione: l\u2019acquisizione di un bagaglio culturale che abbia per noi la valenza di un metaforico paio di occhiali con cui guardare al mondo.<\/p>\n<p style=\"text-align: justify;\">Il Liceo Classico di Gioia, coi suoi meccanismi fallaci, \u00e8 di fatto l\u2019opposto: una fucina di valutazioni che non riesce a trasmetterci altro al di fuori di un\u2019erudizione sterile. E noi, cui toccher\u00e0 affrontare il domani, siamo retrocessi ad automi, a ripetitori di nomi e date di cui a breve non rimane ricordo alcuno.<\/p>\n<p style=\"text-align: justify;\">Il Publio Virgilio Marone ha, almeno localmente, una nomea di austera compostezza: ma non occorre aguzzare troppo la vista per comprendere che \u00e8 un simulacro vano, obsoleto ed autorevole solo nella forma. Quel che \u00e8 peggio, si tratta di un\u2019 istituzione che pretende di soffocare qualsiasi spunto critico, propagandando un fantomatico ideale di contegno e dignit\u00e0 &nbsp;al fine di dissimulare le proprie carenze.<\/p>\n<p>Noi studenti siamo confinati in una \u201cbolla\u201d, in una dimensione quasi extratemporale e parallela dove parlare di ci\u00f2 che accade al di fuori rasenta il tab\u00f9: politica e problemi sociali, argomenti imprescindibili per noi che saremo chiamati a gestire l\u2019attualit\u00e0, sono guardati con sospetta circospezione. Le ipotetiche (?) analogie con un qualsivoglia regime totalitario le lascio a chiunque legger\u00e0 questo mio futile ma doveroso intervento. Frattanto vi ringrazio per l\u2019attenzione e l\u2019eventuale pubblicazione.<\/p>\n<p style=\"text-align: left;\">&nbsp; &nbsp; &nbsp; &nbsp; &nbsp; &nbsp; &nbsp; &nbsp; &nbsp; &nbsp; &nbsp; &nbsp; &nbsp; &nbsp; &nbsp; &nbsp; &nbsp; &nbsp; &nbsp; &nbsp; &nbsp; &nbsp; &nbsp; &nbsp; &nbsp; &nbsp; &nbsp; &nbsp; &nbsp; &nbsp; &nbsp; &nbsp; &nbsp; &nbsp; &nbsp; &nbsp; &nbsp; &nbsp; &nbsp; &nbsp; &nbsp; &nbsp; &nbsp; &nbsp; &nbsp; &nbsp; &nbsp; &nbsp; &nbsp; &nbsp; &nbsp; &nbsp; &nbsp; &nbsp; &nbsp; &nbsp; &nbsp; &nbsp; &nbsp; &nbsp; &nbsp; &nbsp; &nbsp; &nbsp; &nbsp; &nbsp; &nbsp; &nbsp; &nbsp; &nbsp; &nbsp; &nbsp; &nbsp;Distinti saluti<\/p>\n<p>&nbsp;<\/p>\n<p>&nbsp;<\/p>\n","protected":false},"excerpt":{"rendered":"","protected":false},"author":1,"featured_media":1444,"comment_status":"open","ping_status":"closed","sticky":false,"template":"","format":"standard","meta":{"colormag_page_container_layout":"default_layout","colormag_page_sidebar_layout":"default_layout","footnotes":""},"categories":[6],"tags":[],"class_list":["post-31533","post","type-post","status-publish","format-standard","has-post-thumbnail","hentry","category-cultura"],"_links":{"self":[{"href":"https:\/\/archiviogioia.lavocedelpaese.info\/index.php?rest_route=\/wp\/v2\/posts\/31533","targetHints":{"allow":["GET"]}}],"collection":[{"href":"https:\/\/archiviogioia.lavocedelpaese.info\/index.php?rest_route=\/wp\/v2\/posts"}],"about":[{"href":"https:\/\/archiviogioia.lavocedelpaese.info\/index.php?rest_route=\/wp\/v2\/types\/post"}],"author":[{"embeddable":true,"href":"https:\/\/archiviogioia.lavocedelpaese.info\/index.php?rest_route=\/wp\/v2\/users\/1"}],"replies":[{"embeddable":true,"href":"https:\/\/archiviogioia.lavocedelpaese.info\/index.php?rest_route=%2Fwp%2Fv2%2Fcomments&post=31533"}],"version-history":[{"count":0,"href":"https:\/\/archiviogioia.lavocedelpaese.info\/index.php?rest_route=\/wp\/v2\/posts\/31533\/revisions"}],"wp:featuredmedia":[{"embeddable":true,"href":"https:\/\/archiviogioia.lavocedelpaese.info\/index.php?rest_route=\/wp\/v2\/media\/1444"}],"wp:attachment":[{"href":"https:\/\/archiviogioia.lavocedelpaese.info\/index.php?rest_route=%2Fwp%2Fv2%2Fmedia&parent=31533"}],"wp:term":[{"taxonomy":"category","embeddable":true,"href":"https:\/\/archiviogioia.lavocedelpaese.info\/index.php?rest_route=%2Fwp%2Fv2%2Fcategories&post=31533"},{"taxonomy":"post_tag","embeddable":true,"href":"https:\/\/archiviogioia.lavocedelpaese.info\/index.php?rest_route=%2Fwp%2Fv2%2Ftags&post=31533"}],"curies":[{"name":"wp","href":"https:\/\/api.w.org\/{rel}","templated":true}]}}